{"id":46,"date":"2010-12-14T18:21:06","date_gmt":"2010-12-14T20:21:06","guid":{"rendered":"http:\/\/www.encontrasaobernardo.com.br\/noticias\/?p=46"},"modified":"2019-04-12T16:45:52","modified_gmt":"2019-04-12T19:45:52","slug":"inauguracao-da-arvore-de-natal-de-sao-bernardo-reune-2-mil-pessoas","status":"publish","type":"post","link":"https:\/\/www.encontrasaobernardo.com.br\/sobre\/inauguracao-da-arvore-de-natal-de-sao-bernardo-reune-2-mil-pessoas\/","title":{"rendered":"Inaugura\u00e7\u00e3o da \u00c1rvore de Natal de S\u00e3o Bernardo re\u00fane 2 mil pessoas"},"content":{"rendered":"<div class=\"b7a9cc72b38518383f4213f1240ff05a\" data-index=\"1\" style=\"float: none; margin:0px;\">\n<!-- Anuncio display - global -->\r\n<ins class=\"adsbygoogle\"\r\n     style=\"display:block\"\r\n     data-ad-client=\"ca-pub-8585364105181520\"\r\n     data-ad-slot=\"8789329856\"\r\n     data-ad-format=\"auto\"\r\n     data-full-width-responsive=\"true\"><\/ins>\r\n<script>\r\n     (adsbygoogle = window.adsbygoogle || []).push({});\r\n<\/script>\n<\/div>\n<p>Cerca de duas mil pessoas prestigiaram a inaugura\u00e7\u00e3o, na noite desta sexta-feira (10\/12), da mais nova atra\u00e7\u00e3o de S\u00e3o Bernardo do Campo, a \u00c1rvore de Natal localizada na Esplanada do Pa\u00e7o Municipal. A estr\u00e9ia da \u00c1rvore, que tem impressionantes 41 metros &#8211; apenas a estrela no topo tem 4 metros &#8211; e possui um sistema de ilumina\u00e7\u00e3o e som especiais, marca o in\u00edcio dos festejos natalinos na cidade. O prefeito do munic\u00edpio esteve presente \u00e0 cerim\u00f4nia, que tamb\u00e9m contou com apresenta\u00e7\u00f5es art\u00edsticas e celebra\u00e7\u00e3o de missa por Dom Nelson Westrupp, da Diocese de Santo Andr\u00e9.<\/p>\n<p>O sistema de ilumina\u00e7\u00e3o da \u00c1rvore da Esplanada utiliza a mesma tecnologia das \u00e1rvores de Natal do Ibirapuera e da Ponte Estaiada, em S\u00e3o Paulo. A ilumina\u00e7\u00e3o \u00e9 feita atrav\u00e9s do Sistema RGB (sigla em Ingl\u00eas que significa vermelho, verde e azul, tr\u00eas das cores b\u00e1sicas), computadorizado e de LED string de alto brilho, o que permite a reprodu\u00e7\u00e3o de imagens de grande impacto e vis\u00edveis \u00e0 longa dist\u00e2ncia. Tamb\u00e9m possui intensidade luminosa superior a de l\u00e2mpadas normais, mas com um consumo de energia cerca de 90% menor.<\/p>\n<p>O p\u00fablico que visitar a Esplanada do Pa\u00e7o tamb\u00e9m ir\u00e1 se surpreender com imagens e frases de felicita\u00e7\u00e3o que ser\u00e3o constantemente projetadas no corpo da \u00c1rvore de Natal. Outra novidade fica por conta do sistema de sonoriza\u00e7\u00e3o Line Array, distribu\u00eddo ao redor da estrutura met\u00e1lica e que vai reproduzir muita m\u00fasica natalina.<\/p>\n<p>Al\u00e9m da beleza da atra\u00e7\u00e3o, que ficar\u00e1 at\u00e9 o dia 8 de janeiro no Pa\u00e7o, o prefeito destacou a confraterniza\u00e7\u00e3o e a solidariedade que eventos como esse podem proporcionar entre os cidad\u00e3os. &#8220;O poder p\u00fablico tamb\u00e9m tem o dever de viabilizar atividades que levam \u00e0 reflex\u00e3o. Vamos trabalhar para que todos os anos a \u00c1rvore de Natal seja montada e que esta atividade se torne uma heran\u00e7a cultural&#8221;, afirmou.<\/p>\n<p>Segundo a professora Silmara Aparecida Torres, presente \u00e0 inaugura\u00e7\u00e3o, o Pa\u00e7o ficou muito mais bonito com a nova ilumina\u00e7\u00e3o. &#8220;Sempre passo por aqui, e este ano fiz quest\u00e3o de vir prestigiar a celebra\u00e7\u00e3o e trazer as crian\u00e7as para apreciar a decora\u00e7\u00e3o de Natal&#8221;, disse.<\/p>\n<p>Durante a atividade, o p\u00fablico p\u00f4de conferir a apresenta\u00e7\u00e3o da Orquestra de Violeiros de S\u00e3o Bernardo, com o grupo da Associa\u00e7\u00e3o dos Metal\u00fargicos Aposentados (A.M.A) e uma grande queima de fogos. A apresenta\u00e7\u00e3o das &#8220;Garotinhas de Ouro&#8221;, de Santa Catarina, encerrou a programa\u00e7\u00e3o da noite.<\/p>\n<p>As celebra\u00e7\u00f5es natalinas, no entanto, continuam do dia 11 at\u00e9 19 de dezembro, com shows musicais e culturais de grupos e bandas da cidade, sempre a partir das 19h. Para melhor atender a popula\u00e7\u00e3o, a Esplanada do Pa\u00e7o Municipal ter\u00e1 uma pra\u00e7a de alimenta\u00e7\u00e3o e um ponto de exposi\u00e7\u00e3o e venda de artesanatos da Associa\u00e7\u00e3o Arte que Faz.<\/p>\n<p>Papai Noel \u2013 A novidade deste ano ser\u00e1 a campanha de arrecada\u00e7\u00e3o de brinquedos com a presen\u00e7a do Papai Noel, que ficar\u00e1 no Pa\u00e7o Municipal, na entrada do Teatro Cacilda Becker, entre os dias 11 e 23 de dezembro, das 17h \u00e0s 20h, e no dia 24, das 14h \u00e0s 17h. Quem doar um brinquedo novo ou usado em bom estado ganhar\u00e1 uma foto com o Papai Noel. Os donativos ser\u00e3o distribu\u00eddos \u00e0s entidades assistenciais do munic\u00edpio. A iniciativa \u00e9 uma realiza\u00e7\u00e3o do Sindicato dos Metal\u00fargicos do ABC, com o apoio da Prefeitura de S\u00e3o Bernardo e SBCTrans.<\/p>\n<p>Confira a programa\u00e7\u00e3o abaixo:<\/p>\n<p>11 a 19\/12:<\/p>\n<p>A partir das 19h \u2013 Shows musicais e culturais com grupos e bandas da cidade<\/p>\n<p>8\/1:<\/p>\n<p>A partir das 10h \u2013 Encontro de Folias de Reis de S\u00e3o Bernardo e folias convidadas do Estado de S\u00e3o Paulo<\/p>\n<p>Local dos Eventos: Esplanada do Pa\u00e7o Municipal<\/p>\n<p>Endere\u00e7o: Pra\u00e7a Samuel Sabatini, s\/n\u00ba &#8211; Centro<\/p>\n<p><em>Fonte: Prefeitura de S\u00e3o Bernardo<\/em><\/p>\n<div><span style=\"font-family: arial, helvetica; line-height: normal;\"><br \/>\n<\/span><\/div>\n\n<div style=\"font-size: 0px; height: 0px; line-height: 0px; margin: 0; padding: 0; clear: both;\"><\/div>","protected":false},"excerpt":{"rendered":"<p>Cerca de duas mil pessoas prestigiaram a inaugura\u00e7\u00e3o, na noite desta sexta-feira (10\/12), da mais nova atra\u00e7\u00e3o de S\u00e3o Bernardo do Campo, a \u00c1rvore de Natal localizada na Esplanada do Pa\u00e7o Municipal. A estr\u00e9ia da \u00c1rvore, que tem impressionantes 41 metros &#8211; apenas a estrela no topo tem 4 metros &#8211; e possui um sistema de ilumina\u00e7\u00e3o e som especiais, marca o in\u00edcio dos festejos natalinos na cidade. O prefeito do munic\u00edpio esteve presente \u00e0 cerim\u00f4nia, que tamb\u00e9m contou com apresenta\u00e7\u00f5es art\u00edsticas e celebra\u00e7\u00e3o de missa por Dom Nelson Westrupp, da Diocese de Santo Andr\u00e9. O sistema de ilumina\u00e7\u00e3o da <\/p>\n","protected":false},"author":1,"featured_media":0,"comment_status":"open","ping_status":"closed","sticky":false,"template":"","format":"standard","meta":{"footnotes":""},"categories":[6],"tags":[14],"class_list":["post-46","post","type-post","status-publish","format-standard","hentry","category-noticias-em-sao-bernardo","tag-sao-bernardo"],"aioseo_notices":[],"_links":{"self":[{"href":"https:\/\/www.encontrasaobernardo.com.br\/sobre\/wp-json\/wp\/v2\/posts\/46","targetHints":{"allow":["GET"]}}],"collection":[{"href":"https:\/\/www.encontrasaobernardo.com.br\/sobre\/wp-json\/wp\/v2\/posts"}],"about":[{"href":"https:\/\/www.encontrasaobernardo.com.br\/sobre\/wp-json\/wp\/v2\/types\/post"}],"author":[{"embeddable":true,"href":"https:\/\/www.encontrasaobernardo.com.br\/sobre\/wp-json\/wp\/v2\/users\/1"}],"replies":[{"embeddable":true,"href":"https:\/\/www.encontrasaobernardo.com.br\/sobre\/wp-json\/wp\/v2\/comments?post=46"}],"version-history":[{"count":0,"href":"https:\/\/www.encontrasaobernardo.com.br\/sobre\/wp-json\/wp\/v2\/posts\/46\/revisions"}],"wp:attachment":[{"href":"https:\/\/www.encontrasaobernardo.com.br\/sobre\/wp-json\/wp\/v2\/media?parent=46"}],"wp:term":[{"taxonomy":"category","embeddable":true,"href":"https:\/\/www.encontrasaobernardo.com.br\/sobre\/wp-json\/wp\/v2\/categories?post=46"},{"taxonomy":"post_tag","embeddable":true,"href":"https:\/\/www.encontrasaobernardo.com.br\/sobre\/wp-json\/wp\/v2\/tags?post=46"}],"curies":[{"name":"wp","href":"https:\/\/api.w.org\/{rel}","templated":true}]}}