{"id":452,"date":"2011-09-06T19:20:10","date_gmt":"2011-09-06T22:20:10","guid":{"rendered":"http:\/\/www.encontrasaobernardo.com.br\/noticias\/?p=452"},"modified":"2019-04-12T16:43:59","modified_gmt":"2019-04-12T19:43:59","slug":"procissao-atrai-3-000-em-nome-da-fe-em-sao-bernardo","status":"publish","type":"post","link":"https:\/\/www.encontrasaobernardo.com.br\/sobre\/procissao-atrai-3-000-em-nome-da-fe-em-sao-bernardo\/","title":{"rendered":"Prociss\u00e3o atrai 3.000 em nome da f\u00e9 em S\u00e3o Bernardo"},"content":{"rendered":"<div class=\"b7a9cc72b38518383f4213f1240ff05a\" data-index=\"1\" style=\"float: none; margin:0px;\">\n<!-- Anuncio display - global -->\r\n<ins class=\"adsbygoogle\"\r\n     style=\"display:block\"\r\n     data-ad-client=\"ca-pub-8585364105181520\"\r\n     data-ad-slot=\"8789329856\"\r\n     data-ad-format=\"auto\"\r\n     data-full-width-responsive=\"true\"><\/ins>\r\n<script>\r\n     (adsbygoogle = window.adsbygoogle || []).push({});\r\n<\/script>\n<\/div>\n<p>Cerca de 3.000 pessoas participaram ontem da Prociss\u00e3o dos Carroceiros, que homenageia Nossa Senhora da Boa Viagem. Ap\u00f3s missa realizada na Par\u00f3quia Menino Jesus, no Centro da cidade S\u00e3o Bernardo, o cortejo seguiu em dire\u00e7\u00e3o \u00e0 Igreja Matriz, no Centro. Fi\u00e9is acompanharam o trajeto de seis quil\u00f4metros a p\u00e9, de\u00a0carro ou a cavalo.<\/p>\n<p>A atividade,\u00a0tradicional no munic\u00edpio, \u00e9 realizada desde 1917. &#8220;Nossa Senhora da Boa Viagem aben\u00e7oa os meios de transporte. Ela nos acompanha nos caminhos da vida&#8221;, explica o padre Giuseppe Bortolato.<\/p>\n<p>Montado em um cavalo marrom, o vice-prefeito e secret\u00e1rio de Cultura, Frank Aguiar, acompanhou a atividade. &#8220;Sou devoto da santa pois sou um eterno viajante.&#8221; Ele ressaltou tamb\u00e9m o lado cultural da festividade. &#8220;Isso aqui \u00e9 a pura express\u00e3o da cultura do nosso\u00a0Brasil, que \u00e9 conhecida pela diversidade&#8221;, acrescentou.<\/p>\n<p>O caminho at\u00e9 o Centro foi marcado pela emo\u00e7\u00e3o dos fi\u00e9is, que embelezaram o caminho com as bandeirinhas levantadas. A dona de casa Maria do Socorro Silva, 60 anos, participa do evento h\u00e1 15. Em 2011, ela ganhou mais um motivo para ir \u00e0 prociss\u00e3o. Um de seus\u00a0filhos est\u00e1 morando em Luanda, na \u00c1frica, a trabalho. &#8220;Venho agradecer as conquistas e rezar para que tudo d\u00ea certo nas viagens dele, principalmente na volta.&#8221;<\/p>\n<p>A cartor\u00e1ria Ana Benini, 56, herdou da av\u00f3 a devo\u00e7\u00e3o pela santa e o h\u00e1bito de acompanhar o cortejo. Desde a inf\u00e2ncia, ela frequenta a prociss\u00e3o anualmente, pr\u00e1tica que foi passada para os filhos.<\/p>\n<p>Pessoas de diferentes cantos do Estado acompanharam o evento. Entre as caravanas, vieram grupos de Ibi\u00fana, Suzano, Caconde e Americana, al\u00e9m de outras cidades da regi\u00e3o e da Capital.<\/p>\n<p><em>Fonte: Di\u00e1rio do Grande ABC<\/em><\/p>\n\n<div style=\"font-size: 0px; height: 0px; line-height: 0px; margin: 0; padding: 0; clear: both;\"><\/div>","protected":false},"excerpt":{"rendered":"<p>Cerca de 3.000 pessoas participaram ontem da Prociss\u00e3o dos Carroceiros, que homenageia Nossa Senhora da Boa Viagem. Ap\u00f3s missa realizada na Par\u00f3quia Menino Jesus, no Centro da cidade S\u00e3o Bernardo, o cortejo seguiu em dire\u00e7\u00e3o \u00e0 Igreja Matriz, no Centro. Fi\u00e9is acompanharam o trajeto de seis quil\u00f4metros a p\u00e9, de\u00a0carro ou a cavalo. A atividade,\u00a0tradicional no munic\u00edpio, \u00e9 realizada desde 1917. &#8220;Nossa Senhora da Boa Viagem aben\u00e7oa os meios de transporte. Ela nos acompanha nos caminhos da vida&#8221;, explica o padre Giuseppe Bortolato. Montado em um cavalo marrom, o vice-prefeito e secret\u00e1rio de Cultura, Frank Aguiar, acompanhou a atividade. &#8220;Sou <\/p>\n","protected":false},"author":1,"featured_media":0,"comment_status":"open","ping_status":"closed","sticky":false,"template":"","format":"standard","meta":{"footnotes":""},"categories":[6],"tags":[14],"class_list":["post-452","post","type-post","status-publish","format-standard","hentry","category-noticias-em-sao-bernardo","tag-sao-bernardo"],"aioseo_notices":[],"_links":{"self":[{"href":"https:\/\/www.encontrasaobernardo.com.br\/sobre\/wp-json\/wp\/v2\/posts\/452","targetHints":{"allow":["GET"]}}],"collection":[{"href":"https:\/\/www.encontrasaobernardo.com.br\/sobre\/wp-json\/wp\/v2\/posts"}],"about":[{"href":"https:\/\/www.encontrasaobernardo.com.br\/sobre\/wp-json\/wp\/v2\/types\/post"}],"author":[{"embeddable":true,"href":"https:\/\/www.encontrasaobernardo.com.br\/sobre\/wp-json\/wp\/v2\/users\/1"}],"replies":[{"embeddable":true,"href":"https:\/\/www.encontrasaobernardo.com.br\/sobre\/wp-json\/wp\/v2\/comments?post=452"}],"version-history":[{"count":0,"href":"https:\/\/www.encontrasaobernardo.com.br\/sobre\/wp-json\/wp\/v2\/posts\/452\/revisions"}],"wp:attachment":[{"href":"https:\/\/www.encontrasaobernardo.com.br\/sobre\/wp-json\/wp\/v2\/media?parent=452"}],"wp:term":[{"taxonomy":"category","embeddable":true,"href":"https:\/\/www.encontrasaobernardo.com.br\/sobre\/wp-json\/wp\/v2\/categories?post=452"},{"taxonomy":"post_tag","embeddable":true,"href":"https:\/\/www.encontrasaobernardo.com.br\/sobre\/wp-json\/wp\/v2\/tags?post=452"}],"curies":[{"name":"wp","href":"https:\/\/api.w.org\/{rel}","templated":true}]}}