{"id":441,"date":"2011-08-30T13:55:27","date_gmt":"2011-08-30T16:55:27","guid":{"rendered":"http:\/\/www.encontrasaobernardo.com.br\/noticias\/?p=441"},"modified":"2019-04-12T16:43:59","modified_gmt":"2019-04-12T19:43:59","slug":"escola-de-trabalho-na-area-de-confeccao-e-inaugurada-em-sao-bernardo","status":"publish","type":"post","link":"https:\/\/www.encontrasaobernardo.com.br\/sobre\/escola-de-trabalho-na-area-de-confeccao-e-inaugurada-em-sao-bernardo\/","title":{"rendered":"Escola de Trabalho na \u00e1rea de Confec\u00e7\u00e3o \u00e9 inaugurada em S\u00e3o Bernardo"},"content":{"rendered":"<div class=\"b7a9cc72b38518383f4213f1240ff05a\" data-index=\"1\" style=\"float: none; margin:0px;\">\n<!-- Anuncio display - global -->\r\n<ins class=\"adsbygoogle\"\r\n     style=\"display:block\"\r\n     data-ad-client=\"ca-pub-8585364105181520\"\r\n     data-ad-slot=\"8789329856\"\r\n     data-ad-format=\"auto\"\r\n     data-full-width-responsive=\"true\"><\/ins>\r\n<script>\r\n     (adsbygoogle = window.adsbygoogle || []).push({});\r\n<\/script>\n<\/div>\n<p>O prefeito da cidade de S\u00e3o Bernardo do Campo inaugurou nesta segunda-feira (29) a primeira fase da Escola de Trabalho na \u00e1rea de Confec\u00e7\u00e3o. Localizado na Escola Municipal de Educa\u00e7\u00e3o B\u00e1sica (EMEB) Marly Bu\u00edssa, no Jardim Nossa Senhora de F\u00e1tima, o espa\u00e7o desenvolve uma pol\u00edtica de inclus\u00e3o para mulheres e pessoas com defici\u00eancia, oferecendo capacita\u00e7\u00e3o em costura industrial, costura e artesanato em tecidos e silkscreen.<\/p>\n<p>Os alunos em forma\u00e7\u00e3o ir\u00e3o estudar quatro horas por dia e ganhar\u00e3o uma bolsa de R$ 180 reais. A Escola de Trabalho tem o prop\u00f3sito de se tornar um espa\u00e7o de conhecimento para empres\u00e1rios e de trabalhadores da \u00e1rea. O projeto atender\u00e1 140 alunos por semestre. Esse novo espa\u00e7o de capacita\u00e7\u00e3o profissional tamb\u00e9m pretende estabelecer uma pol\u00edtica de desenvolvimento econ\u00f4mico e social que prev\u00ea um trabalho formativo com mulheres e m\u00e3es de deficientes na eleva\u00e7\u00e3o de escolaridade e qualifica\u00e7\u00e3o profissional na \u00e1rea da costura.<\/p>\n<p>O projeto promover\u00e1 a ampla participa\u00e7\u00e3o da comunidade, incentivando a inclus\u00e3o das camadas exclu\u00eddas da popula\u00e7\u00e3o, em um processo de transforma\u00e7\u00e3o da realidade e de constru\u00e7\u00e3o da cidadania.<\/p>\n<p>O p\u00fablico-alvo s\u00e3o pessoas desempregadas e moradoras do munic\u00edpio de S\u00e3o Bernardo, pessoas com defici\u00eancia e seus familiares com baixa renda familiar, al\u00e9m de pessoas que se encontrem em situa\u00e7\u00e3o de alta vulnerabilidade. Nesse aprendizado, os alunos ter\u00e3o a oportunidade de confeccionar pe\u00e7as na produ\u00e7\u00e3o industrial e artesanal.<\/p>\n<p><em>Fonte: Prefeitura de S\u00e3o Bernardo<\/em><\/p>\n\n<div style=\"font-size: 0px; height: 0px; line-height: 0px; margin: 0; padding: 0; clear: both;\"><\/div>","protected":false},"excerpt":{"rendered":"<p>O prefeito da cidade de S\u00e3o Bernardo do Campo inaugurou nesta segunda-feira (29) a primeira fase da Escola de Trabalho na \u00e1rea de Confec\u00e7\u00e3o. Localizado na Escola Municipal de Educa\u00e7\u00e3o B\u00e1sica (EMEB) Marly Bu\u00edssa, no Jardim Nossa Senhora de F\u00e1tima, o espa\u00e7o desenvolve uma pol\u00edtica de inclus\u00e3o para mulheres e pessoas com defici\u00eancia, oferecendo capacita\u00e7\u00e3o em costura industrial, costura e artesanato em tecidos e silkscreen. Os alunos em forma\u00e7\u00e3o ir\u00e3o estudar quatro horas por dia e ganhar\u00e3o uma bolsa de R$ 180 reais. A Escola de Trabalho tem o prop\u00f3sito de se tornar um espa\u00e7o de conhecimento para empres\u00e1rios e <\/p>\n","protected":false},"author":1,"featured_media":0,"comment_status":"open","ping_status":"closed","sticky":false,"template":"","format":"standard","meta":{"footnotes":""},"categories":[6],"tags":[14],"class_list":["post-441","post","type-post","status-publish","format-standard","hentry","category-noticias-em-sao-bernardo","tag-sao-bernardo"],"aioseo_notices":[],"_links":{"self":[{"href":"https:\/\/www.encontrasaobernardo.com.br\/sobre\/wp-json\/wp\/v2\/posts\/441","targetHints":{"allow":["GET"]}}],"collection":[{"href":"https:\/\/www.encontrasaobernardo.com.br\/sobre\/wp-json\/wp\/v2\/posts"}],"about":[{"href":"https:\/\/www.encontrasaobernardo.com.br\/sobre\/wp-json\/wp\/v2\/types\/post"}],"author":[{"embeddable":true,"href":"https:\/\/www.encontrasaobernardo.com.br\/sobre\/wp-json\/wp\/v2\/users\/1"}],"replies":[{"embeddable":true,"href":"https:\/\/www.encontrasaobernardo.com.br\/sobre\/wp-json\/wp\/v2\/comments?post=441"}],"version-history":[{"count":0,"href":"https:\/\/www.encontrasaobernardo.com.br\/sobre\/wp-json\/wp\/v2\/posts\/441\/revisions"}],"wp:attachment":[{"href":"https:\/\/www.encontrasaobernardo.com.br\/sobre\/wp-json\/wp\/v2\/media?parent=441"}],"wp:term":[{"taxonomy":"category","embeddable":true,"href":"https:\/\/www.encontrasaobernardo.com.br\/sobre\/wp-json\/wp\/v2\/categories?post=441"},{"taxonomy":"post_tag","embeddable":true,"href":"https:\/\/www.encontrasaobernardo.com.br\/sobre\/wp-json\/wp\/v2\/tags?post=441"}],"curies":[{"name":"wp","href":"https:\/\/api.w.org\/{rel}","templated":true}]}}