{"id":435,"date":"2011-08-25T13:19:27","date_gmt":"2011-08-25T16:19:27","guid":{"rendered":"http:\/\/www.encontrasaobernardo.com.br\/noticias\/?p=435"},"modified":"2019-04-12T16:44:00","modified_gmt":"2019-04-12T19:44:00","slug":"trabalhadores-invadem-plenario-da-camara-de-sao-bernardo-do-campo","status":"publish","type":"post","link":"https:\/\/www.encontrasaobernardo.com.br\/sobre\/trabalhadores-invadem-plenario-da-camara-de-sao-bernardo-do-campo\/","title":{"rendered":"Trabalhadores invadem plen\u00e1rio da C\u00e2mara de S\u00e3o Bernardo do Campo"},"content":{"rendered":"<div class=\"b7a9cc72b38518383f4213f1240ff05a\" data-index=\"1\" style=\"float: none; margin:0px;\">\n<!-- Anuncio display - global -->\r\n<ins class=\"adsbygoogle\"\r\n     style=\"display:block\"\r\n     data-ad-client=\"ca-pub-8585364105181520\"\r\n     data-ad-slot=\"8789329856\"\r\n     data-ad-format=\"auto\"\r\n     data-full-width-responsive=\"true\"><\/ins>\r\n<script>\r\n     (adsbygoogle = window.adsbygoogle || []).push({});\r\n<\/script>\n<\/div>\n<p>Manifestantes invadiram o plen\u00e1rio da C\u00e2mara (que funciona provisoriamente no palco do teatro Cacilda Becker) da cidade de S\u00e3o Bernardo do Campo, na Grande S\u00e3o Paulo, nesta quarta-feira (24). Houve bate-boca entre os protestantes e os vereadores.<\/p>\n<p>A confus\u00e3o aconteceu durante a vota\u00e7\u00e3o da cria\u00e7\u00e3o da SBCPrev, autarquia que vai administrar o novo sistema de aposentadoria dos servidores municipais no lugar do Fuprem (Fundo de Previd\u00eancia Municipal), na cidade.<\/p>\n<p>Manifestantes pressionaram e a vota\u00e7\u00e3o das mudan\u00e7as na previd\u00eancia dos servidores municipais foi adiada pela C\u00e2mara. Os trabalhadores n\u00e3o concordam em perder atua\u00e7\u00e3o na ger\u00eancia do fundo de aposentadoria. Integrantes do Fuprem (Fundo de Previd\u00eancia Municipal) promoveram a manifesta\u00e7\u00e3o.<\/p>\n<p><em>Fonte: R7<\/em><\/p>\n\n<div style=\"font-size: 0px; height: 0px; line-height: 0px; margin: 0; padding: 0; clear: both;\"><\/div>","protected":false},"excerpt":{"rendered":"<p>Manifestantes invadiram o plen\u00e1rio da C\u00e2mara (que funciona provisoriamente no palco do teatro Cacilda Becker) da cidade de S\u00e3o Bernardo do Campo, na Grande S\u00e3o Paulo, nesta quarta-feira (24). Houve bate-boca entre os protestantes e os vereadores. A confus\u00e3o aconteceu durante a vota\u00e7\u00e3o da cria\u00e7\u00e3o da SBCPrev, autarquia que vai administrar o novo sistema de aposentadoria dos servidores municipais no lugar do Fuprem (Fundo de Previd\u00eancia Municipal), na cidade. Manifestantes pressionaram e a vota\u00e7\u00e3o das mudan\u00e7as na previd\u00eancia dos servidores municipais foi adiada pela C\u00e2mara. Os trabalhadores n\u00e3o concordam em perder atua\u00e7\u00e3o na ger\u00eancia do fundo de aposentadoria. Integrantes do <\/p>\n","protected":false},"author":1,"featured_media":0,"comment_status":"open","ping_status":"closed","sticky":false,"template":"","format":"standard","meta":{"footnotes":""},"categories":[6],"tags":[14],"class_list":["post-435","post","type-post","status-publish","format-standard","hentry","category-noticias-em-sao-bernardo","tag-sao-bernardo"],"aioseo_notices":[],"_links":{"self":[{"href":"https:\/\/www.encontrasaobernardo.com.br\/sobre\/wp-json\/wp\/v2\/posts\/435","targetHints":{"allow":["GET"]}}],"collection":[{"href":"https:\/\/www.encontrasaobernardo.com.br\/sobre\/wp-json\/wp\/v2\/posts"}],"about":[{"href":"https:\/\/www.encontrasaobernardo.com.br\/sobre\/wp-json\/wp\/v2\/types\/post"}],"author":[{"embeddable":true,"href":"https:\/\/www.encontrasaobernardo.com.br\/sobre\/wp-json\/wp\/v2\/users\/1"}],"replies":[{"embeddable":true,"href":"https:\/\/www.encontrasaobernardo.com.br\/sobre\/wp-json\/wp\/v2\/comments?post=435"}],"version-history":[{"count":0,"href":"https:\/\/www.encontrasaobernardo.com.br\/sobre\/wp-json\/wp\/v2\/posts\/435\/revisions"}],"wp:attachment":[{"href":"https:\/\/www.encontrasaobernardo.com.br\/sobre\/wp-json\/wp\/v2\/media?parent=435"}],"wp:term":[{"taxonomy":"category","embeddable":true,"href":"https:\/\/www.encontrasaobernardo.com.br\/sobre\/wp-json\/wp\/v2\/categories?post=435"},{"taxonomy":"post_tag","embeddable":true,"href":"https:\/\/www.encontrasaobernardo.com.br\/sobre\/wp-json\/wp\/v2\/tags?post=435"}],"curies":[{"name":"wp","href":"https:\/\/api.w.org\/{rel}","templated":true}]}}