{"id":420,"date":"2011-08-18T16:49:32","date_gmt":"2011-08-18T19:49:32","guid":{"rendered":"http:\/\/www.encontrasaobernardo.com.br\/noticias\/?p=420"},"modified":"2019-04-12T16:44:00","modified_gmt":"2019-04-12T19:44:00","slug":"aniversario-de-sao-bernardo-tera-show-de-sergio-reis-edson-e-zeze-di-camargo-e-luciano","status":"publish","type":"post","link":"https:\/\/www.encontrasaobernardo.com.br\/sobre\/aniversario-de-sao-bernardo-tera-show-de-sergio-reis-edson-e-zeze-di-camargo-e-luciano\/","title":{"rendered":"Anivers\u00e1rio de S\u00e3o Bernardo ter\u00e1 show de S\u00e9rgio Reis, Edson e Zez\u00e9 Di Camargo e Luciano"},"content":{"rendered":"<div class=\"b7a9cc72b38518383f4213f1240ff05a\" data-index=\"1\" style=\"float: none; margin:0px;\">\n<!-- Anuncio display - global -->\r\n<ins class=\"adsbygoogle\"\r\n     style=\"display:block\"\r\n     data-ad-client=\"ca-pub-8585364105181520\"\r\n     data-ad-slot=\"8789329856\"\r\n     data-ad-format=\"auto\"\r\n     data-full-width-responsive=\"true\"><\/ins>\r\n<script>\r\n     (adsbygoogle = window.adsbygoogle || []).push({});\r\n<\/script>\n<\/div>\n<p>A cidade de S\u00e3o Bernardo comemora neste s\u00e1bado, dia 20 de agosto, o seu anivers\u00e1rio de 458 anos em grande estilo, e para festejar esta data, a Prefeitura organizou uma grande novidade. Neste ano, o mega show da m\u00fasica popular brasileira, realizado em parceria com a R\u00e1dio Tupi, acontecer\u00e1 em dois dias com v\u00e1rios estilos musicais e promete agitar a todos que comparecerem ao Pa\u00e7o Municipal neste s\u00e1bado e domingo. A estimativa de p\u00fablico \u00e9 de 25 mil pessoas por dia de evento, e a entrada \u00e9 gratuita.<\/p>\n<p>Os festejos, que envolvem diversas atividades culturais, esportivas e a entrega de importantes obras durante todo o m\u00eas e at\u00e9 o in\u00edcio de setembro, prometem entrar para a hist\u00f3ria como uma das melhores comemora\u00e7\u00f5es dos \u00faltimos tempos. Al\u00e9m de eventos tradicionais como o Desfile C\u00edvico-Militar, Sess\u00e3o Solene na C\u00e2mara dos Vereadores e a Missa na Igreja Matriz, o mega show de anivers\u00e1rio contar\u00e1 com a presen\u00e7a de artistas de grande destaque na agenda nacional como S\u00e9rgio Reis, Edson, Zez\u00e9 Di Camargo e Luciano e muito mais.<\/p>\n<p>No s\u00e1bado (20\/8), a apresenta\u00e7\u00e3o ficar\u00e1 por conta das duplas Lincon e Luan, Christian e Daniel e Jo\u00e3o Marcos e Marcel, al\u00e9m dos cantores Felipe Haniel, Diney Alves e o Grupo Raz\u00e3o. No encerramento, show especial com os cantores S\u00e9rgio Reis, \u00e0s 18h, e Edson, \u00e0s 20h.<\/p>\n<p>J\u00e1 no domingo (21\/8), o p\u00fablico poder\u00e1 presenciar o show do grupo de samba Art Popular e das duplas AlexSandro e Marcelo, Roger e Rog\u00e9rio, Diego e Juninho e Roger e Robson. Para encerrar esta grande festa, a Prefeitura reservou o show da dupla sertaneja que est\u00e1 na estrada h\u00e1 mais de 20 anos, Zez\u00e9 Di Camargo e Luciano, que sobem ao palco \u00e0s 19h.<\/p>\n<p>As apresenta\u00e7\u00f5es dos dois dias acontecem a partir das 13h e somente os shows de encerramento t\u00eam hor\u00e1rios previstos.<\/p>\n<p><strong>Estrutura \u2013<\/strong> Para garantir comodidade e divers\u00e3o, no local ser\u00e1 montada uma estrutura com diversas barracas de alimenta\u00e7\u00e3o e banheiros qu\u00edmicos &#8211; providos de equipamentos de acessibilidade &#8211; espalhados por toda a \u00e1rea do evento. J\u00e1 para garantir a seguran\u00e7a haver\u00e1 atua\u00e7\u00e3o da Guarda Civil Municipal, Pol\u00edcia Militar e seguran\u00e7as particulares. Uma brigada de Bombeiro Civil e unidades do Servi\u00e7o de Atendimento M\u00f3vel de Urg\u00eancia (SAMU) tamb\u00e9m estar\u00e3o no espa\u00e7o.<\/p>\n<p>O Pa\u00e7o Municipal fica na Pra\u00e7a Samuel Sabatini, 50, Centro.<\/p>\n<p><em>Fonte: Prefeitura de S\u00e3o Bernardo<\/em><\/p>\n\n<div style=\"font-size: 0px; height: 0px; line-height: 0px; margin: 0; padding: 0; clear: both;\"><\/div>","protected":false},"excerpt":{"rendered":"<p>A cidade de S\u00e3o Bernardo comemora neste s\u00e1bado, dia 20 de agosto, o seu anivers\u00e1rio de 458 anos em grande estilo, e para festejar esta data, a Prefeitura organizou uma grande novidade. Neste ano, o mega show da m\u00fasica popular brasileira, realizado em parceria com a R\u00e1dio Tupi, acontecer\u00e1 em dois dias com v\u00e1rios estilos musicais e promete agitar a todos que comparecerem ao Pa\u00e7o Municipal neste s\u00e1bado e domingo. A estimativa de p\u00fablico \u00e9 de 25 mil pessoas por dia de evento, e a entrada \u00e9 gratuita. Os festejos, que envolvem diversas atividades culturais, esportivas e a entrega de <\/p>\n","protected":false},"author":1,"featured_media":0,"comment_status":"open","ping_status":"closed","sticky":false,"template":"","format":"standard","meta":{"footnotes":""},"categories":[9],"tags":[14],"class_list":["post-420","post","type-post","status-publish","format-standard","hentry","category-shows-em-sao-bernardo","tag-sao-bernardo"],"aioseo_notices":[],"_links":{"self":[{"href":"https:\/\/www.encontrasaobernardo.com.br\/sobre\/wp-json\/wp\/v2\/posts\/420","targetHints":{"allow":["GET"]}}],"collection":[{"href":"https:\/\/www.encontrasaobernardo.com.br\/sobre\/wp-json\/wp\/v2\/posts"}],"about":[{"href":"https:\/\/www.encontrasaobernardo.com.br\/sobre\/wp-json\/wp\/v2\/types\/post"}],"author":[{"embeddable":true,"href":"https:\/\/www.encontrasaobernardo.com.br\/sobre\/wp-json\/wp\/v2\/users\/1"}],"replies":[{"embeddable":true,"href":"https:\/\/www.encontrasaobernardo.com.br\/sobre\/wp-json\/wp\/v2\/comments?post=420"}],"version-history":[{"count":0,"href":"https:\/\/www.encontrasaobernardo.com.br\/sobre\/wp-json\/wp\/v2\/posts\/420\/revisions"}],"wp:attachment":[{"href":"https:\/\/www.encontrasaobernardo.com.br\/sobre\/wp-json\/wp\/v2\/media?parent=420"}],"wp:term":[{"taxonomy":"category","embeddable":true,"href":"https:\/\/www.encontrasaobernardo.com.br\/sobre\/wp-json\/wp\/v2\/categories?post=420"},{"taxonomy":"post_tag","embeddable":true,"href":"https:\/\/www.encontrasaobernardo.com.br\/sobre\/wp-json\/wp\/v2\/tags?post=420"}],"curies":[{"name":"wp","href":"https:\/\/api.w.org\/{rel}","templated":true}]}}