{"id":406,"date":"2011-08-11T13:15:29","date_gmt":"2011-08-11T16:15:29","guid":{"rendered":"http:\/\/www.encontrasaobernardo.com.br\/noticias\/?p=406"},"modified":"2019-04-12T16:44:00","modified_gmt":"2019-04-12T19:44:00","slug":"sao-bernardo-espera-pac-para-tocar-corredores-viarios","status":"publish","type":"post","link":"https:\/\/www.encontrasaobernardo.com.br\/sobre\/sao-bernardo-espera-pac-para-tocar-corredores-viarios\/","title":{"rendered":"S\u00e3o Bernardo espera PAC para tocar corredores vi\u00e1rios"},"content":{"rendered":"<div class=\"b7a9cc72b38518383f4213f1240ff05a\" data-index=\"1\" style=\"float: none; margin:0px;\">\n<!-- Anuncio display - global -->\r\n<ins class=\"adsbygoogle\"\r\n     style=\"display:block\"\r\n     data-ad-client=\"ca-pub-8585364105181520\"\r\n     data-ad-slot=\"8789329856\"\r\n     data-ad-format=\"auto\"\r\n     data-full-width-responsive=\"true\"><\/ins>\r\n<script>\r\n     (adsbygoogle = window.adsbygoogle || []).push({});\r\n<\/script>\n<\/div>\n<p>A Prefeitura da cidade S\u00e3o Bernardo anunciou ontem que aguarda a aprova\u00e7\u00e3o, junto ao Minist\u00e9rio das Cidades, de projeto para a constru\u00e7\u00e3o de mais dois corredores vi\u00e1rios no munic\u00edpio. A administra\u00e7\u00e3o busca, com isso, amenizar os problemas de tr\u00e2nsito nas principais vias da cidade, mas o resultado pode n\u00e3o ser o esperado, pois desatar o n\u00f3 vi\u00e1rio depende de ofensiva regional, de forma integrada. Ainda mais quando se sabe que apenas a\u00a0frota de carros chegar\u00e1 a 1 milh\u00e3o em dezembro.<\/p>\n<p>Para que as obras saiam do papel, por\u00e9m, a administra\u00e7\u00e3o pleiteia financiamento de R$ 280 milh\u00f5es do Programa de Acelera\u00e7\u00e3o do\u00a0Crescimento Mobilidade. O restante da verba &#8211; R$ 146 milh\u00f5es &#8211; ser\u00e1 investido pelo munic\u00edpio.<\/p>\n<p>O projeto prev\u00ea a forma\u00e7\u00e3o dos corredores Leste\/Oeste e Alvarenga. O primeiro ligar\u00e1 a Avenida Tiradentes, no bairro Santa Terezinha, at\u00e9 a Rodovia dos Imigrantes. J\u00e1 o Alvarenga ter\u00e1 in\u00edcio na estrada hom\u00f4nima, na divisa com Diadema, e chegar\u00e1 at\u00e9 a Avenida Robert Kennedy, no cruzamento com a Piraporinha,\u00a0importante via de liga\u00e7\u00e3o entre as duas cidades que j\u00e1 enfrenta congestionamentos di\u00e1rios.<\/p>\n<p>Somadas, as vias ter\u00e3o extens\u00e3o aproximada de 34 quil\u00f4metros. Para a cria\u00e7\u00e3o, ser\u00e3o adaptadas vias j\u00e1 existentes, por meio de obras de duplica\u00e7\u00e3o. A administra\u00e7\u00e3o estima gastar R$ 70 milh\u00f5es apenas com desapropria\u00e7\u00f5es ao longo das obras.<\/p>\n<p>Est\u00e3o previstas tamb\u00e9m a constru\u00e7\u00e3o de quatro viadutos. Um no cruzamento da Estrada Samuel Aizemberg com a Avenida Humberto de Alencar Castelo Branco. O segundo ser\u00e1 na interse\u00e7\u00e3o das avenidas Jos\u00e9 Odorizzi e Robert Kennedy. Outro elevado ir\u00e1 transpor a Pra\u00e7a dos Bombeiros, ligando as avenidas Rotary e Lu\u00eds Pequini. O viaduto Tereza Delta, no Km 20,5 da Via Anchieta, ser\u00e1 duplicado.<\/p>\n<p>Para ligar os dois opostos da cidade, o corredor Leste\/Oeste sair\u00e1 da Avenida Tiradentes e, em seguida, seguir\u00e1 pela Prestes Maia. Na chegada ao Centro, ser\u00e1 criado acesso da avenida at\u00e9 o Viaduto Tereza Delta. Em seguida, passar\u00e1 pela avenida Jos\u00e9 Odorizzi e Estrada Samuel Aizemberg. Com exce\u00e7\u00e3o da Prestes Maia, todas as vias ser\u00e3o duplicadas.<\/p>\n<p>Em todo o trajeto, de 20 quil\u00f4metros, o corredor Leste\/Oeste ter\u00e1 tr\u00eas faixas de rolamento em cada sentido, com pista exclusiva para\u00a0\u00f4nibus.<\/p>\n<p>J\u00e1 o corredor Alvarenga demandar\u00e1 a duplica\u00e7\u00e3o da Avenida Robert Kennedy. A Estrada dos Alvarenga ser\u00e1 duplicada a partir da Estrada dos Imigrantes, sentido Pra\u00e7a Giovanni Breda. Nesse trecho tamb\u00e9m haver\u00e1 faixa exclusiva de \u00f4nibus.<\/p>\n<p>Na avalia\u00e7\u00e3o do secret\u00e1rio de Transportes e Vias P\u00fablicas de S\u00e3o Bernardo, Oscar Silveira Campos, a import\u00e2ncia dos projetos \u00e9 tirar ve\u00edculos das vias centrais do munic\u00edpio. &#8220;Hoje, quem tem que ir para Diadema ou para a regi\u00e3o do Parque dos Qu\u00edmicos tem que passar pelo Centro de qualquer jeito. A ideia \u00e9 criar vias alternativas.&#8221;<\/p>\n<p>Segundo o secret\u00e1rio, trafegam 6.800 ve\u00edculos por sentido a cada hora na Avenida Lucas Nogueira Garc\u00eas. Com os corredores, a expectativa \u00e9 que o movimento caia para 4.300. A estimativa \u00e9 que as vias, juntas, beneficiem 472 mil pessoas.<\/p>\n<p>A expectativa \u00e9 que as obras sejam iniciadas no primeiro semestre do ano que vem e finalizadas at\u00e9 2014. O projeto ainda est\u00e1 sob an\u00e1lise no Minist\u00e9rio das Cidades. Ao todo, 24 cidades com mais de 700 mil habitantes ser\u00e3o beneficiadas. A verba destinada \u00e9 de R$ 18 bilh\u00f5es. O minist\u00e9rio informa que at\u00e9 o fim do ano ser\u00e3o divulgados os projetos aprovados.<\/p>\n<p><em>Fonte: Di\u00e1rio do Grande ABC<\/em><\/p>\n\n<div style=\"font-size: 0px; height: 0px; line-height: 0px; margin: 0; padding: 0; clear: both;\"><\/div>","protected":false},"excerpt":{"rendered":"<p>A Prefeitura da cidade S\u00e3o Bernardo anunciou ontem que aguarda a aprova\u00e7\u00e3o, junto ao Minist\u00e9rio das Cidades, de projeto para a constru\u00e7\u00e3o de mais dois corredores vi\u00e1rios no munic\u00edpio. A administra\u00e7\u00e3o busca, com isso, amenizar os problemas de tr\u00e2nsito nas principais vias da cidade, mas o resultado pode n\u00e3o ser o esperado, pois desatar o n\u00f3 vi\u00e1rio depende de ofensiva regional, de forma integrada. Ainda mais quando se sabe que apenas a\u00a0frota de carros chegar\u00e1 a 1 milh\u00e3o em dezembro. Para que as obras saiam do papel, por\u00e9m, a administra\u00e7\u00e3o pleiteia financiamento de R$ 280 milh\u00f5es do Programa de Acelera\u00e7\u00e3o <\/p>\n","protected":false},"author":1,"featured_media":0,"comment_status":"open","ping_status":"closed","sticky":false,"template":"","format":"standard","meta":{"footnotes":""},"categories":[6],"tags":[14],"class_list":["post-406","post","type-post","status-publish","format-standard","hentry","category-noticias-em-sao-bernardo","tag-sao-bernardo"],"aioseo_notices":[],"_links":{"self":[{"href":"https:\/\/www.encontrasaobernardo.com.br\/sobre\/wp-json\/wp\/v2\/posts\/406","targetHints":{"allow":["GET"]}}],"collection":[{"href":"https:\/\/www.encontrasaobernardo.com.br\/sobre\/wp-json\/wp\/v2\/posts"}],"about":[{"href":"https:\/\/www.encontrasaobernardo.com.br\/sobre\/wp-json\/wp\/v2\/types\/post"}],"author":[{"embeddable":true,"href":"https:\/\/www.encontrasaobernardo.com.br\/sobre\/wp-json\/wp\/v2\/users\/1"}],"replies":[{"embeddable":true,"href":"https:\/\/www.encontrasaobernardo.com.br\/sobre\/wp-json\/wp\/v2\/comments?post=406"}],"version-history":[{"count":0,"href":"https:\/\/www.encontrasaobernardo.com.br\/sobre\/wp-json\/wp\/v2\/posts\/406\/revisions"}],"wp:attachment":[{"href":"https:\/\/www.encontrasaobernardo.com.br\/sobre\/wp-json\/wp\/v2\/media?parent=406"}],"wp:term":[{"taxonomy":"category","embeddable":true,"href":"https:\/\/www.encontrasaobernardo.com.br\/sobre\/wp-json\/wp\/v2\/categories?post=406"},{"taxonomy":"post_tag","embeddable":true,"href":"https:\/\/www.encontrasaobernardo.com.br\/sobre\/wp-json\/wp\/v2\/tags?post=406"}],"curies":[{"name":"wp","href":"https:\/\/api.w.org\/{rel}","templated":true}]}}