{"id":397,"date":"2011-08-09T13:12:35","date_gmt":"2011-08-09T16:12:35","guid":{"rendered":"http:\/\/www.encontrasaobernardo.com.br\/noticias\/?p=397"},"modified":"2019-04-12T16:44:01","modified_gmt":"2019-04-12T19:44:01","slug":"rai-marca-presenca-na-1%c2%aa-feira-literaria-de-sao-bernardo-e-conta-historia-para-a-criancada","status":"publish","type":"post","link":"https:\/\/www.encontrasaobernardo.com.br\/sobre\/rai-marca-presenca-na-1%c2%aa-feira-literaria-de-sao-bernardo-e-conta-historia-para-a-criancada\/","title":{"rendered":"Ra\u00ed marca presen\u00e7a na 1\u00aa Feira Liter\u00e1ria de S\u00e3o Bernardo e conta hist\u00f3ria para a crian\u00e7ada"},"content":{"rendered":"<div class=\"b7a9cc72b38518383f4213f1240ff05a\" data-index=\"1\" style=\"float: none; margin:0px;\">\n<!-- Anuncio display - global -->\r\n<ins class=\"adsbygoogle\"\r\n     style=\"display:block\"\r\n     data-ad-client=\"ca-pub-8585364105181520\"\r\n     data-ad-slot=\"8789329856\"\r\n     data-ad-format=\"auto\"\r\n     data-full-width-responsive=\"true\"><\/ins>\r\n<script>\r\n     (adsbygoogle = window.adsbygoogle || []).push({});\r\n<\/script>\n<\/div>\n<p>O ex-jogador de futebol e presidente da Funda\u00e7\u00e3o Gol de Letra, Ra\u00ed, marcou presen\u00e7a na tarde desta segunda-feira (8\/8), na\u00a01\u00aa Feira Liter\u00e1ria de S\u00e3o Bernardo (FELITSBC), que est\u00e1 sendo realizada at\u00e9 o dia 14 de agosto, no Pavilh\u00e3o Vera Cruz, em guia de S\u00e3o Bernardo. Na ocasi\u00e3o, Ra\u00ed aproveitou a oportunidade para contar trechos do seu livro destinado ao p\u00fablico infantojuvenil, intitulado &#8220;Turma do Infinito&#8221;.<\/p>\n<p>Muito \u00e0 vontade perante uma plateia de v\u00e1rias crian\u00e7as da rede municipal de ensino, o hoje escritor conversou com a crian\u00e7ada, falou um pouco da sua hist\u00f3ria como jogador de futebol e explicou o porqu\u00ea de lan\u00e7ar um livro destinado a um p\u00fablico t\u00e3o espec\u00edfico. &#8220;Sempre gostei de ler para minhas filhas e minha neta. A leitura \u00e9 muito prazerosa quando feita naturalmente e sem imposi\u00e7\u00e3o. Quando recebi o convite fiquei muito feliz e aceitei na hora&#8221;, ressaltou.<\/p>\n<p>Ra\u00ed tamb\u00e9m elogiou a iniciativa da Prefeitura de S\u00e3o Bernardo em realizar uma Feira Liter\u00e1ria tendo como p\u00fablico alvo os estudantes infantojuvenis. Segundo ele, eventos como esse elevam o n\u00edvel da educa\u00e7\u00e3o e contribuem na forma\u00e7\u00e3o de cidad\u00e3os cr\u00edticos e conscientes. &#8220;Essa oportunidade que os estudantes est\u00e3o tendo de ter contato desde cedo com a literatura \u00e9 algo que precisa ser elogiado. Esse exemplo que a rede de ensino est\u00e1 dando deveria ser seguido por muitos dirigentes. Uma sociedade consciente e bem informada solidifica a democracia em qualquer lugar do mundo&#8221;, ressaltou, lembrando que educa\u00e7\u00e3o e esporte caminham juntos no desenvolvimento das crian\u00e7as.<\/p>\n<p><strong>Sucesso de p\u00fablico &#8211;<\/strong> At\u00e9 o momento, a FELIT j\u00e1 atraiu mais de 53 mil pessoas ao espa\u00e7o. Desse total, 48 mil foram alunos e professores da rede de ensino de S\u00e3o Bernardo, e 5 mil visitantes da comunidade em geral.<\/p>\n<p>Na feira, o livro e a leitura liter\u00e1ria ser\u00e3o o centro das aten\u00e7\u00f5es, propiciando encontro de escritores, ilustradores e editores com a comunidade. Para a realiza\u00e7\u00e3o do evento, a Prefeitura est\u00e1 investindo R$ 6 milh\u00f5es, sendo R$ 3 milh\u00f5es s\u00f3 em livros.<\/p>\n<p>O valor do ingresso \u00e9 de R$ 2, com a garantia de meia-entrada para estudantes e maiores de 65 anos. Cada unidade escolar recebe verba de R$ 40 por aluno matriculado para aquisi\u00e7\u00e3o de acervo para a Biblioteca Escolar Interativa. Al\u00e9m disso, cada aluno ganha um livro para compor seu acervo pessoal.<\/p>\n<p>O Pavilh\u00e3o Vera Cruz fica na Avenida Lucas Nogueira Garcez, 756, Jardim do Mar.<\/p>\n<p><em>Fonte: Prefeitura de S\u00e3o Bernardo<\/em><\/p>\n\n<div style=\"font-size: 0px; height: 0px; line-height: 0px; margin: 0; padding: 0; clear: both;\"><\/div>","protected":false},"excerpt":{"rendered":"<p>O ex-jogador de futebol e presidente da Funda\u00e7\u00e3o Gol de Letra, Ra\u00ed, marcou presen\u00e7a na tarde desta segunda-feira (8\/8), na\u00a01\u00aa Feira Liter\u00e1ria de S\u00e3o Bernardo (FELITSBC), que est\u00e1 sendo realizada at\u00e9 o dia 14 de agosto, no Pavilh\u00e3o Vera Cruz, em guia de S\u00e3o Bernardo. Na ocasi\u00e3o, Ra\u00ed aproveitou a oportunidade para contar trechos do seu livro destinado ao p\u00fablico infantojuvenil, intitulado &#8220;Turma do Infinito&#8221;. Muito \u00e0 vontade perante uma plateia de v\u00e1rias crian\u00e7as da rede municipal de ensino, o hoje escritor conversou com a crian\u00e7ada, falou um pouco da sua hist\u00f3ria como jogador de futebol e explicou o porqu\u00ea <\/p>\n","protected":false},"author":1,"featured_media":0,"comment_status":"open","ping_status":"closed","sticky":false,"template":"","format":"standard","meta":{"footnotes":""},"categories":[6],"tags":[14],"class_list":["post-397","post","type-post","status-publish","format-standard","hentry","category-noticias-em-sao-bernardo","tag-sao-bernardo"],"aioseo_notices":[],"_links":{"self":[{"href":"https:\/\/www.encontrasaobernardo.com.br\/sobre\/wp-json\/wp\/v2\/posts\/397","targetHints":{"allow":["GET"]}}],"collection":[{"href":"https:\/\/www.encontrasaobernardo.com.br\/sobre\/wp-json\/wp\/v2\/posts"}],"about":[{"href":"https:\/\/www.encontrasaobernardo.com.br\/sobre\/wp-json\/wp\/v2\/types\/post"}],"author":[{"embeddable":true,"href":"https:\/\/www.encontrasaobernardo.com.br\/sobre\/wp-json\/wp\/v2\/users\/1"}],"replies":[{"embeddable":true,"href":"https:\/\/www.encontrasaobernardo.com.br\/sobre\/wp-json\/wp\/v2\/comments?post=397"}],"version-history":[{"count":0,"href":"https:\/\/www.encontrasaobernardo.com.br\/sobre\/wp-json\/wp\/v2\/posts\/397\/revisions"}],"wp:attachment":[{"href":"https:\/\/www.encontrasaobernardo.com.br\/sobre\/wp-json\/wp\/v2\/media?parent=397"}],"wp:term":[{"taxonomy":"category","embeddable":true,"href":"https:\/\/www.encontrasaobernardo.com.br\/sobre\/wp-json\/wp\/v2\/categories?post=397"},{"taxonomy":"post_tag","embeddable":true,"href":"https:\/\/www.encontrasaobernardo.com.br\/sobre\/wp-json\/wp\/v2\/tags?post=397"}],"curies":[{"name":"wp","href":"https:\/\/api.w.org\/{rel}","templated":true}]}}