{"id":393,"date":"2011-08-04T12:10:16","date_gmt":"2011-08-04T15:10:16","guid":{"rendered":"http:\/\/www.encontrasaobernardo.com.br\/noticias\/?p=393"},"modified":"2019-04-12T16:44:01","modified_gmt":"2019-04-12T19:44:01","slug":"pmdb-anuncia-candidatura-propria-em-sao-bernardo","status":"publish","type":"post","link":"https:\/\/www.encontrasaobernardo.com.br\/sobre\/pmdb-anuncia-candidatura-propria-em-sao-bernardo\/","title":{"rendered":"PMDB anuncia candidatura pr\u00f3pria em S\u00e3o Bernardo"},"content":{"rendered":"<div class=\"b7a9cc72b38518383f4213f1240ff05a\" data-index=\"1\" style=\"float: none; margin:0px;\">\n<!-- Anuncio display - global -->\r\n<ins class=\"adsbygoogle\"\r\n     style=\"display:block\"\r\n     data-ad-client=\"ca-pub-8585364105181520\"\r\n     data-ad-slot=\"8789329856\"\r\n     data-ad-format=\"auto\"\r\n     data-full-width-responsive=\"true\"><\/ins>\r\n<script>\r\n     (adsbygoogle = window.adsbygoogle || []).push({});\r\n<\/script>\n<\/div>\n<p>O PMDB da cidade S\u00e3o Bernardo anunciou\u00a0na quarta-feira (3)\u00a0que ter\u00e1 candidatura pr\u00f3pria\u00a0 para prefeito nas\u00a0elei\u00e7\u00f5es de 2012.<\/p>\n<p>O partido reuniu o presidente do diret\u00f3rio, Vanderlei Jueli, e os vereadores Tunico Vieira e Gilberto Fran\u00e7a, para sacramentar o tra\u00e7ado de um caminho pr\u00f3prio no pleito municipal.<\/p>\n<p>Vieira foi o escolhido para encabe\u00e7ar o processo e fazer jus ao que a sigla classificou de patrim\u00f4nio eleitoral, de 35 mil votos na cidade incluindo parlamentares eleitos, suplentes e correligion\u00e1rios.<\/p>\n<p>O que mais chamou a aten\u00e7\u00e3o no cen\u00e1rio posto pelo PMDB s\u00e3o-bernardense foi o discurso de uni\u00e3o partid\u00e1ria. Com retrospecto de diferen\u00e7as entre Tunico\u00a0 e Gilberto, o presidente do partido garantiu que ambos andar\u00e3o juntos at\u00e9 2012, inclusive no posicionamento na c\u00e2mara.<\/p>\n<p>\u201cV\u00e3o estar juntos de agora em diante. \u00c9 algo irrevers\u00edvel, contando com o aval do Temer e do Baleia Rossi\u201d, disse Jueli, mencionando os dois principais caciques do PMDB, o vice-presidente da Rep\u00fablica Michel Temer e o presidente da executiva estadual. A d\u00favida, agora, fica por conta da aceita\u00e7\u00e3o do eleitorado peemedebista.<\/p>\n<p>Por duas vezes, esteve em situa\u00e7\u00f5es distintas, com a vice do ent\u00e3o candidato a prefeito Vicentinho, em 2004, e o comando da Secretaria de Rela\u00e7\u00f5es Internacionais durante o governo William Dib, at\u00e9 2008.<\/p>\n<p>\u201cVamos ter dificuldade de explicar ao eleitorado, mas vamos construir um discurso a partir de agora\u201d, disse Tunico.<\/p>\n<p>Nos bastidores, a candidatura peemedebista e a uni\u00e3o de for\u00e7as do partido, \u00e9 encarada de duas formas. A primeira coloca uma\u00a0estrat\u00e9gia governista de angariar votos e, consequentemente, tirar eleitores de um virtual advers\u00e1rio no caminho da reelei\u00e7\u00e3o do prefeito Luiz Marinho: o deputado estadual Alex Manente.<\/p>\n<p>PPS e PMDB lutariam por votos em regi\u00f5es onde h\u00e1 certa rejei\u00e7\u00e3o ao PT, o chamado anti-petista. Por outro lado, seria uma forma de pressionar o bloco governista a ter espa\u00e7o em um\u00a0futuro governo de coaliz\u00e3o com, por exemplo, a indica\u00e7\u00e3o\u00a0 de vice-prefeito.<\/p>\n<p><em>Fonte: Rede Bom Dia<\/em><\/p>\n\n<div style=\"font-size: 0px; height: 0px; line-height: 0px; margin: 0; padding: 0; clear: both;\"><\/div>","protected":false},"excerpt":{"rendered":"<p>O PMDB da cidade S\u00e3o Bernardo anunciou\u00a0na quarta-feira (3)\u00a0que ter\u00e1 candidatura pr\u00f3pria\u00a0 para prefeito nas\u00a0elei\u00e7\u00f5es de 2012. O partido reuniu o presidente do diret\u00f3rio, Vanderlei Jueli, e os vereadores Tunico Vieira e Gilberto Fran\u00e7a, para sacramentar o tra\u00e7ado de um caminho pr\u00f3prio no pleito municipal. Vieira foi o escolhido para encabe\u00e7ar o processo e fazer jus ao que a sigla classificou de patrim\u00f4nio eleitoral, de 35 mil votos na cidade incluindo parlamentares eleitos, suplentes e correligion\u00e1rios. O que mais chamou a aten\u00e7\u00e3o no cen\u00e1rio posto pelo PMDB s\u00e3o-bernardense foi o discurso de uni\u00e3o partid\u00e1ria. Com retrospecto de diferen\u00e7as entre Tunico\u00a0 <\/p>\n","protected":false},"author":1,"featured_media":0,"comment_status":"open","ping_status":"closed","sticky":false,"template":"","format":"standard","meta":{"footnotes":""},"categories":[6],"tags":[14],"class_list":["post-393","post","type-post","status-publish","format-standard","hentry","category-noticias-em-sao-bernardo","tag-sao-bernardo"],"aioseo_notices":[],"_links":{"self":[{"href":"https:\/\/www.encontrasaobernardo.com.br\/sobre\/wp-json\/wp\/v2\/posts\/393","targetHints":{"allow":["GET"]}}],"collection":[{"href":"https:\/\/www.encontrasaobernardo.com.br\/sobre\/wp-json\/wp\/v2\/posts"}],"about":[{"href":"https:\/\/www.encontrasaobernardo.com.br\/sobre\/wp-json\/wp\/v2\/types\/post"}],"author":[{"embeddable":true,"href":"https:\/\/www.encontrasaobernardo.com.br\/sobre\/wp-json\/wp\/v2\/users\/1"}],"replies":[{"embeddable":true,"href":"https:\/\/www.encontrasaobernardo.com.br\/sobre\/wp-json\/wp\/v2\/comments?post=393"}],"version-history":[{"count":0,"href":"https:\/\/www.encontrasaobernardo.com.br\/sobre\/wp-json\/wp\/v2\/posts\/393\/revisions"}],"wp:attachment":[{"href":"https:\/\/www.encontrasaobernardo.com.br\/sobre\/wp-json\/wp\/v2\/media?parent=393"}],"wp:term":[{"taxonomy":"category","embeddable":true,"href":"https:\/\/www.encontrasaobernardo.com.br\/sobre\/wp-json\/wp\/v2\/categories?post=393"},{"taxonomy":"post_tag","embeddable":true,"href":"https:\/\/www.encontrasaobernardo.com.br\/sobre\/wp-json\/wp\/v2\/tags?post=393"}],"curies":[{"name":"wp","href":"https:\/\/api.w.org\/{rel}","templated":true}]}}