{"id":391,"date":"2011-08-04T12:08:42","date_gmt":"2011-08-04T15:08:42","guid":{"rendered":"http:\/\/www.encontrasaobernardo.com.br\/noticias\/?p=391"},"modified":"2019-04-12T16:44:01","modified_gmt":"2019-04-12T19:44:01","slug":"sao-bernardo-reforma-praca-dos-meninos","status":"publish","type":"post","link":"https:\/\/www.encontrasaobernardo.com.br\/sobre\/sao-bernardo-reforma-praca-dos-meninos\/","title":{"rendered":"S\u00e3o Bernardo reforma Pra\u00e7a dos Meninos"},"content":{"rendered":"<div class=\"b7a9cc72b38518383f4213f1240ff05a\" data-index=\"1\" style=\"float: none; margin:0px;\">\n<!-- Anuncio display - global -->\r\n<ins class=\"adsbygoogle\"\r\n     style=\"display:block\"\r\n     data-ad-client=\"ca-pub-8585364105181520\"\r\n     data-ad-slot=\"8789329856\"\r\n     data-ad-format=\"auto\"\r\n     data-full-width-responsive=\"true\"><\/ins>\r\n<script>\r\n     (adsbygoogle = window.adsbygoogle || []).push({});\r\n<\/script>\n<\/div>\n<p>A Prefeitura de S\u00e3o Bernardo do Campo, por meio da Secretaria de Servi\u00e7os Urbanos, est\u00e1 realizando uma s\u00e9rie de melhorias na Pra\u00e7a dos Meninos, no Rudge Ramos. Os servi\u00e7os tiveram in\u00edcio em maio e incluem a substitui\u00e7\u00e3o do piso de concreto na \u00e1rea de caminhada, reforma e amplia\u00e7\u00e3o dos sanit\u00e1rios, incluindo um adaptado para pessoas com defici\u00eancia, al\u00e9m de uma rampa de acessibilidade na parte posterior da pra\u00e7a.<\/p>\n<p>H\u00e1 ainda previs\u00e3o de que sejam instalados, em breve, equipamentos de gin\u00e1stica para a terceira idade, al\u00e9m de melhorias no coreto \u2013 espa\u00e7o cultural da pra\u00e7a \u2013 e manuten\u00e7\u00e3o na rede de ilumina\u00e7\u00e3o p\u00fablica.<\/p>\n<p>As obras est\u00e3o previstas para ser entregues no dia 15 de agosto e o investimento foi de R$ 160 mil.<\/p>\n<p><em>Fonte: Prefeitura de S\u00e3o Bernardo<\/em><\/p>\n\n<div style=\"font-size: 0px; height: 0px; line-height: 0px; margin: 0; padding: 0; clear: both;\"><\/div>","protected":false},"excerpt":{"rendered":"<p>A Prefeitura de S\u00e3o Bernardo do Campo, por meio da Secretaria de Servi\u00e7os Urbanos, est\u00e1 realizando uma s\u00e9rie de melhorias na Pra\u00e7a dos Meninos, no Rudge Ramos. Os servi\u00e7os tiveram in\u00edcio em maio e incluem a substitui\u00e7\u00e3o do piso de concreto na \u00e1rea de caminhada, reforma e amplia\u00e7\u00e3o dos sanit\u00e1rios, incluindo um adaptado para pessoas com defici\u00eancia, al\u00e9m de uma rampa de acessibilidade na parte posterior da pra\u00e7a. H\u00e1 ainda previs\u00e3o de que sejam instalados, em breve, equipamentos de gin\u00e1stica para a terceira idade, al\u00e9m de melhorias no coreto \u2013 espa\u00e7o cultural da pra\u00e7a \u2013 e manuten\u00e7\u00e3o na rede de <\/p>\n","protected":false},"author":1,"featured_media":0,"comment_status":"open","ping_status":"closed","sticky":false,"template":"","format":"standard","meta":{"footnotes":""},"categories":[6],"tags":[14],"class_list":["post-391","post","type-post","status-publish","format-standard","hentry","category-noticias-em-sao-bernardo","tag-sao-bernardo"],"aioseo_notices":[],"_links":{"self":[{"href":"https:\/\/www.encontrasaobernardo.com.br\/sobre\/wp-json\/wp\/v2\/posts\/391","targetHints":{"allow":["GET"]}}],"collection":[{"href":"https:\/\/www.encontrasaobernardo.com.br\/sobre\/wp-json\/wp\/v2\/posts"}],"about":[{"href":"https:\/\/www.encontrasaobernardo.com.br\/sobre\/wp-json\/wp\/v2\/types\/post"}],"author":[{"embeddable":true,"href":"https:\/\/www.encontrasaobernardo.com.br\/sobre\/wp-json\/wp\/v2\/users\/1"}],"replies":[{"embeddable":true,"href":"https:\/\/www.encontrasaobernardo.com.br\/sobre\/wp-json\/wp\/v2\/comments?post=391"}],"version-history":[{"count":0,"href":"https:\/\/www.encontrasaobernardo.com.br\/sobre\/wp-json\/wp\/v2\/posts\/391\/revisions"}],"wp:attachment":[{"href":"https:\/\/www.encontrasaobernardo.com.br\/sobre\/wp-json\/wp\/v2\/media?parent=391"}],"wp:term":[{"taxonomy":"category","embeddable":true,"href":"https:\/\/www.encontrasaobernardo.com.br\/sobre\/wp-json\/wp\/v2\/categories?post=391"},{"taxonomy":"post_tag","embeddable":true,"href":"https:\/\/www.encontrasaobernardo.com.br\/sobre\/wp-json\/wp\/v2\/tags?post=391"}],"curies":[{"name":"wp","href":"https:\/\/api.w.org\/{rel}","templated":true}]}}