{"id":387,"date":"2011-08-02T13:36:39","date_gmt":"2011-08-02T16:36:39","guid":{"rendered":"http:\/\/www.encontrasaobernardo.com.br\/noticias\/?p=387"},"modified":"2019-04-12T16:44:01","modified_gmt":"2019-04-12T19:44:01","slug":"ziraldo-abre-feira-literaria-em-sao-bernardo","status":"publish","type":"post","link":"https:\/\/www.encontrasaobernardo.com.br\/sobre\/ziraldo-abre-feira-literaria-em-sao-bernardo\/","title":{"rendered":"Ziraldo abre feira liter\u00e1ria em S\u00e3o Bernardo"},"content":{"rendered":"<div class=\"b7a9cc72b38518383f4213f1240ff05a\" data-index=\"1\" style=\"float: none; margin:0px;\">\n<!-- Anuncio display - global -->\r\n<ins class=\"adsbygoogle\"\r\n     style=\"display:block\"\r\n     data-ad-client=\"ca-pub-8585364105181520\"\r\n     data-ad-slot=\"8789329856\"\r\n     data-ad-format=\"auto\"\r\n     data-full-width-responsive=\"true\"><\/ins>\r\n<script>\r\n     (adsbygoogle = window.adsbygoogle || []).push({});\r\n<\/script>\n<\/div>\n<p>Come\u00e7ou ontem, apenas para convidados, na cidade de S\u00e3o Bernardo, a 1\u00aa Felit (Feira Liter\u00e1ria de S\u00e3o Bernardo). Voltado\u00a0ao p\u00fablico infanto-juvenil, o evento reunir\u00e1 no Pavilh\u00e3o Vera Cruz, durante as duas pr\u00f3ximas semanas, escritores, editoras e seus produtos e debates sobre o segmento\u00a0liter\u00e1rio.<\/p>\n<p>O evento abre ao p\u00fablico a partir de hoje at\u00e9 o dia 14, de segunda a sexta, das 8h \u00e0s 18h e de s\u00e1bado e domingo, das 10h \u00e0s 21h.<\/p>\n<p>Al\u00e9m de autoridades e representantes do segmento liter\u00e1rio, a Felit teve a presen\u00e7a ilustre do escritor e cartunista Ziraldo, que abriu a feira com discurso inflamado sobre a import\u00e2ncia da literatura na inf\u00e2ncia.<\/p>\n<p>&#8220;O problema nosso n\u00e3o \u00e9 apenas de educa\u00e7\u00e3o, de gram\u00e1tica&#8230; \u00c9 de leitura. Eu n\u00e3o sei o que \u00e9 objeto, mas sei escrever bem para burro&#8221;, brincou. &#8220;Queria que meus filhos fossem m\u00fasicos e espalhei instrumentos pela\u00a0casa. Todos aprenderam a tocar. Espalhem livros pelas suas casas&#8221;, recomendou Ziraldo.<\/p>\n<p>Passeando pela feira, que re\u00fane mais de 50 stands de editoras, a surpresa dos presentes foi pela\u00a0oferta de material e pelos pre\u00e7os oferecidos. &#8220;Importante para a crian\u00e7a e o jovem vai ser o manuseio, o contato com os livros&#8221;, acredita Ione Karpusenko, vice-diretora escolar.<\/p>\n<p>&#8220;Como a feira \u00e9 voltada apenas para literatura infanto-juvenil, qualquer pessoa ter\u00e1 um panorama bem amplo desse universo. Ler esses livros na inf\u00e2ncia s\u00e3o importantes para o desenvolvimento da imagina\u00e7\u00e3o e do vocabul\u00e1rio dos jovens e crian\u00e7as&#8221;, diz a professora Simone Mariano, que carregava uma sacola de livros em oferta.<\/p>\n<p>At\u00e9 o dia 14, diariamente, passar\u00e3o pelo evento 8.000 alunos da rede municipal de ensino. Cada escola recebe R$ 40 reais em vale-livros por cada aluno matriculado e cada crian\u00e7a ganha um livro para seu acervo particular.<\/p>\n<p>O p\u00fablico pode se deleitar com os debates e\u00a0lan\u00e7amentos promovidos. Autores como Ana Maria Machado, Eloisa Prieto, Marina Colassanti, Pedro Bandeira, Daniel Munduruku e Walcyr Carrasco est\u00e3o entre os convidados.<\/p>\n<p>Segundo o prefeito Luiz Marinho, o projeto \u00e9 que a feira funcione bienalmente. &#8220;O nosso compromisso \u00e9 que a pr\u00f3xima seja realizada em 2013&#8221;, declarou.<\/p>\n<p><em>Fonte: Di\u00e1rio do Grande ABC<\/em><\/p>\n\n<div style=\"font-size: 0px; height: 0px; line-height: 0px; margin: 0; padding: 0; clear: both;\"><\/div>","protected":false},"excerpt":{"rendered":"<p>Come\u00e7ou ontem, apenas para convidados, na cidade de S\u00e3o Bernardo, a 1\u00aa Felit (Feira Liter\u00e1ria de S\u00e3o Bernardo). Voltado\u00a0ao p\u00fablico infanto-juvenil, o evento reunir\u00e1 no Pavilh\u00e3o Vera Cruz, durante as duas pr\u00f3ximas semanas, escritores, editoras e seus produtos e debates sobre o segmento\u00a0liter\u00e1rio. O evento abre ao p\u00fablico a partir de hoje at\u00e9 o dia 14, de segunda a sexta, das 8h \u00e0s 18h e de s\u00e1bado e domingo, das 10h \u00e0s 21h. Al\u00e9m de autoridades e representantes do segmento liter\u00e1rio, a Felit teve a presen\u00e7a ilustre do escritor e cartunista Ziraldo, que abriu a feira com discurso inflamado sobre <\/p>\n","protected":false},"author":1,"featured_media":0,"comment_status":"open","ping_status":"closed","sticky":false,"template":"","format":"standard","meta":{"footnotes":""},"categories":[6],"tags":[14],"class_list":["post-387","post","type-post","status-publish","format-standard","hentry","category-noticias-em-sao-bernardo","tag-sao-bernardo"],"aioseo_notices":[],"_links":{"self":[{"href":"https:\/\/www.encontrasaobernardo.com.br\/sobre\/wp-json\/wp\/v2\/posts\/387","targetHints":{"allow":["GET"]}}],"collection":[{"href":"https:\/\/www.encontrasaobernardo.com.br\/sobre\/wp-json\/wp\/v2\/posts"}],"about":[{"href":"https:\/\/www.encontrasaobernardo.com.br\/sobre\/wp-json\/wp\/v2\/types\/post"}],"author":[{"embeddable":true,"href":"https:\/\/www.encontrasaobernardo.com.br\/sobre\/wp-json\/wp\/v2\/users\/1"}],"replies":[{"embeddable":true,"href":"https:\/\/www.encontrasaobernardo.com.br\/sobre\/wp-json\/wp\/v2\/comments?post=387"}],"version-history":[{"count":0,"href":"https:\/\/www.encontrasaobernardo.com.br\/sobre\/wp-json\/wp\/v2\/posts\/387\/revisions"}],"wp:attachment":[{"href":"https:\/\/www.encontrasaobernardo.com.br\/sobre\/wp-json\/wp\/v2\/media?parent=387"}],"wp:term":[{"taxonomy":"category","embeddable":true,"href":"https:\/\/www.encontrasaobernardo.com.br\/sobre\/wp-json\/wp\/v2\/categories?post=387"},{"taxonomy":"post_tag","embeddable":true,"href":"https:\/\/www.encontrasaobernardo.com.br\/sobre\/wp-json\/wp\/v2\/tags?post=387"}],"curies":[{"name":"wp","href":"https:\/\/api.w.org\/{rel}","templated":true}]}}