{"id":385,"date":"2011-08-02T13:35:33","date_gmt":"2011-08-02T16:35:33","guid":{"rendered":"http:\/\/www.encontrasaobernardo.com.br\/noticias\/?p=385"},"modified":"2019-04-12T16:44:01","modified_gmt":"2019-04-12T19:44:01","slug":"sao-bernardo-comemora-458-anos-com-programacao-especial","status":"publish","type":"post","link":"https:\/\/www.encontrasaobernardo.com.br\/sobre\/sao-bernardo-comemora-458-anos-com-programacao-especial\/","title":{"rendered":"S\u00e3o Bernardo comemora 458 anos com programa\u00e7\u00e3o especial"},"content":{"rendered":"<div class=\"b7a9cc72b38518383f4213f1240ff05a\" data-index=\"1\" style=\"float: none; margin:0px;\">\n<!-- Anuncio display - global -->\r\n<ins class=\"adsbygoogle\"\r\n     style=\"display:block\"\r\n     data-ad-client=\"ca-pub-8585364105181520\"\r\n     data-ad-slot=\"8789329856\"\r\n     data-ad-format=\"auto\"\r\n     data-full-width-responsive=\"true\"><\/ins>\r\n<script>\r\n     (adsbygoogle = window.adsbygoogle || []).push({});\r\n<\/script>\n<\/div>\n<p>A cidade S\u00e3o Bernardo do Campo completa 458 anos de hist\u00f3ria no dia 20 de agosto. A cidade, que possui uma popula\u00e7\u00e3o estimada em mais de 810 mil habitantes e \u00e9 conhecida por ser a capital do autom\u00f3vel e dos m\u00f3veis, ter\u00e1 uma programa\u00e7\u00e3o de anivers\u00e1rio especial com inaugura\u00e7\u00f5es nas \u00e1reas de sa\u00fade e educa\u00e7\u00e3o, atra\u00e7\u00f5es culturais e esportivas, entre outras. Todas as atividades s\u00e3o gratuitas.<\/p>\n<p>O calend\u00e1rio de festejos ter\u00e1 in\u00edcio neste domingo (31\/7) com a realiza\u00e7\u00e3o da 9\u00aa Meia Maratona Cidade de S\u00e3o Bernardo. Haver\u00e1 ainda os eventos tradicionais, como o Desfile C\u00edvico-Militar, a Sess\u00e3o Solene na C\u00e2mara Municipal e a Missa de A\u00e7\u00e3o de Gra\u00e7as na Igreja Matriz.<\/p>\n<p>A \u00e1rea de Cultura tamb\u00e9m ter\u00e1 uma programa\u00e7\u00e3o bem variada. Um dos destaques ser\u00e1 a reinaugura\u00e7\u00e3o da Ch\u00e1cara Silvestre, abrilhantada pelo Balaio Popular; o lan\u00e7amento do Expresso Lazer; a Confer\u00eancia Municipal da Juventude; e a Mostra Cinema e Cidadania, que exibir\u00e1 document\u00e1rios premiados e ter\u00e1 palestras com a participa\u00e7\u00e3o de convidados ilustres.<\/p>\n<p>J\u00e1 na \u00e1rea esportiva ser\u00e3o realizadas provas de Duathlon; Copa S\u00e3o Paulo de V\u00f4lei Feminino, com v\u00e1rias atletas que integram a Sele\u00e7\u00e3o Brasileira da modalidade; competi\u00e7\u00e3o de kart; provas de hipismo; campeonatos de futebol amador e skate, al\u00e9m de outras atividades radicais.<\/p>\n<p>Haver\u00e1 ainda a A\u00e7\u00e3o Comunit\u00e1ria Isl\u00e2mica; inaugura\u00e7\u00e3o do Espa\u00e7o Solid\u00e1rio; festa Muitos Povos, uma Cidade e a 1\u00aa Feira Liter\u00e1ria de S\u00e3o Bernardo do Campo, que ter\u00e1 mais de 70 editoras prestigiando este evento pioneiro e oferecendo uma diversidade de obras aos alunos da rede municipal de ensino e popula\u00e7\u00e3o em geral.<\/p>\n<p>No fim de semana de anivers\u00e1rio da cidade, atra\u00e7\u00f5es como S\u00e9rgio Reis, Edson, Zez\u00e9 di Camargo &amp; Luciano, Art Popular e Bocato v\u00e3o agitar o p\u00fablico. A programa\u00e7\u00e3o ainda ter\u00e1 debates, exposi\u00e7\u00f5es, palestras, cursos e apresenta\u00e7\u00f5es art\u00edsticas diversas.<\/p>\n<p>Tamb\u00e9m vai fazer parte da festa a inaugura\u00e7\u00e3o da UPA Paulic\u00e9ia\/Tabo\u00e3o, o Centro Esportivo do Jardim Lav\u00ednia, al\u00e9m de quadras esportivas, reforma de UBSs, entre outras a\u00e7\u00f5es.<\/p>\n<p><em>Fonte: Prefeitura de S\u00e3o Bernardo<\/em><\/p>\n\n<div style=\"font-size: 0px; height: 0px; line-height: 0px; margin: 0; padding: 0; clear: both;\"><\/div>","protected":false},"excerpt":{"rendered":"<p>A cidade S\u00e3o Bernardo do Campo completa 458 anos de hist\u00f3ria no dia 20 de agosto. A cidade, que possui uma popula\u00e7\u00e3o estimada em mais de 810 mil habitantes e \u00e9 conhecida por ser a capital do autom\u00f3vel e dos m\u00f3veis, ter\u00e1 uma programa\u00e7\u00e3o de anivers\u00e1rio especial com inaugura\u00e7\u00f5es nas \u00e1reas de sa\u00fade e educa\u00e7\u00e3o, atra\u00e7\u00f5es culturais e esportivas, entre outras. Todas as atividades s\u00e3o gratuitas. O calend\u00e1rio de festejos ter\u00e1 in\u00edcio neste domingo (31\/7) com a realiza\u00e7\u00e3o da 9\u00aa Meia Maratona Cidade de S\u00e3o Bernardo. Haver\u00e1 ainda os eventos tradicionais, como o Desfile C\u00edvico-Militar, a Sess\u00e3o Solene na C\u00e2mara <\/p>\n","protected":false},"author":1,"featured_media":0,"comment_status":"open","ping_status":"closed","sticky":false,"template":"","format":"standard","meta":{"footnotes":""},"categories":[6],"tags":[14],"class_list":["post-385","post","type-post","status-publish","format-standard","hentry","category-noticias-em-sao-bernardo","tag-sao-bernardo"],"aioseo_notices":[],"_links":{"self":[{"href":"https:\/\/www.encontrasaobernardo.com.br\/sobre\/wp-json\/wp\/v2\/posts\/385","targetHints":{"allow":["GET"]}}],"collection":[{"href":"https:\/\/www.encontrasaobernardo.com.br\/sobre\/wp-json\/wp\/v2\/posts"}],"about":[{"href":"https:\/\/www.encontrasaobernardo.com.br\/sobre\/wp-json\/wp\/v2\/types\/post"}],"author":[{"embeddable":true,"href":"https:\/\/www.encontrasaobernardo.com.br\/sobre\/wp-json\/wp\/v2\/users\/1"}],"replies":[{"embeddable":true,"href":"https:\/\/www.encontrasaobernardo.com.br\/sobre\/wp-json\/wp\/v2\/comments?post=385"}],"version-history":[{"count":0,"href":"https:\/\/www.encontrasaobernardo.com.br\/sobre\/wp-json\/wp\/v2\/posts\/385\/revisions"}],"wp:attachment":[{"href":"https:\/\/www.encontrasaobernardo.com.br\/sobre\/wp-json\/wp\/v2\/media?parent=385"}],"wp:term":[{"taxonomy":"category","embeddable":true,"href":"https:\/\/www.encontrasaobernardo.com.br\/sobre\/wp-json\/wp\/v2\/categories?post=385"},{"taxonomy":"post_tag","embeddable":true,"href":"https:\/\/www.encontrasaobernardo.com.br\/sobre\/wp-json\/wp\/v2\/tags?post=385"}],"curies":[{"name":"wp","href":"https:\/\/api.w.org\/{rel}","templated":true}]}}