{"id":381,"date":"2011-07-28T14:30:44","date_gmt":"2011-07-28T17:30:44","guid":{"rendered":"http:\/\/www.encontrasaobernardo.com.br\/noticias\/?p=381"},"modified":"2019-04-12T16:44:02","modified_gmt":"2019-04-12T19:44:02","slug":"prefeitura-realiza-a-exposicao-fotografica-parque-sao-bernardo","status":"publish","type":"post","link":"https:\/\/www.encontrasaobernardo.com.br\/sobre\/prefeitura-realiza-a-exposicao-fotografica-parque-sao-bernardo\/","title":{"rendered":"Prefeitura realiza a exposi\u00e7\u00e3o fotogr\u00e1fica Parque S\u00e3o Bernardo"},"content":{"rendered":"<div class=\"b7a9cc72b38518383f4213f1240ff05a\" data-index=\"1\" style=\"float: none; margin:0px;\">\n<!-- Anuncio display - global -->\r\n<ins class=\"adsbygoogle\"\r\n     style=\"display:block\"\r\n     data-ad-client=\"ca-pub-8585364105181520\"\r\n     data-ad-slot=\"8789329856\"\r\n     data-ad-format=\"auto\"\r\n     data-full-width-responsive=\"true\"><\/ins>\r\n<script>\r\n     (adsbygoogle = window.adsbygoogle || []).push({});\r\n<\/script>\n<\/div>\n<p>A Prefeitura da cidade de S\u00e3o Bernardo do Campo abre nesta segunda-feira (1\/8), como parte das comemora\u00e7\u00f5es pelo anivers\u00e1rio da cidade, celebrado no dia 20 de agosto, a exposi\u00e7\u00e3o fotogr\u00e1fica\u00a0<em>Parque S\u00e3o Bernardo<\/em>, realizada pelos adolescentes da oficina de fotografia da Funda\u00e7\u00e3o Crian\u00e7a, na unidade Parque S\u00e3o Bernardo. Os trabalhos da mostra s\u00e3o resultado do trabalho desenvolvido por meio do Projeto Radio, Cine e Foto: Difus\u00e3o de Tecnologia e Direitos Humanos, do Ponto de Cultura da entidade.<\/p>\n<p>A exposi\u00e7\u00f5es est\u00e1 dividida em tr\u00eas temas que trazem 60 fotos e retratam o olhar do adolescente no ambiente do Parque S\u00e3o Bernardo:\u00a0<em>O Nosso Meio Ambiente<\/em>,\u00a0<em>Povo da Periferia<\/em> e\u00a0<em>Exercitando o Olhar<\/em>. A proposta \u00e9 mostrar a comunidade do Parque S\u00e3o Bernardo nos dias atuais por meio de imagens que destacam, entre fotos panor\u00e2micas, o contraste do meio ambiente com a constru\u00e7\u00e3o das casas, entre outras percep\u00e7\u00f5es.<\/p>\n<p>A mostra \u00e9 gratuita continua at\u00e9 o dia 31 de agosto. A visita\u00e7\u00e3o poder\u00e1 ser feita de segunda a sexta-feira, das 9h \u00e0s 16h, na Unidade Parque S\u00e3o Bernardo da Funda\u00e7\u00e3o Crian\u00e7a, que fica na Rua Minas Gerais, s\/n\u00ba. Informa\u00e7\u00f5es pelo telefone 4330-8422.<\/p>\n<p><em>Fonte: Prefeitura de S\u00e3o Bernardo<\/em><\/p>\n\n<div style=\"font-size: 0px; height: 0px; line-height: 0px; margin: 0; padding: 0; clear: both;\"><\/div>","protected":false},"excerpt":{"rendered":"<p>A Prefeitura da cidade de S\u00e3o Bernardo do Campo abre nesta segunda-feira (1\/8), como parte das comemora\u00e7\u00f5es pelo anivers\u00e1rio da cidade, celebrado no dia 20 de agosto, a exposi\u00e7\u00e3o fotogr\u00e1fica\u00a0Parque S\u00e3o Bernardo, realizada pelos adolescentes da oficina de fotografia da Funda\u00e7\u00e3o Crian\u00e7a, na unidade Parque S\u00e3o Bernardo. Os trabalhos da mostra s\u00e3o resultado do trabalho desenvolvido por meio do Projeto Radio, Cine e Foto: Difus\u00e3o de Tecnologia e Direitos Humanos, do Ponto de Cultura da entidade. A exposi\u00e7\u00f5es est\u00e1 dividida em tr\u00eas temas que trazem 60 fotos e retratam o olhar do adolescente no ambiente do Parque S\u00e3o Bernardo:\u00a0O Nosso <\/p>\n","protected":false},"author":1,"featured_media":0,"comment_status":"open","ping_status":"closed","sticky":false,"template":"","format":"standard","meta":{"footnotes":""},"categories":[34],"tags":[14],"class_list":["post-381","post","type-post","status-publish","format-standard","hentry","category-cultura-em-sao-bernardo","tag-sao-bernardo"],"aioseo_notices":[],"_links":{"self":[{"href":"https:\/\/www.encontrasaobernardo.com.br\/sobre\/wp-json\/wp\/v2\/posts\/381","targetHints":{"allow":["GET"]}}],"collection":[{"href":"https:\/\/www.encontrasaobernardo.com.br\/sobre\/wp-json\/wp\/v2\/posts"}],"about":[{"href":"https:\/\/www.encontrasaobernardo.com.br\/sobre\/wp-json\/wp\/v2\/types\/post"}],"author":[{"embeddable":true,"href":"https:\/\/www.encontrasaobernardo.com.br\/sobre\/wp-json\/wp\/v2\/users\/1"}],"replies":[{"embeddable":true,"href":"https:\/\/www.encontrasaobernardo.com.br\/sobre\/wp-json\/wp\/v2\/comments?post=381"}],"version-history":[{"count":0,"href":"https:\/\/www.encontrasaobernardo.com.br\/sobre\/wp-json\/wp\/v2\/posts\/381\/revisions"}],"wp:attachment":[{"href":"https:\/\/www.encontrasaobernardo.com.br\/sobre\/wp-json\/wp\/v2\/media?parent=381"}],"wp:term":[{"taxonomy":"category","embeddable":true,"href":"https:\/\/www.encontrasaobernardo.com.br\/sobre\/wp-json\/wp\/v2\/categories?post=381"},{"taxonomy":"post_tag","embeddable":true,"href":"https:\/\/www.encontrasaobernardo.com.br\/sobre\/wp-json\/wp\/v2\/tags?post=381"}],"curies":[{"name":"wp","href":"https:\/\/api.w.org\/{rel}","templated":true}]}}