{"id":369,"date":"2011-07-26T17:29:41","date_gmt":"2011-07-26T20:29:41","guid":{"rendered":"http:\/\/www.encontrasaobernardo.com.br\/noticias\/?p=369"},"modified":"2019-04-12T16:44:02","modified_gmt":"2019-04-12T19:44:02","slug":"sao-bernardo-abre-150-vagas-para-cursos-profissionalizantes-do-protejo-jovens-de-fibra","status":"publish","type":"post","link":"https:\/\/www.encontrasaobernardo.com.br\/sobre\/sao-bernardo-abre-150-vagas-para-cursos-profissionalizantes-do-protejo-jovens-de-fibra\/","title":{"rendered":"S\u00e3o Bernardo recebe 1\u00aa Feira Liter\u00e1ria da cidade"},"content":{"rendered":"<div class=\"b7a9cc72b38518383f4213f1240ff05a\" data-index=\"1\" style=\"float: none; margin:0px;\">\n<!-- Anuncio display - global -->\r\n<ins class=\"adsbygoogle\"\r\n     style=\"display:block\"\r\n     data-ad-client=\"ca-pub-8585364105181520\"\r\n     data-ad-slot=\"8789329856\"\r\n     data-ad-format=\"auto\"\r\n     data-full-width-responsive=\"true\"><\/ins>\r\n<script>\r\n     (adsbygoogle = window.adsbygoogle || []).push({});\r\n<\/script>\n<\/div>\n<p>A partir do dia 1 de agosto, come\u00e7a a 1\u00aa Feira Liter\u00e1ria da cidade S\u00e3o Bernardo do Campo. In\u00e9dito na regi\u00e3o metropolitana de S\u00e3o Paulo, o\u00a0evento, que se estender\u00e1 at\u00e9 o dia 14, ser\u00e1 realizado no Pavilh\u00e3o Vera Cruz e contar\u00e1 exclusivamente com livros infanto-juvenil.<\/p>\n<p>&#8220;O diferencial da feira \u00e9 que ser\u00e3o apresentados apenas livros da literatura, que vai proporcionar qualidade na educa\u00e7\u00e3o, o est\u00edmulo da leitura e, consequentemente, melhorar a condi\u00e7\u00e3o de escrita dos alunos&#8221;, disse a secret\u00e1ria de educa\u00e7\u00e3o da cidade, Cleuza Repulho.<\/p>\n<p>A expectativa \u00e9 de 12 mil visitantes por dia. Os ingressos custam R$ 2, com meia-entrada para estudantes e maiores de 65 anos. Cerca de 80 mil alunos da rede\u00a0municipal ir\u00e3o visitar o local, com entrada gratuita. Para isso, a Prefeitura vai disponibilizar 100 \u00f4nibus, que circular\u00e3o pela cidade levando estudantes e professores ao evento. No final da feira, cada crian\u00e7a ganhar\u00e1 um livro para levar para casa. Cada unidade escolar vai receber uma verba para adquirir livros para a biblioteca da escola.<\/p>\n<p>&#8220;A feira vai proporcionar que as escolas melhorem os indicadores de ensino e tamb\u00e9m proporcionar que o p\u00fablico da regi\u00e3o possa conhecer grandes obras da literatura&#8221;, disse o\u00a0prefeito de S\u00e3o Bernardo, Luiz Marinho (PT).<\/p>\n<p>Setenta editoras est\u00e3o confirmadas no evento. Entre os autores que participar\u00e3o da feira est\u00e3o Ziraldo, Ruth Rocha, Ana Maria Machado, Ricardo Azevedo. O\u00a0ministro da Educa\u00e7\u00e3o, Fernando Haddad, tamb\u00e9m estar\u00e1 presente no Pavilh\u00e3o Vera Cruz, contando hist\u00f3rias para as crian\u00e7as.<\/p>\n<p>A feira \u00e9 uma parceria com a Funda\u00e7\u00e3o Nacional do Livro Infantil e Juvenil. O investimento no evento foi de R$ 6 milh\u00f5es.<\/p>\n<p><em>Fonte: Di\u00e1rio do Grande ABC<\/em><\/p>\n<p><em><br \/>\n<\/em><\/p>\n\n<div style=\"font-size: 0px; height: 0px; line-height: 0px; margin: 0; padding: 0; clear: both;\"><\/div>","protected":false},"excerpt":{"rendered":"<p>A partir do dia 1 de agosto, come\u00e7a a 1\u00aa Feira Liter\u00e1ria da cidade S\u00e3o Bernardo do Campo. In\u00e9dito na regi\u00e3o metropolitana de S\u00e3o Paulo, o\u00a0evento, que se estender\u00e1 at\u00e9 o dia 14, ser\u00e1 realizado no Pavilh\u00e3o Vera Cruz e contar\u00e1 exclusivamente com livros infanto-juvenil. &#8220;O diferencial da feira \u00e9 que ser\u00e3o apresentados apenas livros da literatura, que vai proporcionar qualidade na educa\u00e7\u00e3o, o est\u00edmulo da leitura e, consequentemente, melhorar a condi\u00e7\u00e3o de escrita dos alunos&#8221;, disse a secret\u00e1ria de educa\u00e7\u00e3o da cidade, Cleuza Repulho. A expectativa \u00e9 de 12 mil visitantes por dia. Os ingressos custam R$ 2, com <\/p>\n","protected":false},"author":1,"featured_media":0,"comment_status":"open","ping_status":"closed","sticky":false,"template":"","format":"standard","meta":{"footnotes":""},"categories":[6],"tags":[14],"class_list":["post-369","post","type-post","status-publish","format-standard","hentry","category-noticias-em-sao-bernardo","tag-sao-bernardo"],"aioseo_notices":[],"_links":{"self":[{"href":"https:\/\/www.encontrasaobernardo.com.br\/sobre\/wp-json\/wp\/v2\/posts\/369","targetHints":{"allow":["GET"]}}],"collection":[{"href":"https:\/\/www.encontrasaobernardo.com.br\/sobre\/wp-json\/wp\/v2\/posts"}],"about":[{"href":"https:\/\/www.encontrasaobernardo.com.br\/sobre\/wp-json\/wp\/v2\/types\/post"}],"author":[{"embeddable":true,"href":"https:\/\/www.encontrasaobernardo.com.br\/sobre\/wp-json\/wp\/v2\/users\/1"}],"replies":[{"embeddable":true,"href":"https:\/\/www.encontrasaobernardo.com.br\/sobre\/wp-json\/wp\/v2\/comments?post=369"}],"version-history":[{"count":0,"href":"https:\/\/www.encontrasaobernardo.com.br\/sobre\/wp-json\/wp\/v2\/posts\/369\/revisions"}],"wp:attachment":[{"href":"https:\/\/www.encontrasaobernardo.com.br\/sobre\/wp-json\/wp\/v2\/media?parent=369"}],"wp:term":[{"taxonomy":"category","embeddable":true,"href":"https:\/\/www.encontrasaobernardo.com.br\/sobre\/wp-json\/wp\/v2\/categories?post=369"},{"taxonomy":"post_tag","embeddable":true,"href":"https:\/\/www.encontrasaobernardo.com.br\/sobre\/wp-json\/wp\/v2\/tags?post=369"}],"curies":[{"name":"wp","href":"https:\/\/api.w.org\/{rel}","templated":true}]}}