{"id":358,"date":"2011-07-14T18:21:34","date_gmt":"2011-07-14T21:21:34","guid":{"rendered":"http:\/\/www.encontrasaobernardo.com.br\/noticias\/?p=358"},"modified":"2019-04-12T16:44:02","modified_gmt":"2019-04-12T19:44:02","slug":"sao-bernardo-aumenta-em-140-servico-de-varricao","status":"publish","type":"post","link":"https:\/\/www.encontrasaobernardo.com.br\/sobre\/sao-bernardo-aumenta-em-140-servico-de-varricao\/","title":{"rendered":"S\u00e3o Bernardo aumenta em 140% servi\u00e7o de varri\u00e7\u00e3o"},"content":{"rendered":"<div class=\"b7a9cc72b38518383f4213f1240ff05a\" data-index=\"1\" style=\"float: none; margin:0px;\">\n<!-- Anuncio display - global -->\r\n<ins class=\"adsbygoogle\"\r\n     style=\"display:block\"\r\n     data-ad-client=\"ca-pub-8585364105181520\"\r\n     data-ad-slot=\"8789329856\"\r\n     data-ad-format=\"auto\"\r\n     data-full-width-responsive=\"true\"><\/ins>\r\n<script>\r\n     (adsbygoogle = window.adsbygoogle || []).push({});\r\n<\/script>\n<\/div>\n<p>O\u00a0prefeito da cidade de S\u00e3o Bernardo, Luiz Marinho (PT), anunciou ontem que a cidade praticamente dobrou o\u00a0servi\u00e7o de varri\u00e7\u00e3o de ruas na cidade. O servi\u00e7o atingia 5.000 quil\u00f4metros a cada m\u00eas, n\u00famero ampliado para 12.000 quil\u00f4metros a cada 30 dias, aumento de 140%, ao custo de R$ 1 milh\u00e3o.<\/p>\n<p>Para que a meta seja atingida na plenitude, o n\u00famero de funcion\u00e1rios e a frequ\u00eancia tamb\u00e9m aumentam: os respons\u00e1veis pela\u00a0limpeza passam de 107 para 244, enquanto o servi\u00e7o de varri\u00e7\u00e3o salta de um para dois dias por semana. &#8220;T\u00ednhamos um servi\u00e7o insuficiente, que n\u00e3o dava conta de uma cidade das propor\u00e7\u00f5es da nossa&#8221;, reconheceu o prefeito.<\/p>\n<p>Para amplia\u00e7\u00e3o do servi\u00e7o, a\u00a0administra\u00e7\u00e3o aumentou os gastos em R$ 650 mil por m\u00eas, o que d\u00e1 cerca de R$ 1 milh\u00e3o.<\/p>\n<p>Aproximadamente 30 bairros e vilas foram inclu\u00eddos no cronograma de varri\u00e7\u00e3o, atendendo a 3.235 trechos, ou 80% do munic\u00edpio. Dos 20% restantes, segundo informou o diretor do Departamento de Limpeza Urbana, Marcelo Cardozo, cerca de 10% s\u00e3o \u00e1reas n\u00e3o pavimentadas, onde h\u00e1 dificuldade de realizar o servi\u00e7o.<\/p>\n<p>Mas esses locais n\u00e3o ser\u00e3o esquecidos, segundo o prefeito. &#8220;Conforme conseguirmos urbanizar essas comunidades, vamos levar tamb\u00e9m a varri\u00e7\u00e3o.&#8221;<\/p>\n<p>A amplia\u00e7\u00e3o do servi\u00e7o tamb\u00e9m prev\u00ea utiliza\u00e7\u00e3o de m\u00e1quinas que t\u00eam capacidade de aspirar, triturar e ensacar automaticamente o lixo coletado. J\u00e1 havia aparelhos que executavam esse tipo de servi\u00e7o, mas a coleta de res\u00edduos era basicamente manual, conforme informou o secret\u00e1rio de Servi\u00e7os Urbanos, Ney Vaz J\u00fanior.<\/p>\n<p>As m\u00e1quinas far\u00e3o varri\u00e7\u00e3o de grandes vias, como a Avenida Brigadeiro Faria Lima, na regi\u00e3o central. O gestor da Pasta garantiu que o tr\u00e2nsito j\u00e1 complicado da regi\u00e3o n\u00e3o dever\u00e1 sofrer impacto porque os servi\u00e7os ser\u00e3o executados \u00e0 noite.<\/p>\n<p><strong>Mudan\u00e7a contempla bairros perif\u00e9ricos<\/strong><\/p>\n<p>A amplia\u00e7\u00e3o dos servi\u00e7os de varri\u00e7\u00e3o dever\u00e1 beneficiar principalmente os bairros perif\u00e9ricos, que sofriam com a falta de zelo do poder p\u00fablico. \u00c1reas centrais e com maior concentra\u00e7\u00e3o de pedestres e com\u00e9rcio j\u00e1 contavam com o servi\u00e7o de varri\u00e7\u00e3o com certa frequ\u00eancia.<\/p>\n<p>Agora, 30 comunidades foram inclu\u00eddas no cronograma de varri\u00e7\u00e3o, como Vila S\u00e3o Pedro, Parque S\u00e3o Bernardo, Jardim Boa Vista, Vila da Biquinha, N\u00facleo S\u00e3o Jorge, Jardim Laura II, Jardim da Represa, Vila do Bosque, Batistini, Galil\u00e9ia, Jardim Belita, Parque das Gar\u00e7as, Parque Bandeirantes e Jardim das Orqu\u00eddeas.<\/p>\n<p>Em algumas dessas comunidades o servi\u00e7o s\u00f3 poder\u00e1 ser implementado em sua totalidade ap\u00f3s obras de reurbaniza\u00e7\u00e3o, conforme informou o prefeito Luiz Marinho. Ele tamb\u00e9m pediu a colabora\u00e7\u00e3o da popula\u00e7\u00e3o na fiscaliza\u00e7\u00e3o do servi\u00e7o. Segundo ele, este ser\u00e1 um dos principais term\u00f4metros para medir a\u00a0qualidade.<\/p>\n<p>Marinho disse que quer implementar um novo conceito. &#8220;Queremos saber se o lixo foi efetivamente coletado, e a rua limpa de verdade.&#8221;<\/p>\n<p><em>Fonte: Di\u00e1rio do Grande ABC<\/em><\/p>\n\n<div style=\"font-size: 0px; height: 0px; line-height: 0px; margin: 0; padding: 0; clear: both;\"><\/div>","protected":false},"excerpt":{"rendered":"<p>O\u00a0prefeito da cidade de S\u00e3o Bernardo, Luiz Marinho (PT), anunciou ontem que a cidade praticamente dobrou o\u00a0servi\u00e7o de varri\u00e7\u00e3o de ruas na cidade. O servi\u00e7o atingia 5.000 quil\u00f4metros a cada m\u00eas, n\u00famero ampliado para 12.000 quil\u00f4metros a cada 30 dias, aumento de 140%, ao custo de R$ 1 milh\u00e3o. Para que a meta seja atingida na plenitude, o n\u00famero de funcion\u00e1rios e a frequ\u00eancia tamb\u00e9m aumentam: os respons\u00e1veis pela\u00a0limpeza passam de 107 para 244, enquanto o servi\u00e7o de varri\u00e7\u00e3o salta de um para dois dias por semana. &#8220;T\u00ednhamos um servi\u00e7o insuficiente, que n\u00e3o dava conta de uma cidade das propor\u00e7\u00f5es <\/p>\n","protected":false},"author":1,"featured_media":0,"comment_status":"open","ping_status":"closed","sticky":false,"template":"","format":"standard","meta":{"footnotes":""},"categories":[6],"tags":[14],"class_list":["post-358","post","type-post","status-publish","format-standard","hentry","category-noticias-em-sao-bernardo","tag-sao-bernardo"],"aioseo_notices":[],"_links":{"self":[{"href":"https:\/\/www.encontrasaobernardo.com.br\/sobre\/wp-json\/wp\/v2\/posts\/358","targetHints":{"allow":["GET"]}}],"collection":[{"href":"https:\/\/www.encontrasaobernardo.com.br\/sobre\/wp-json\/wp\/v2\/posts"}],"about":[{"href":"https:\/\/www.encontrasaobernardo.com.br\/sobre\/wp-json\/wp\/v2\/types\/post"}],"author":[{"embeddable":true,"href":"https:\/\/www.encontrasaobernardo.com.br\/sobre\/wp-json\/wp\/v2\/users\/1"}],"replies":[{"embeddable":true,"href":"https:\/\/www.encontrasaobernardo.com.br\/sobre\/wp-json\/wp\/v2\/comments?post=358"}],"version-history":[{"count":0,"href":"https:\/\/www.encontrasaobernardo.com.br\/sobre\/wp-json\/wp\/v2\/posts\/358\/revisions"}],"wp:attachment":[{"href":"https:\/\/www.encontrasaobernardo.com.br\/sobre\/wp-json\/wp\/v2\/media?parent=358"}],"wp:term":[{"taxonomy":"category","embeddable":true,"href":"https:\/\/www.encontrasaobernardo.com.br\/sobre\/wp-json\/wp\/v2\/categories?post=358"},{"taxonomy":"post_tag","embeddable":true,"href":"https:\/\/www.encontrasaobernardo.com.br\/sobre\/wp-json\/wp\/v2\/tags?post=358"}],"curies":[{"name":"wp","href":"https:\/\/api.w.org\/{rel}","templated":true}]}}