{"id":3578,"date":"2026-04-29T13:06:02","date_gmt":"2026-04-29T16:06:02","guid":{"rendered":"https:\/\/www.encontrasaobernardo.com.br\/sobre\/inscricoes-para-o-programa-conecta-sao-bernardo-encerram-domingo\/"},"modified":"2026-04-29T13:06:02","modified_gmt":"2026-04-29T16:06:02","slug":"inscricoes-para-o-programa-conecta-sao-bernardo-encerram-domingo","status":"publish","type":"post","link":"https:\/\/www.encontrasaobernardo.com.br\/sobre\/inscricoes-para-o-programa-conecta-sao-bernardo-encerram-domingo\/","title":{"rendered":"Inscri\u00e7\u00f5es para o programa Conecta S\u00e3o Bernardo encerram domingo"},"content":{"rendered":"<div class=\"b7a9cc72b38518383f4213f1240ff05a\" data-index=\"1\" style=\"float: none; margin:0px;\">\n<!-- Anuncio display - global -->\r\n<ins class=\"adsbygoogle\"\r\n     style=\"display:block\"\r\n     data-ad-client=\"ca-pub-8585364105181520\"\r\n     data-ad-slot=\"8789329856\"\r\n     data-ad-format=\"auto\"\r\n     data-full-width-responsive=\"true\"><\/ins>\r\n<script>\r\n     (adsbygoogle = window.adsbygoogle || []).push({});\r\n<\/script>\n<\/div>\n<h2>O que \u00e9 o programa Conecta S\u00e3o Bernardo?<\/h2>\n<p>O Conecta S\u00e3o Bernardo \u00e9 uma iniciativa que visa proporcionar a jovens do ensino m\u00e9dio da rede p\u00fablica a oportunidade de participar de um interc\u00e2mbio cultural gratuito na Irlanda. O programa foi criado para estimular a imers\u00e3o em uma nova cultura e o aprendizado do idioma ingl\u00eas em um ambiente internacional, promovendo n\u00e3o apenas o desenvolvimento acad\u00eamico, mas tamb\u00e9m a forma\u00e7\u00e3o pessoal dos estudantes.<\/p>\n<h2>Vagas dispon\u00edveis e quem pode se inscrever<\/h2>\n<p>Para a edi\u00e7\u00e3o mais recente do Conecta S\u00e3o Bernardo, est\u00e3o sendo oferecidas 30 vagas para estudantes do ensino m\u00e9dio da cidade de <strong>S\u00e3o Bernardo do Campo<\/strong>. Os interessados devem atender a certos crit\u00e9rios, que ser\u00e3o detalhados adiante. Este programa \u00e9 uma chance valiosa para aqueles que buscam experi\u00eancia internacional e crescimento pessoal.<\/p>\n<h2>Determinados requisitos e crit\u00e9rios de sele\u00e7\u00e3o<\/h2>\n<p>Os candidatos devem observar os seguintes requisitos para se inscrever no programa:<\/p>\n<p><img decoding=\"async\" src=\"https:\/\/www.encontrasaobernardo.com.br\/sobre\/wp-content\/uploads\/2026\/04\/inscricoes-para-o-programa-conecta-sao-bernardo-encerram-domingo.webp\" alt=\"Conecta S\u00e3o Bernardo\" loading=\"lazy\" \/><\/p>\n<ul>\n<li><strong>Idade:<\/strong> Ser adolescente entre 15 e 17 anos.<\/li>\n<li><strong>Matriculados:<\/strong> Estar regularmente matriculados no ensino m\u00e9dio de uma institui\u00e7\u00e3o p\u00fablica no ano letivo de 2026.<\/li>\n<li><strong>Resid\u00eancia:<\/strong> Comprovar resid\u00eancia em S\u00e3o Bernardo do Campo h\u00e1 pelo menos dois anos.<\/li>\n<li><strong>Cadastro:<\/strong> Estar inscrito no Cadastro \u00danico (Cad\u00danico) do governo, com uma renda familiar per capita de at\u00e9 meio sal\u00e1rio m\u00ednimo.<\/li>\n<\/ul>\n<p>A sele\u00e7\u00e3o ser\u00e1 realizada em duas etapas: a primeira avaliar\u00e1 o m\u00e9rito acad\u00eamico com base nas notas de Portugu\u00eas e Ingl\u00eas do ano anterior (m\u00ednimo de 7 para ambas as disciplinas) e a segunda envolver\u00e1 a verifica\u00e7\u00e3o documental para garantir que os crit\u00e9rios socioecon\u00f4micos sejam atendidos.<\/p>\n<h2>O que os selecionados ir\u00e3o experimentar em Dublin<\/h2>\n<p>Os estudantes que forem escolhidos para o interc\u00e2mbio viajar\u00e3o para Dublin em julho de 2026, e a dura\u00e7\u00e3o da estadia ser\u00e1 de 30 dias. Durante esse per\u00edodo, os participantes ter\u00e3o a oportunidade de:<\/p>\n<ul>\n<li><strong>Interagir com jovens de diversas partes do mundo:<\/strong> O interc\u00e2mbio proporcionar\u00e1 um ambiente multicultural.<\/li>\n<li><strong>Visitar locais hist\u00f3ricos e culturais:<\/strong> Est\u00e3o planejados roteiros que incluir\u00e3o visitas ao <em>The Irish National Heritage Park<\/em>, entre outros pontos de interesse.<\/li>\n<li><strong>Aprender o idioma:<\/strong> Haver\u00e1 atividades acad\u00eamicas focadas no aprendizado da l\u00edngua inglesa.<\/li>\n<\/ul>\n<h2>Benef\u00edcios oferecidos pelo programa<\/h2>\n<p>O Conecta S\u00e3o Bernardo \u00e9 totalmente gratuito, permitindo que o programa seja acess\u00edvel a alunos de baixa renda. Os benef\u00edcios incluem:<\/p>\n<ul>\n<li>Passagens a\u00e9reas de ida e volta para a Irlanda.<\/li>\n<li>Seguro de viagem durante todo o interc\u00e2mbio.<\/li>\n<li>Acomoda\u00e7\u00e3o em resid\u00eancia estudantil no campus universit\u00e1rio.<\/li>\n<li>Tr\u00eas refei\u00e7\u00f5es di\u00e1rias e fornecimento de material did\u00e1tico.<\/li>\n<li>Apoio para a emiss\u00e3o de passaporte e vistos necess\u00e1rios.<\/li>\n<li>Cart\u00e3o de d\u00e9bito internacional com bolsa para despesas pessoais durante a estadia.<\/li>\n<\/ul>\n<h2>Cronograma importante para os candidatos<\/h2>\n<p>Os candidatos devem se atentar ao cronograma do programa:<\/p>\n<ul>\n<li>As inscri\u00e7\u00f5es encerram-se em <strong>5 de abril<\/strong>, \u00e0s 23h59.<\/li>\n<li>A divulga\u00e7\u00e3o dos nomes dos selecionados ocorrer\u00e1 no dia <strong>14 de abril<\/strong>.<\/li>\n<li>Os 60 primeiros colocados na lista receber\u00e3o convoca\u00e7\u00e3o para entrega de documentos, sendo que os 30 melhores compor\u00e3o o grupo de intercambistas.<\/li>\n<\/ul>\n<h2>Como se inscrever no Conecta S\u00e3o Bernardo<\/h2>\n<p>Para participar do processo seletivo, os interessados devem realizar sua inscri\u00e7\u00e3o exclusivamente atrav\u00e9s do site oficial da Secretaria de Educa\u00e7\u00e3o de S\u00e3o Bernardo do Campo. O link para a inscri\u00e7\u00e3o est\u00e1 dispon\u00edvel em <a href=\"https:\/\/educacao.saobernardo.sp.gov.br\/conecta-sbc.html\">educacao.saobernardo.sp.gov.br\/conecta-sbc.html<\/a>. \u00c9 imprescind\u00edvel que os candidatos leiam atentamente o edital dispon\u00edvel no site para se inteirar sobre todos os detalhes e instru\u00e7\u00f5es.<\/p>\n<h2>O impacto da experi\u00eancia de interc\u00e2mbio na vida dos jovens<\/h2>\n<p>A experi\u00eancia de participar de um interc\u00e2mbio, como o proporcionado pelo Conecta S\u00e3o Bernardo, tem um impacto significativo na vida dos jovens. Eles n\u00e3o apenas aprendem um novo idioma, mas tamb\u00e9m desenvolvem habilidades interculturais, ampliam sua rede de contatos e ganham autoconfian\u00e7a. Al\u00e9m disso, essa viv\u00eancia pode ser um diferencial no mercado de trabalho, uma vez que a experi\u00eancia internacional \u00e9 valorizada por muitas empresas.<\/p>\n<h2>Depoimentos de participantes anteriores<\/h2>\n<p>Ex-participantes do programa t\u00eam compartilhado experi\u00eancias enriquecedoras, destacando a transforma\u00e7\u00e3o que o interc\u00e2mbio trouxe em suas vidas. Os relatos incluem:<\/p>\n<ul>\n<li><strong>Crescimento Pessoal:<\/strong> Muitos descreveram como a imers\u00e3o em uma nova cultura ajudou a desenvolver sua autonomia e responsabilidade.<\/li>\n<li><strong>Aprimoramento no Idioma:<\/strong> Os jovens notaram uma evolu\u00e7\u00e3o significativa na flu\u00eancia do ingl\u00eas e na capacidade de comunica\u00e7\u00e3o.<\/li>\n<li><strong>Criar La\u00e7os:<\/strong> A conviv\u00eancia com pessoas de diferentes nacionalidades proporcionou amizades duradouras.<\/li>\n<\/ul>\n<h2>Pr\u00f3ximos passos ap\u00f3s a sele\u00e7\u00e3o<\/h2>\n<p>Depois de anunciados os selecionados, os pr\u00f3ximos passos incluem a entrega da documenta\u00e7\u00e3o necess\u00e1ria para efetivar a participa\u00e7\u00e3o no programa. Os aluno devem estar atentos \u00e0s orienta\u00e7\u00f5es da Secretaria de Educa\u00e7\u00e3o sobre o processo de prepara\u00e7\u00e3o para a viagem, que incluir\u00e1 informa\u00e7\u00f5es sobre a cultura irlandesa, dicas de comportamento, e detalhes pr\u00e1ticos da viagem. Para aqueles que forem convocados ao cadastro reserva, ainda h\u00e1 a possibilidade de ingressar no programa, caso haja desist\u00eancias dos participantes iniciais.<\/p>\n\n<div style=\"font-size: 0px; height: 0px; line-height: 0px; margin: 0; padding: 0; clear: both;\"><\/div>","protected":false},"excerpt":{"rendered":"<p>As inscri\u00e7\u00f5es para o programa Conecta S\u00e3o Bernardo terminam neste domingo! N\u00e3o perca esta oportunidade de interc\u00e2mbio.<\/p>\n","protected":false},"author":1,"featured_media":3577,"comment_status":"closed","ping_status":"closed","sticky":false,"template":"","format":"standard","meta":{"footnotes":""},"categories":[6],"tags":[],"class_list":["post-3578","post","type-post","status-publish","format-standard","has-post-thumbnail","hentry","category-noticias-em-sao-bernardo","has_thumb"],"aioseo_notices":[],"_links":{"self":[{"href":"https:\/\/www.encontrasaobernardo.com.br\/sobre\/wp-json\/wp\/v2\/posts\/3578","targetHints":{"allow":["GET"]}}],"collection":[{"href":"https:\/\/www.encontrasaobernardo.com.br\/sobre\/wp-json\/wp\/v2\/posts"}],"about":[{"href":"https:\/\/www.encontrasaobernardo.com.br\/sobre\/wp-json\/wp\/v2\/types\/post"}],"author":[{"embeddable":true,"href":"https:\/\/www.encontrasaobernardo.com.br\/sobre\/wp-json\/wp\/v2\/users\/1"}],"replies":[{"embeddable":true,"href":"https:\/\/www.encontrasaobernardo.com.br\/sobre\/wp-json\/wp\/v2\/comments?post=3578"}],"version-history":[{"count":0,"href":"https:\/\/www.encontrasaobernardo.com.br\/sobre\/wp-json\/wp\/v2\/posts\/3578\/revisions"}],"wp:featuredmedia":[{"embeddable":true,"href":"https:\/\/www.encontrasaobernardo.com.br\/sobre\/wp-json\/wp\/v2\/media\/3577"}],"wp:attachment":[{"href":"https:\/\/www.encontrasaobernardo.com.br\/sobre\/wp-json\/wp\/v2\/media?parent=3578"}],"wp:term":[{"taxonomy":"category","embeddable":true,"href":"https:\/\/www.encontrasaobernardo.com.br\/sobre\/wp-json\/wp\/v2\/categories?post=3578"},{"taxonomy":"post_tag","embeddable":true,"href":"https:\/\/www.encontrasaobernardo.com.br\/sobre\/wp-json\/wp\/v2\/tags?post=3578"}],"curies":[{"name":"wp","href":"https:\/\/api.w.org\/{rel}","templated":true}]}}