{"id":3572,"date":"2026-04-28T12:28:18","date_gmt":"2026-04-28T15:28:18","guid":{"rendered":"https:\/\/www.encontrasaobernardo.com.br\/sobre\/inapaf-realiza-formacao-com-120-participantes-em-sao-bernardo-do-campo-sp\/"},"modified":"2026-04-28T12:28:18","modified_gmt":"2026-04-28T15:28:18","slug":"inapaf-realiza-formacao-com-120-participantes-em-sao-bernardo-do-campo-sp","status":"publish","type":"post","link":"https:\/\/www.encontrasaobernardo.com.br\/sobre\/inapaf-realiza-formacao-com-120-participantes-em-sao-bernardo-do-campo-sp\/","title":{"rendered":"INAPAF realiza forma\u00e7\u00e3o com 120 participantes em S\u00e3o Bernardo do Campo (SP)"},"content":{"rendered":"<div class=\"b7a9cc72b38518383f4213f1240ff05a\" data-index=\"1\" style=\"float: none; margin:0px;\">\n<!-- Anuncio display - global -->\r\n<ins class=\"adsbygoogle\"\r\n     style=\"display:block\"\r\n     data-ad-client=\"ca-pub-8585364105181520\"\r\n     data-ad-slot=\"8789329856\"\r\n     data-ad-format=\"auto\"\r\n     data-full-width-responsive=\"true\"><\/ins>\r\n<script>\r\n     (adsbygoogle = window.adsbygoogle || []).push({});\r\n<\/script>\n<\/div>\n<h2>O Impacto da Forma\u00e7\u00e3o Familiar na Sociedade<\/h2>\n<p>A forma\u00e7\u00e3o voltada \u00e0 pastoral familiar representa uma abordagem significativa para lidar com os desafios modernos que as fam\u00edlias enfrentam. O Instituto Nacional da Fam\u00edlia e da Pastoral Familiar (INAPAF), com foco nos ensinamentos crist\u00e3os, busca criar um espa\u00e7o de reflex\u00e3o e aprendizado. Essa iniciativa \u00e9 fundamental, pois as fam\u00edlias desempenham um papel primordial na estrutura social ao promover valores de solidariedade, amor e respeito m\u00fatuo.<\/p>\n<p>Atrav\u00e9s de forma\u00e7\u00f5es bem estruturadas, como as realizadas em S\u00e3o Bernardo do Campo (SP), pode-se promover uma transforma\u00e7\u00e3o positiva na vida das pessoas, fortalecendo as rela\u00e7\u00f5es familiares e, por consequ\u00eancia, impactando a sociedade como um todo. Tal efeito \u00e9 not\u00f3rio, pois fam\u00edlias unidas e fortalecidas tendem a criar comunidades mais coesas e solid\u00e1rias.<\/p>\n<h2>Temas Abordados Durante a Forma\u00e7\u00e3o do INAPAF<\/h2>\n<p>No \u00faltimo encontro promovido pelo INAPAF, ocorreram discuss\u00f5es sobre diversos assuntos que s\u00e3o extremamente relevantes no contexto atual. Entre os principais t\u00f3picos estavam:<\/p>\n<p><img decoding=\"async\" src=\"https:\/\/www.encontrasaobernardo.com.br\/sobre\/wp-content\/uploads\/2026\/04\/inapaf-realiza-formacao-com-120-participantes-em-sao-bernardo-do-campo-sp.webp\" alt=\"INAPAF\" loading=\"lazy\" \/><\/p>\n<ul>\n<li><strong>Dignidade da Pessoa:<\/strong> Este tema \u00e9 uma premissa dos ensinamentos da Igreja, destacando a import\u00e2ncia de reconhecer e respeitar a dignidade de cada indiv\u00edduo.<\/li>\n<li><strong>Construir Proximidade:<\/strong> Fator essencial para estabelecer uma comunh\u00e3o aut\u00eantica dentro das rela\u00e7\u00f5es familiares e comunit\u00e1rias.<\/li>\n<li><strong>Uni\u00e3o Conjugal e Sacramento do Matrim\u00f4nio:<\/strong> A uni\u00e3o familiar \u00e9 tratada n\u00e3o apenas como uma uni\u00e3o civil, mas como um sacramento que deve ser valorizado e respeitado.<\/li>\n<li><strong>Fam\u00edlia no Plano de Deus:<\/strong> Compreender a import\u00e2ncia da fam\u00edlia nos ensinamentos b\u00edblicos e como isso se aplica no dia a dia.<\/li>\n<li><strong>Pastoral Familiar:<\/strong> Estruturas e funcionamento da pastoral familiar e sua import\u00e2ncia nas par\u00f3quias.<\/li>\n<li><strong>Setores Especiais:<\/strong> Abordagens espec\u00edficas para os setores Pr\u00e9-matrimonial, P\u00f3s-matrimonial e Casos Especiais.<\/li>\n<\/ul>\n<h2>A Visita Inspiradora de Dom Pedro Carlos Cipollini<\/h2>\n<p>Durante o evento, os participantes tiveram a honra de receber a visita de Dom Pedro Carlos Cipollini, que trouxe uma mensagem encorajadora. O bispo enfatizou a relev\u00e2ncia da fam\u00edlia no mundo contempor\u00e2neo, afirmando que ela \u00e9 um pilar essencial para a vida humana e crist\u00e3. Suas palavras repercutiram fortemente entre os presentes:<\/p>\n<blockquote>\n<p>\u201cA verdade \u00e9 que a fam\u00edlia, mais do que nunca, hoje \u00e9 necess\u00e1ria, a fam\u00edlia crist\u00e3. Estou dizendo como Deus projetou e est\u00e1 na B\u00edblia, porque n\u00f3s estamos numa \u00e9poca de uma grande crise antropol\u00f3gica.\u201d<\/p>\n<\/blockquote>\n<p>Estas observa\u00e7\u00f5es ajudam a enfatizar a urg\u00eancia das iniciativas voltadas ao fortalecimento da fam\u00edlia e \u00e0 conviv\u00eancia harm\u00f4nica entre seus membros.<\/p>\n<h2>Import\u00e2ncia da Fam\u00edlia na Crise Antropol\u00f3gica Atual<\/h2>\n<p>Dom Pedro tamb\u00e9m discorreu sobre a atual crise antropol\u00f3gica que afeta o mundo, tratando da necessidade de restaurar os v\u00ednculos humanos em uma sociedade que sofre com divis\u00f5es e viol\u00eancia. Ele prop\u00f4s que a solu\u00e7\u00e3o para essa crise est\u00e1 dentro da solidariedade, ressaltando que a aprendizagem da conviv\u00eancia e do di\u00e1logo ocorre essencialmente dentro do ambiente familiar.<\/p>\n<p>Esses momentos de reflex\u00e3o revelam que a fam\u00edlia \u00e9 um espa\u00e7o crucial para o desenvolvimento de habilidades sociais e emocionais, que s\u00e3o fundamentais para um conv\u00edvio pac\u00edfico e harmonioso em sociedade.<\/p>\n<h2>Reflex\u00f5es sobre Solidariedade na Fam\u00edlia<\/h2>\n<p>O ensino sobre solidariedade foi um dos pilares da forma\u00e7\u00e3o, ressaltando que as fam\u00edlias devem se tornar locais onde a solidariedade \u00e9 praticada e ensinada. Os ensinamentos de Dom Pedro Carlos refor\u00e7am a ideia de que as li\u00e7\u00f5es sobre empatia e colabora\u00e7\u00e3o s\u00e3o essenciais, pois onde mais aprenderemos a conviver e apoiar uns aos outros se n\u00e3o na fam\u00edlia?<\/p>\n<p>Al\u00e9m disso, o bispo exortou os presentes a n\u00e3o desanimarem diante das dificuldades, refor\u00e7ando a import\u00e2ncia de perseverar no servi\u00e7o pastoral e confiar na a\u00e7\u00e3o de Deus, mesmo quando a percep\u00e7\u00e3o de seu trabalho parecer pequena diante do vasto desafio.<\/p>\n<h2>O Papel do Testemunho na Evangeliza\u00e7\u00e3o Familiar<\/h2>\n<p>Entre os conceitos mais abordados durante a forma\u00e7\u00e3o, a quest\u00e3o do testemunho dentro da vida familiar se destacou. Dom Pedro afirmou que o testemunho pode ser uma das formas mais eloquentes de evangeliza\u00e7\u00e3o. Ele indicou que, embora as palavras tenham sua import\u00e2ncia, o exemplo pr\u00e1tico do dia a dia \u00e9 capaz de impactar muito mais profundamente.<\/p>\n<ul>\n<li>A forma como os casais vivem seu matrim\u00f4nio e compartilham seus valores crist\u00e3os \u00e9 um exemplo que influenciar\u00e1 n\u00e3o apenas seus filhos, mas tamb\u00e9m a comunidade ao seu redor.<\/li>\n<\/ul>\n<p>Esse ensinamento reafirma o papel ativo de cada fam\u00edlia como agentes de mudan\u00e7a social e espiritual.<\/p>\n<h2>Encorajamento para Agentes da Pastoral Familiar<\/h2>\n<p>Durante a forma\u00e7\u00e3o, Dom Pedro deu apoio e palavras de incentivo a todos os agentes da Pastoral Familiar presentes. Ele destacou a import\u00e2ncia de cada um no trabalho realizado em prol da comunidade familiar. As palavras de encorajamento de um l\u00edder como o bispo s\u00e3o fundamentais para fortalecer a motiva\u00e7\u00e3o e a miss\u00e3o de todos os participantes, que buscam fazer a diferen\u00e7a na vida das fam\u00edlias sob sua orienta\u00e7\u00e3o.<\/p>\n<p>Essa motiva\u00e7\u00e3o \u00e9 crucial, especialmente em tempos dif\u00edceis, onde o papel da pastoral pode se tornar desafiador devido \u00e0s realidades enfrentadas pelas fam\u00edlias contempor\u00e2neas.<\/p>\n<h2>A Contribui\u00e7\u00e3o do INAPAF para as Fam\u00edlias<\/h2>\n<p>A forma\u00e7\u00e3o oferecida pelo INAPAF tem um papel fundamental na prepara\u00e7\u00e3o dos agentes para enfrentar os desafios do cotidiano familiar. Ao abordar quest\u00f5es pr\u00e1ticas e espirituais, o instituto busca equipar cada participante com o conhecimento e as ferramentas apropriadas para auxiliar as fam\u00edlias em suas jornadas.<\/p>\n<p>Al\u00e9m disso, as intera\u00e7\u00f5es e a troca de experi\u00eancias entre os participantes incentivam uma rede de apoio que se estende al\u00e9m do encontro. As discuss\u00f5es durante a forma\u00e7\u00e3o permitem que os envolvidos se sintam parte de uma comunidade dedicada a servir e fortalecer as estruturas familiares.<\/p>\n<h2>Desafios Enfrentados nas Rela\u00e7\u00f5es Familiares Modernas<\/h2>\n<p>Em um cen\u00e1rio onde as rela\u00e7\u00f5es familiares est\u00e3o cada vez mais desafiadas, \u00e9 essencial que a forma\u00e7\u00e3o pastoral encontre maneiras de abordar e combater quest\u00f5es como:<\/p>\n<ul>\n<li><strong>A separa\u00e7\u00e3o e div\u00f3rcio:<\/strong> As dificuldades nas rela\u00e7\u00f5es podem levar \u00e0 ruptura, tornando o apoio e a orienta\u00e7\u00e3o vital.<\/li>\n<li><strong>A falta de comunica\u00e7\u00e3o:<\/strong> Como melhorar o di\u00e1logo efetivo dentro da fam\u00edlia definitivamente impacta na qualidade das rela\u00e7\u00f5es.<\/li>\n<li><strong>Conflitos entre gera\u00e7\u00f5es:<\/strong> Abordar e mediar conflitos entre os desejos e valores de diferentes gera\u00e7\u00f5es \u00e9 outra tarefa importante.<\/li>\n<\/ul>\n<p>Essas problem\u00e1ticas contempor\u00e2neas exigem solu\u00e7\u00f5es inovadoras, al\u00e9m de um apoio cont\u00ednuo \u00e0 pastoral familiar que permita um acompanhamento significativo.<\/p>\n<h2>Conclus\u00e3o da Forma\u00e7\u00e3o e Pr\u00f3ximos Passos<\/h2>\n<p>O evento terminou com uma missa presidida pelo padre Wilton Maximiliano Mota, que enfatizou que a forma\u00e7\u00e3o n\u00e3o s\u00f3 se limita ao conhecimento adquirido nos dias de eventos, mas deve refletir-se nas a\u00e7\u00f5es concretas dentro das fam\u00edlias. O padre lembrou a todos os presentes que eram semeadores da Boa Nova, ressaltando a capacidade que cada um tem em ser um agente de mudan\u00e7a na vida dos outros.<\/p>\n<p>Ele prop\u00f4s um compromisso com o que foi aprendido, ressaltando que tudo o que foi semeado deve encontrar espa\u00e7o nas a\u00e7\u00f5es di\u00e1rias e na vida pr\u00e1tica. O encerramento da forma\u00e7\u00e3o representa n\u00e3o apenas uma conclus\u00e3o de um m\u00f3dulo, mas um chamado a todos para dar continuidade ao compromisso que assumiram com suas fam\u00edlias e comunidades.<\/p>\n<p>Que cada agente da pastoral possa carregar consigo as li\u00e7\u00f5es aprendidas e aplic\u00e1-las no cotidiano, promovendo um ambiente familiar saud\u00e1vel e um testemunho que ressoe na sociedade como um todo.<\/p>\n\n<div style=\"font-size: 0px; height: 0px; line-height: 0px; margin: 0; padding: 0; clear: both;\"><\/div>","protected":false},"excerpt":{"rendered":"<p>INAPAF realiza forma\u00e7\u00e3o intensa com 120 participantes em S\u00e3o Bernardo do Campo.<\/p>\n","protected":false},"author":1,"featured_media":3571,"comment_status":"closed","ping_status":"closed","sticky":false,"template":"","format":"standard","meta":{"footnotes":""},"categories":[6],"tags":[],"class_list":["post-3572","post","type-post","status-publish","format-standard","has-post-thumbnail","hentry","category-noticias-em-sao-bernardo","has_thumb"],"aioseo_notices":[],"_links":{"self":[{"href":"https:\/\/www.encontrasaobernardo.com.br\/sobre\/wp-json\/wp\/v2\/posts\/3572","targetHints":{"allow":["GET"]}}],"collection":[{"href":"https:\/\/www.encontrasaobernardo.com.br\/sobre\/wp-json\/wp\/v2\/posts"}],"about":[{"href":"https:\/\/www.encontrasaobernardo.com.br\/sobre\/wp-json\/wp\/v2\/types\/post"}],"author":[{"embeddable":true,"href":"https:\/\/www.encontrasaobernardo.com.br\/sobre\/wp-json\/wp\/v2\/users\/1"}],"replies":[{"embeddable":true,"href":"https:\/\/www.encontrasaobernardo.com.br\/sobre\/wp-json\/wp\/v2\/comments?post=3572"}],"version-history":[{"count":0,"href":"https:\/\/www.encontrasaobernardo.com.br\/sobre\/wp-json\/wp\/v2\/posts\/3572\/revisions"}],"wp:featuredmedia":[{"embeddable":true,"href":"https:\/\/www.encontrasaobernardo.com.br\/sobre\/wp-json\/wp\/v2\/media\/3571"}],"wp:attachment":[{"href":"https:\/\/www.encontrasaobernardo.com.br\/sobre\/wp-json\/wp\/v2\/media?parent=3572"}],"wp:term":[{"taxonomy":"category","embeddable":true,"href":"https:\/\/www.encontrasaobernardo.com.br\/sobre\/wp-json\/wp\/v2\/categories?post=3572"},{"taxonomy":"post_tag","embeddable":true,"href":"https:\/\/www.encontrasaobernardo.com.br\/sobre\/wp-json\/wp\/v2\/tags?post=3572"}],"curies":[{"name":"wp","href":"https:\/\/api.w.org\/{rel}","templated":true}]}}