{"id":3528,"date":"2026-04-19T12:41:50","date_gmt":"2026-04-19T15:41:50","guid":{"rendered":"https:\/\/www.encontrasaobernardo.com.br\/sobre\/sao-bernardo-antecipa-vacinacao-contra-a-gripe\/"},"modified":"2026-04-19T12:41:50","modified_gmt":"2026-04-19T15:41:50","slug":"sao-bernardo-antecipa-vacinacao-contra-a-gripe","status":"publish","type":"post","link":"https:\/\/www.encontrasaobernardo.com.br\/sobre\/sao-bernardo-antecipa-vacinacao-contra-a-gripe\/","title":{"rendered":"S\u00e3o Bernardo antecipa vacina\u00e7\u00e3o contra a gripe"},"content":{"rendered":"<div class=\"b7a9cc72b38518383f4213f1240ff05a\" data-index=\"1\" style=\"float: none; margin:0px;\">\n<!-- Anuncio display - global -->\r\n<ins class=\"adsbygoogle\"\r\n     style=\"display:block\"\r\n     data-ad-client=\"ca-pub-8585364105181520\"\r\n     data-ad-slot=\"8789329856\"\r\n     data-ad-format=\"auto\"\r\n     data-full-width-responsive=\"true\"><\/ins>\r\n<script>\r\n     (adsbygoogle = window.adsbygoogle || []).push({});\r\n<\/script>\n<\/div>\n<h2>In\u00edcio da Campanha de Vacina\u00e7\u00e3o<\/h2>\n<p>A Prefeitura de S\u00e3o Bernardo do Campo, atrav\u00e9s da Secretaria de Sa\u00fade, anunciou o in\u00edcio antecipado da campanha de vacina\u00e7\u00e3o contra a gripe de 2026. Este evento est\u00e1 programado para come\u00e7ar na quinta-feira, 26 de mar\u00e7o. A vacina\u00e7\u00e3o ser\u00e1 realizada em todas as 35 Unidades B\u00e1sicas de Sa\u00fade (UBSs) pertencentes \u00e0 rede municipal, oferecendo uma oportunidade crucial para a imuniza\u00e7\u00e3o da popula\u00e7\u00e3o.<\/p>\n<h2>Locais de Vacina\u00e7\u00e3o em S\u00e3o Bernardo<\/h2>\n<p>Al\u00e9m das UBSs, a estrat\u00e9gia de vacina\u00e7\u00e3o inclui um drive-thru, que estar\u00e1 dispon\u00edvel no Pa\u00e7o Municipal, funcionando das 9h \u00e0s 16h. Este modelo visa facilitar ainda mais o acesso \u00e0 vacina, permitindo que as pessoas se vacinem sem sair de seus ve\u00edculos. Na Pra\u00e7a Giovanni Breda, localizada no bairro Assun\u00e7\u00e3o, tamb\u00e9m haver\u00e1 um ponto de vacina\u00e7\u00e3o convencional.<\/p>\n<h2>P\u00fablico-Alvo da Vacina\u00e7\u00e3o<\/h2>\n<p>A campanha \u00e9 direcionada a um p\u00fablico-alvo diversificado, que inclui:<\/p>\n<p><img decoding=\"async\" src=\"https:\/\/www.encontrasaobernardo.com.br\/sobre\/wp-content\/uploads\/2026\/04\/sao-bernardo-antecipa-vacinacao-contra-a-gripe.webp\" alt=\"\" loading=\"lazy\" \/><\/p>\n<ul>\n<li>Pessoas com idade igual ou superior a 60 anos<\/li>\n<li>Gestantes e pu\u00e9rperas<\/li>\n<li>Crian\u00e7as com idades entre 6 meses e menores de 6 anos<\/li>\n<li>Profissionais de sa\u00fade<\/li>\n<li>Pessoas com doen\u00e7as cr\u00f4nicas<\/li>\n<li>Povos ind\u00edgenas<\/li>\n<li>Professores de todas as etapas de ensino<\/li>\n<\/ul>\n<p>Essa diversidade assegura que os grupos mais vulner\u00e1veis \u00e0 gripe tenham acesso priorit\u00e1rio \u00e0 vacina\u00e7\u00e3o.<\/p>\n<h2>Estrat\u00e9gias de Imuniza\u00e7\u00e3o na Cidade<\/h2>\n<p>No dia seguinte ao in\u00edcio da vacina\u00e7\u00e3o, na sexta-feira (27), a equipe do programa &#8220;Consult\u00f3rio na Rua&#8221; tamb\u00e9m come\u00e7ar\u00e1 a vacinar a popula\u00e7\u00e3o em situa\u00e7\u00e3o de rua. Este esfor\u00e7o inclui visitas a \u00e1reas com maior concentra\u00e7\u00e3o de pessoas sem-teto, garantindo que as vacinas cheguem a todos os cantos da cidade.<\/p>\n<h2>Import\u00e2ncia da Vacina\u00e7\u00e3o Contra a Gripe<\/h2>\n<p>De acordo com J\u00e9ssica de C\u00e1ssia Santos Soares, assistente t\u00e9cnica da equipe de Imuniza\u00e7\u00e3o da Vigil\u00e2ncia Epidemiol\u00f3gica, a antecipa\u00e7\u00e3o da campanha \u00e9 uma forma de destacar a import\u00e2ncia da imuniza\u00e7\u00e3o. Ela enfatiza que a vacina\u00e7\u00e3o \u00e9 um meio eficaz para prevenir doen\u00e7as graves, que podem levar a complica\u00e7\u00f5es s\u00e9rias e at\u00e9 a morte, especialmente entre crian\u00e7as e idosos.<\/p>\n<h2>Cobertura de Vacina\u00e7\u00e3o Visada<\/h2>\n<p>O munic\u00edpio conta com aproximadamente 325 mil pessoas que fazem parte do p\u00fablico-alvo considerado. A meta da campanha \u00e9 alcan\u00e7ar uma cobertura vacinal de 90%. Para isso, a organiza\u00e7\u00e3o est\u00e1 focada em garantir que todos tenham acesso facilitado \u00e0 vacina\u00e7\u00e3o contra a gripe, com o intuito de intensificar a prote\u00e7\u00e3o da popula\u00e7\u00e3o antes da chegada do inverno.<\/p>\n<h2>Acesso e Facilita\u00e7\u00e3o para Todos<\/h2>\n<p>O secret\u00e1rio de Sa\u00fade, Dr. Jean Gorinchteyn, destacou que a cria\u00e7\u00e3o de dois pontos de vacina\u00e7\u00e3o em \u00e1reas de grande movimento \u00e9 uma estrat\u00e9gia para melhorar o acesso \u00e0 vacina. Ele fez um apelo \u00e0 popula\u00e7\u00e3o para que compare\u00e7a aos locais e se vacine, ressaltando que as UBSs permanecer\u00e3o abertas at\u00e9 as 22h em alguns dias, oferecendo flexibilidade e conveni\u00eancia para os cidad\u00e3os.<\/p>\n<h2>Vacina\u00e7\u00e3o e Preven\u00e7\u00e3o de Doen\u00e7as<\/h2>\n<p>A vacina\u00e7\u00e3o n\u00e3o s\u00f3 protege os indiv\u00edduos vacinados, mas tamb\u00e9m ajuda a criar uma barreira de imunidade em toda a comunidade. Dr. Jean ressaltou que a cidade de S\u00e3o Bernardo alcan\u00e7ou 100% de cobertura nas vacinas para crian\u00e7as de at\u00e9 2 anos, refletindo o compromisso da rede de sa\u00fade em garantir a sa\u00fade e bem-estar de seus cidad\u00e3os.<\/p>\n<h2>Campanha de Conscientiza\u00e7\u00e3o<\/h2>\n<p>Al\u00e9m de facilitar o acesso \u00e0 vacina\u00e7\u00e3o, a Prefeitura est\u00e1 realizando campanhas de conscientiza\u00e7\u00e3o sobre a import\u00e2ncia da vacina contra a gripe. Essas campanhas visam educar a popula\u00e7\u00e3o sobre os benef\u00edcios da imuniza\u00e7\u00e3o e incentivar as pessoas a participarem ativamente, visando aumentar a taxa de vacina\u00e7\u00e3o na cidade.<\/p>\n<h2>Compromisso da Sa\u00fade P\u00fablica<\/h2>\n<p>O compromisso constante da Prefeitura de S\u00e3o Bernardo com a sa\u00fade p\u00fablica \u00e9 evidenciado em suas a\u00e7\u00f5es e estrat\u00e9gias voltadas \u00e0 promo\u00e7\u00e3o da sa\u00fade e preven\u00e7\u00e3o de doen\u00e7as. A campanha de vacina\u00e7\u00e3o contra a gripe \u00e9 mais um passo importante nesse sentido, proporcionando seguran\u00e7a e sa\u00fade para a popula\u00e7\u00e3o, especialmente em um momento em que doen\u00e7as respirat\u00f3rias podem aumentar no per\u00edodo de inverno.<\/p>\n<h2>Servi\u00e7o:<\/h2>\n<p>Vacina\u00e7\u00e3o contra a gripe come\u00e7ar\u00e1 no dia 26 de mar\u00e7o, nas UBSs do munic\u00edpio. As UBSs funcionam de segunda a sexta-feira. Para mais informa\u00e7\u00f5es sobre hor\u00e1rios, os cidad\u00e3os podem consultar o site oficial da sa\u00fade de S\u00e3o Bernardo. No dia 28 de mar\u00e7o, haver\u00e1 disponibiliza\u00e7\u00e3o da vacina das 9h \u00e0s 16h no drive-thru do Pa\u00e7o Municipal e na Pra\u00e7a Giovanni Breda.<\/p>\n\n<div style=\"font-size: 0px; height: 0px; line-height: 0px; margin: 0; padding: 0; clear: both;\"><\/div>","protected":false},"excerpt":{"rendered":"<p>S\u00e3o Bernardo antecipa vacina\u00e7\u00e3o contra a gripe; saiba mais sobre a campanha.<\/p>\n","protected":false},"author":1,"featured_media":3527,"comment_status":"closed","ping_status":"closed","sticky":false,"template":"","format":"standard","meta":{"footnotes":""},"categories":[6],"tags":[],"class_list":["post-3528","post","type-post","status-publish","format-standard","has-post-thumbnail","hentry","category-noticias-em-sao-bernardo","has_thumb"],"aioseo_notices":[],"_links":{"self":[{"href":"https:\/\/www.encontrasaobernardo.com.br\/sobre\/wp-json\/wp\/v2\/posts\/3528","targetHints":{"allow":["GET"]}}],"collection":[{"href":"https:\/\/www.encontrasaobernardo.com.br\/sobre\/wp-json\/wp\/v2\/posts"}],"about":[{"href":"https:\/\/www.encontrasaobernardo.com.br\/sobre\/wp-json\/wp\/v2\/types\/post"}],"author":[{"embeddable":true,"href":"https:\/\/www.encontrasaobernardo.com.br\/sobre\/wp-json\/wp\/v2\/users\/1"}],"replies":[{"embeddable":true,"href":"https:\/\/www.encontrasaobernardo.com.br\/sobre\/wp-json\/wp\/v2\/comments?post=3528"}],"version-history":[{"count":0,"href":"https:\/\/www.encontrasaobernardo.com.br\/sobre\/wp-json\/wp\/v2\/posts\/3528\/revisions"}],"wp:featuredmedia":[{"embeddable":true,"href":"https:\/\/www.encontrasaobernardo.com.br\/sobre\/wp-json\/wp\/v2\/media\/3527"}],"wp:attachment":[{"href":"https:\/\/www.encontrasaobernardo.com.br\/sobre\/wp-json\/wp\/v2\/media?parent=3528"}],"wp:term":[{"taxonomy":"category","embeddable":true,"href":"https:\/\/www.encontrasaobernardo.com.br\/sobre\/wp-json\/wp\/v2\/categories?post=3528"},{"taxonomy":"post_tag","embeddable":true,"href":"https:\/\/www.encontrasaobernardo.com.br\/sobre\/wp-json\/wp\/v2\/tags?post=3528"}],"curies":[{"name":"wp","href":"https:\/\/api.w.org\/{rel}","templated":true}]}}