{"id":3526,"date":"2026-04-19T12:40:43","date_gmt":"2026-04-19T15:40:43","guid":{"rendered":"https:\/\/www.encontrasaobernardo.com.br\/sobre\/sao-bernardo-do-campo-retorna-oficialmente-ao-consorcio-a\/"},"modified":"2026-04-19T12:40:43","modified_gmt":"2026-04-19T15:40:43","slug":"sao-bernardo-do-campo-retorna-oficialmente-ao-consorcio-a","status":"publish","type":"post","link":"https:\/\/www.encontrasaobernardo.com.br\/sobre\/sao-bernardo-do-campo-retorna-oficialmente-ao-consorcio-a\/","title":{"rendered":"S\u00e3o Bernardo do Campo retorna oficialmente ao Cons\u00f3rcio A&#8230;"},"content":{"rendered":"<div class=\"b7a9cc72b38518383f4213f1240ff05a\" data-index=\"1\" style=\"float: none; margin:0px;\">\n<!-- Anuncio display - global -->\r\n<ins class=\"adsbygoogle\"\r\n     style=\"display:block\"\r\n     data-ad-client=\"ca-pub-8585364105181520\"\r\n     data-ad-slot=\"8789329856\"\r\n     data-ad-format=\"auto\"\r\n     data-full-width-responsive=\"true\"><\/ins>\r\n<script>\r\n     (adsbygoogle = window.adsbygoogle || []).push({});\r\n<\/script>\n<\/div>\n<h2>Contexto do Retorno de S\u00e3o Bernardo do Campo<\/h2>\n<p>Na manh\u00e3 de 14 de janeiro, a primeira assembleia geral dos prefeitos da nova gest\u00e3o do Cons\u00f3rcio Intermunicipal Grande ABC ocorreu, onde foi oficializado o retorno de S\u00e3o Bernardo do Campo \u00e0 entidade regional. Janeiro marca o in\u00edcio do novo mandato, e a presen\u00e7a un\u00e2nime dos prefeitos sinaliza um momento de uni\u00e3o entre os munic\u00edpios que comp\u00f5em o cons\u00f3rcio.<\/p>\n<h2>Import\u00e2ncia do Cons\u00f3rcio ABC<\/h2>\n<p>Fundado em 1990, o Cons\u00f3rcio ABC \u00e9 uma organiza\u00e7\u00e3o pioneira no Brasil, reunindo diversos munic\u00edpios para promover o planejamento e execu\u00e7\u00e3o de pol\u00edticas p\u00fablicas com \u00eanfase em quest\u00f5es regionais. A entidade atua em \u00e1reas como infraestrutura, desenvolvimento urbano e inclus\u00e3o social, vitalizando a\u00e7\u00f5es que beneficiem a coletividade.<\/p>\n<h2>Vantagens do Reingresso para a Regi\u00e3o<\/h2>\n<ul>\n<li><strong>Integra\u00e7\u00e3o Regional:<\/strong> O retorno de S\u00e3o Bernardo do Campo promove a coes\u00e3o e facilita a troca de experi\u00eancias entre as cidades, permitindo abordar problemas comuns de forma coletiva.<\/li>\n<li><strong>Aumento de Recursos:<\/strong> Integra\u00e7\u00e3o ao cons\u00f3rcio significa acesso a um maior n\u00famero de recursos financeiros e t\u00e9cnicos, o que \u00e9 essencial para a implementa\u00e7\u00e3o eficaz de projetos importantes para a popula\u00e7\u00e3o.<\/li>\n<li><strong>Planejamento Conjunto:<\/strong> As reuni\u00f5es e delibera\u00e7\u00f5es conjuntas possibilitam uma vis\u00e3o mais ampla e organizada do desenvolvimento regional.<\/li>\n<\/ul>\n<h2>Expectativas para a Gest\u00e3o 2025\/2028<\/h2>\n<p>Com a nova gest\u00e3o, as expectativas s\u00e3o elevadas. O prefeito de S\u00e3o Bernardo, Marcelo Lima, expressou seu entusiasmo em contribuir para discuss\u00f5es que visam resultados pr\u00e1ticos, ressaltando a import\u00e2ncia do trabalho conjunto para a melhoria da vida da popula\u00e7\u00e3o. A colabora\u00e7\u00e3o entre os munic\u00edpios \u00e9 vista como a chave para alcan\u00e7ar metas ambiciosas nos pr\u00f3ximos anos.<\/p>\n<p><img decoding=\"async\" src=\"https:\/\/www.encontrasaobernardo.com.br\/sobre\/wp-content\/uploads\/2026\/04\/sao-bernardo-do-campo-retorna-oficialmente-ao-consorcio-a.webp\" alt=\"S\u00e3o Bernardo do Campo Cons\u00f3rcio ABC\" loading=\"lazy\" \/><\/p>\n<h2>Pap\u00e9is dos Prefeitos na Decis\u00e3o<\/h2>\n<p>A participa\u00e7\u00e3o ativa dos prefeitos foi fundamental nesse processo. A assembleia contou com a presen\u00e7a dos l\u00edderes de outras cidades como Diadema, Santo Andr\u00e9, Mau\u00e1, entre outras. Essa sinergia entre os prefeitos fortalece a posi\u00e7\u00e3o do cons\u00f3rcio frente aos governos estaduais e federais, promovendo um di\u00e1logo mais eficaz para reivindicar investimentos e melhorias na regi\u00e3o.<\/p>\n<h2>Impacto na Mobilidade Urbana<\/h2>\n<p>Um dos pontos focais discutidos na assembleia foi a mobilidade urbana. A integra\u00e7\u00e3o de S\u00e3o Bernardo ao cons\u00f3rcio permite articular melhor as necessidades de transporte p\u00fablico e infraestrutura vi\u00e1ria, visando criar um sistema mais eficiente que beneficie todos os munic\u00edpios envolvidos. O novo plano regional de mobilidade urbana ser\u00e1 fundamental para o deslocamento seguro e \u00e1gil dos cidad\u00e3os.<\/p>\n<h2>Investimentos e Conquistas no Cons\u00f3rcio<\/h2>\n<p>No ano anterior, o Cons\u00f3rcio ABC obteve investimentos significativos que poder\u00e3o ser utilizados em novos projetos, incluindo R$ 41,5 milh\u00f5es do Novo PAC Mobilidade, que visam desenvolver um Novo Plano Regional de Mobilidade Urbana. Isso demonstra a capacidade do cons\u00f3rcio de captar recursos e efetuar mudan\u00e7as positivas na qualidade de vida das popula\u00e7\u00f5es locais.<\/p>\n<h2>Desafios para o Futuro<\/h2>\n<p>Apesar do ambiente otimista, desafios ainda permanecem. A resist\u00eancia a mudan\u00e7as e a necessidade de articular interesses diversos entre os munic\u00edpios podem dificultar a implementa\u00e7\u00e3o de a\u00e7\u00f5es planejadas. \u00c9 necess\u00e1rio que haja um comprometimento cont\u00ednuo e um di\u00e1logo aberto entre todas as partes envolvidas para garantir que as promessas feitas se tornem realidade.<\/p>\n<h2>O Papel da Popula\u00e7\u00e3o no Processo<\/h2>\n<p>A participa\u00e7\u00e3o da popula\u00e7\u00e3o \u00e9 crucial para o sucesso das iniciativas do cons\u00f3rcio. Os cidad\u00e3os devem estar informados e engajados, pois suas demandas e sugest\u00f5es podem guiar as a\u00e7\u00f5es dos gestores p\u00fablicos. O fortalecimento da cidadania e a intera\u00e7\u00e3o com a administra\u00e7\u00e3o local v\u00e3o al\u00e9m de um mero direito; \u00e9 uma responsabilidade que todos devem assumir.<\/p>\n<h2>Outras A\u00e7\u00f5es do Cons\u00f3rcio ABC<\/h2>\n<p>Al\u00e9m da mobilidade urbana e desenvolvimento econ\u00f4mico, o Cons\u00f3rcio ABC tamb\u00e9m tem focado em quest\u00f5es sociais, como a inclus\u00e3o de grupos marginalizados. A promo\u00e7\u00e3o de direitos humanos e a implementa\u00e7\u00e3o de pol\u00edticas p\u00fablicas voltadas para a seguran\u00e7a urbana s\u00e3o prevalentes nas discuss\u00f5es, buscando um desenvolvimento mais sustent\u00e1vel e justo para todos os habitantes da regi\u00e3o.<\/p>\n\n<div style=\"font-size: 0px; height: 0px; line-height: 0px; margin: 0; padding: 0; clear: both;\"><\/div>","protected":false},"excerpt":{"rendered":"<p>S\u00e3o Bernardo do Campo volta ao Cons\u00f3rcio ABC, conhe\u00e7a as implica\u00e7\u00f5es.<\/p>\n","protected":false},"author":1,"featured_media":3525,"comment_status":"closed","ping_status":"closed","sticky":false,"template":"","format":"standard","meta":{"footnotes":""},"categories":[6],"tags":[],"class_list":["post-3526","post","type-post","status-publish","format-standard","has-post-thumbnail","hentry","category-noticias-em-sao-bernardo","has_thumb"],"aioseo_notices":[],"_links":{"self":[{"href":"https:\/\/www.encontrasaobernardo.com.br\/sobre\/wp-json\/wp\/v2\/posts\/3526","targetHints":{"allow":["GET"]}}],"collection":[{"href":"https:\/\/www.encontrasaobernardo.com.br\/sobre\/wp-json\/wp\/v2\/posts"}],"about":[{"href":"https:\/\/www.encontrasaobernardo.com.br\/sobre\/wp-json\/wp\/v2\/types\/post"}],"author":[{"embeddable":true,"href":"https:\/\/www.encontrasaobernardo.com.br\/sobre\/wp-json\/wp\/v2\/users\/1"}],"replies":[{"embeddable":true,"href":"https:\/\/www.encontrasaobernardo.com.br\/sobre\/wp-json\/wp\/v2\/comments?post=3526"}],"version-history":[{"count":0,"href":"https:\/\/www.encontrasaobernardo.com.br\/sobre\/wp-json\/wp\/v2\/posts\/3526\/revisions"}],"wp:featuredmedia":[{"embeddable":true,"href":"https:\/\/www.encontrasaobernardo.com.br\/sobre\/wp-json\/wp\/v2\/media\/3525"}],"wp:attachment":[{"href":"https:\/\/www.encontrasaobernardo.com.br\/sobre\/wp-json\/wp\/v2\/media?parent=3526"}],"wp:term":[{"taxonomy":"category","embeddable":true,"href":"https:\/\/www.encontrasaobernardo.com.br\/sobre\/wp-json\/wp\/v2\/categories?post=3526"},{"taxonomy":"post_tag","embeddable":true,"href":"https:\/\/www.encontrasaobernardo.com.br\/sobre\/wp-json\/wp\/v2\/tags?post=3526"}],"curies":[{"name":"wp","href":"https:\/\/api.w.org\/{rel}","templated":true}]}}