{"id":3477,"date":"2026-04-09T12:58:48","date_gmt":"2026-04-09T15:58:48","guid":{"rendered":"https:\/\/www.encontrasaobernardo.com.br\/sobre\/rodrigo-ferreira-relembra-acessos-por-santos-e-gremio-e-busca-repetir-formula-no-sao-bernardo\/"},"modified":"2026-04-09T12:58:48","modified_gmt":"2026-04-09T15:58:48","slug":"rodrigo-ferreira-relembra-acessos-por-santos-e-gremio-e-busca-repetir-formula-no-sao-bernardo","status":"publish","type":"post","link":"https:\/\/www.encontrasaobernardo.com.br\/sobre\/rodrigo-ferreira-relembra-acessos-por-santos-e-gremio-e-busca-repetir-formula-no-sao-bernardo\/","title":{"rendered":"Rodrigo Ferreira relembra acessos por Santos e Gr\u00eamio e busca repetir f\u00f3rmula no S\u00e3o Bernardo"},"content":{"rendered":"<div class=\"b7a9cc72b38518383f4213f1240ff05a\" data-index=\"1\" style=\"float: none; margin:0px;\">\n<!-- Anuncio display - global -->\r\n<ins class=\"adsbygoogle\"\r\n     style=\"display:block\"\r\n     data-ad-client=\"ca-pub-8585364105181520\"\r\n     data-ad-slot=\"8789329856\"\r\n     data-ad-format=\"auto\"\r\n     data-full-width-responsive=\"true\"><\/ins>\r\n<script>\r\n     (adsbygoogle = window.adsbygoogle || []).push({});\r\n<\/script>\n<\/div>\n<h2>Vit\u00f3ria hist\u00f3rica do S\u00e3o Bernardo pela S\u00e9rie B<\/h2>\n<p>O S\u00e3o Bernardo comemorou um marco important\u00edssimo em sua trajet\u00f3ria na S\u00e9rie B, ao conquistar sua primeira vit\u00f3ria na competi\u00e7\u00e3o com um emocionante 2 a 1 contra o Botafogo-SP. O lateral Rodrigo Ferreira, que foi respons\u00e1vel por um dos gols, expressou sua alegria e a import\u00e2ncia deste feito para o clube do ABC.<\/p>\n<p>Esse triunfo n\u00e3o \u00e9 apenas um resultado em campo, mas representa um momento significativo para a equipe e sua torcida, que nutrem esperan\u00e7as de conquistar uma posi\u00e7\u00e3o melhor na tabela e, quem sabe, sonhar com o acesso \u00e0 S\u00e9rie A.<\/p>\n<h2>O papel do trabalho coletivo no sucesso do time<\/h2>\n<p>Rodrigo Ferreira enfatizou, em suas declara\u00e7\u00f5es, que o esfor\u00e7o conjunto do grupo foi fundamental para a reviravolta na partida. Ap\u00f3s sofrer um gol muito cedo, a equipe se uniu e conseguiu n\u00e3o s\u00f3 se recuperar emocionalmente, mas tamb\u00e9m revert\u00ea-lo em uma vit\u00f3ria. Este trabalho em equipe \u00e9 um dos pilares que t\u00eam sido refor\u00e7ados na rotina de treinos.<\/p>\n<p><img decoding=\"async\" src=\"https:\/\/www.encontrasaobernardo.com.br\/sobre\/wp-content\/uploads\/2026\/04\/rodrigo-ferreira-relembra-acessos-por-santos-e-gremio-e-busca-repetir-formula-no-sao-bernardo.webp\" alt=\"acesso na S\u00e9rie B\" loading=\"lazy\" \/><\/p>\n<p>O lateral destacou que todos os jogadores t\u00eam um papel a desempenhar, ressaltando a import\u00e2ncia de trabalhar em conjunto para alcan\u00e7ar os objetivos. Com essa mentalidade, o grupo se torna mais forte e coeso, essencial em uma competi\u00e7\u00e3o t\u00e3o dif\u00edcil quanto a S\u00e9rie B.<\/p>\n<h2>Li\u00e7\u00f5es aprendidas das derrotas anteriores<\/h2>\n<p>Ap\u00f3s o in\u00edcio da competi\u00e7\u00e3o com resultados negativos, a equipe aprendeu com os erros cometidos. Rodrigo mencionou que a derrota para o Oper\u00e1rio-PR, onde mesmo iniciando bem a partida, n\u00e3o conseguiu sustentar a vantagem, serviu como um alerta para a equipe. Essa experi\u00eancia trouxe aprendizado nas quest\u00f5es de concentra\u00e7\u00e3o e aproveitamento das oportunidades.<\/p>\n<p>Os jogadores se comprometeram a corrigir os erros e entrar em campo com uma mentalidade mais forte, reconhecendo que a s\u00e9rie \u00e9 longa e que a cada jogo \u00e9 uma nova chance de demonstrar evolu\u00e7\u00e3o.<\/p>\n<h2>A import\u00e2ncia da presen\u00e7a na \u00e1rea para lateral<\/h2>\n<p>Rodrigo Ferreira, embora atuando como lateral, n\u00e3o se furta a ajudar o ataque sempre que poss\u00edvel. Ele se posicionou bem na \u00e1rea adquirindo liberdade para finalizar, o que resultou em seu primeiro gol na temporada. Esse tipo de atitude \u00e9 valiosa, pois demonstra que at\u00e9 mesmo os defensores podem acrescentar ao ataque, uma caracter\u00edstica que favorece a estrat\u00e9gia do time.<\/p>\n<p>Ele comentou que um lateral que consegue marcar gols n\u00e3o s\u00f3 fortalece a defesa, mas tamb\u00e9m proporciona uma vantagem a mais ao time em termos de op\u00e7\u00f5es ofensivas, criando incertezas para a defesa advers\u00e1ria.<\/p>\n<h2>Experi\u00eancia acumulada em clubes de tradi\u00e7\u00e3o<\/h2>\n<p>A trajet\u00f3ria de Rodrigo Ferreira por times emblem\u00e1ticos como Santos e Gr\u00eamio, em campanhas de acesso na S\u00e9rie B, adiciona um peso significativo a sua experi\u00eancia. Ele mencionou que as press\u00f5es enfrentadas nesses clubes, assim como suas respectivas torcidas, s\u00e3o semelhantes ao que o S\u00e3o Bernardo enfrenta atualmente, e isso o ajuda a orientar seus companheiros sobre como lidar com as dificuldades.<\/p>\n<p>Com a bagagem deixada por essas experi\u00eancias, Ferreira tenta transmitir aos novos integrantes do time a no\u00e7\u00e3o de que a S\u00e9rie B \u00e9 uma competi\u00e7\u00e3o equilibrada, onde cada jogo \u00e9 um desafio que requer dedica\u00e7\u00e3o e foco total de todos os jogadores.<\/p>\n<h2>A vis\u00e3o de Rodrigo sobre a concorr\u00eancia na S\u00e9rie B<\/h2>\n<p>Rodrigo tamb\u00e9m destacou suas percep\u00e7\u00f5es sobre a competi\u00e7\u00e3o, afirmando que todas as equipes s\u00e3o bastante equilibradas e que a diferen\u00e7a muitas vezes est\u00e1 no detalhe. Ele entende que cada ponto \u00e9 valioso e que a luta pelo acesso se intensifica a cada partida. Isso gera uma motiva\u00e7\u00e3o interna, fazendo com que a equipe mantenha os p\u00e9s no ch\u00e3o e foque em um jogo de cada vez.<\/p>\n<h2>Como as cr\u00edticas podem servir de motiva\u00e7\u00e3o<\/h2>\n<p>A press\u00e3o da torcida, que n\u00e3o \u00e9 apenas externa, mas tamb\u00e9m existe internamente entre os jogadores, pode ser vista como uma forma de incentivo. Rodrigo admitiu que ouvir cr\u00edticas \u00e9 dif\u00edcil, mas \u00e9 fundamentos como esse que fazem com que todos busquem melhorar. A capacidade de transformar essas cr\u00edticas em motiva\u00e7\u00e3o \u00e9 vital para a supera\u00e7\u00e3o e crescimento do time.<\/p>\n<p>A solidariedade e a compreens\u00e3o dentro do grupo s\u00e3o essenciais para que todos se apoiem mutuamente, mantendo o foco no objetivo maior que \u00e9 o acesso \u00e0 divis\u00e3o superior.<\/p>\n<h2>Expectativas para a sequ\u00eancia da competi\u00e7\u00e3o<\/h2>\n<p>Com o corpo mais leve ap\u00f3s a vit\u00f3ria hist\u00f3rica e os tr\u00eas pontos ganhos, a expectativa para as pr\u00f3ximas partidas \u00e9 de que o S\u00e3o Bernardo continue a apresentar um futebol s\u00f3lido e equilibrado com um foco claro no acesso. Rodrigo completou que a confian\u00e7a gerada pela primeira vit\u00f3ria \u00e9 crucial para o desempenho nas pr\u00f3ximas rodadas.<\/p>\n<p>A equipe acredita em sua capacidade de seguir em frente e com essa mentalidade otimista, tem todas as condi\u00e7\u00f5es para brigar por uma posi\u00e7\u00e3o favor\u00e1vel na tabela ao final da temporada.<\/p>\n<h2>An\u00e1lise do jogo contra o Botafogo-SP<\/h2>\n<p>Na an\u00e1lise p\u00f3s-jogo, nota-se que o S\u00e3o Bernardo soube administrar as emo\u00e7\u00f5es durante a partida. Ap\u00f3s sair em desvantagem, a equipe n\u00e3o se deixou abater e, num \u00edmpeto de uni\u00e3o e estrat\u00e9gia, conseguiu marcar dois gols e assegurar a t\u00e3o sonhada vit\u00f3ria. Isso ressalta a for\u00e7a mental e a determina\u00e7\u00e3o do elenco sob press\u00e3o.<\/p>\n<p>Rodrigo enfatizou que, mais do que o jogo em si, a forma como a equipe se comportou ap\u00f3s um rev\u00e9s inicial \u00e9 algo para ser ressaltado e seguido em partidas futuras.<\/p>\n<h2>Pr\u00f3ximos confrontos e objetivos do S\u00e3o Bernardo<\/h2>\n<p>O pr\u00f3ximo desafio do time ser\u00e1 contra o Fortaleza, em uma partida que servir\u00e1 n\u00e3o s\u00f3 para manter a chama acesa da vit\u00f3ria, mas tamb\u00e9m para colocar em pr\u00e1tica as li\u00e7\u00f5es aprendidas nas rodadas anteriores. O foco do S\u00e3o Bernardo est\u00e1 em conseguir criar uma sequ\u00eancia de resultados positivos que consolidem a equipe dentro da competi\u00e7\u00e3o e, assim, reforce a aspira\u00e7\u00e3o maior que \u00e9 o acesso.<\/p>\n<p>Rodrigo Ferreira, j\u00e1 com uma vit\u00f3ria e um gol no curr\u00edculo da temporada, confessa estar ansioso, mas tamb\u00e9m otimista em rela\u00e7\u00e3o aos pr\u00f3ximos desafios, buscando sempre contribuir para que a equipe alcance seus objetivos.<\/p>\n\n<div style=\"font-size: 0px; height: 0px; line-height: 0px; margin: 0; padding: 0; clear: both;\"><\/div>","protected":false},"excerpt":{"rendered":"<p>Rodrigo Ferreira se destaca no acesso do S\u00e3o Bernardo na S\u00e9rie B.<\/p>\n","protected":false},"author":1,"featured_media":3476,"comment_status":"closed","ping_status":"closed","sticky":false,"template":"","format":"standard","meta":{"footnotes":""},"categories":[6],"tags":[],"class_list":["post-3477","post","type-post","status-publish","format-standard","has-post-thumbnail","hentry","category-noticias-em-sao-bernardo","has_thumb"],"aioseo_notices":[],"_links":{"self":[{"href":"https:\/\/www.encontrasaobernardo.com.br\/sobre\/wp-json\/wp\/v2\/posts\/3477","targetHints":{"allow":["GET"]}}],"collection":[{"href":"https:\/\/www.encontrasaobernardo.com.br\/sobre\/wp-json\/wp\/v2\/posts"}],"about":[{"href":"https:\/\/www.encontrasaobernardo.com.br\/sobre\/wp-json\/wp\/v2\/types\/post"}],"author":[{"embeddable":true,"href":"https:\/\/www.encontrasaobernardo.com.br\/sobre\/wp-json\/wp\/v2\/users\/1"}],"replies":[{"embeddable":true,"href":"https:\/\/www.encontrasaobernardo.com.br\/sobre\/wp-json\/wp\/v2\/comments?post=3477"}],"version-history":[{"count":0,"href":"https:\/\/www.encontrasaobernardo.com.br\/sobre\/wp-json\/wp\/v2\/posts\/3477\/revisions"}],"wp:featuredmedia":[{"embeddable":true,"href":"https:\/\/www.encontrasaobernardo.com.br\/sobre\/wp-json\/wp\/v2\/media\/3476"}],"wp:attachment":[{"href":"https:\/\/www.encontrasaobernardo.com.br\/sobre\/wp-json\/wp\/v2\/media?parent=3477"}],"wp:term":[{"taxonomy":"category","embeddable":true,"href":"https:\/\/www.encontrasaobernardo.com.br\/sobre\/wp-json\/wp\/v2\/categories?post=3477"},{"taxonomy":"post_tag","embeddable":true,"href":"https:\/\/www.encontrasaobernardo.com.br\/sobre\/wp-json\/wp\/v2\/tags?post=3477"}],"curies":[{"name":"wp","href":"https:\/\/api.w.org\/{rel}","templated":true}]}}