{"id":3409,"date":"2026-03-26T12:55:06","date_gmt":"2026-03-26T15:55:06","guid":{"rendered":"https:\/\/www.encontrasaobernardo.com.br\/sobre\/sao-bernardo-sp-antecipa-vacinacao-contra-a-gripe-veja-quem-pode-tomar\/"},"modified":"2026-03-26T12:55:06","modified_gmt":"2026-03-26T15:55:06","slug":"sao-bernardo-sp-antecipa-vacinacao-contra-a-gripe-veja-quem-pode-tomar","status":"publish","type":"post","link":"https:\/\/www.encontrasaobernardo.com.br\/sobre\/sao-bernardo-sp-antecipa-vacinacao-contra-a-gripe-veja-quem-pode-tomar\/","title":{"rendered":"S\u00e3o Bernardo (SP) antecipa vacina\u00e7\u00e3o contra a gripe; veja quem pode tomar"},"content":{"rendered":"<div class=\"b7a9cc72b38518383f4213f1240ff05a\" data-index=\"1\" style=\"float: none; margin:0px;\">\n<!-- Anuncio display - global -->\r\n<ins class=\"adsbygoogle\"\r\n     style=\"display:block\"\r\n     data-ad-client=\"ca-pub-8585364105181520\"\r\n     data-ad-slot=\"8789329856\"\r\n     data-ad-format=\"auto\"\r\n     data-full-width-responsive=\"true\"><\/ins>\r\n<script>\r\n     (adsbygoogle = window.adsbygoogle || []).push({});\r\n<\/script>\n<\/div>\n<h2>Datas Importantes da Vacina\u00e7\u00e3o<\/h2>\n<p>A campanha de vacina\u00e7\u00e3o contra a gripe de 2026, promovida pela prefeitura de S\u00e3o Bernardo do Campo, teve seu in\u00edcio antecipado. As Unidades B\u00e1sicas de Sa\u00fade (UBSs) da cidade come\u00e7am a imuniza\u00e7\u00e3o do p\u00fablico-alvo nesta quinta-feira, dia 26 de mar\u00e7o. Esta medida representa um esfor\u00e7o significativo para proteger a popula\u00e7\u00e3o da gripe e garantir a sa\u00fade p\u00fablica em um momento crucial.<\/p>\n<h2>Quem Pode Receber a Vacina?<\/h2>\n<p>O p\u00fablico-alvo da vacina\u00e7\u00e3o inclui diversos grupos que t\u00eam prioridade no recebimento da vacina. As pessoas que podem ser vacinadas s\u00e3o:<\/p>\n<ul>\n<li>Pessoas a partir de 60 anos;<\/li>\n<li>Gestantes;<\/li>\n<li>Mulheres que acabaram de dar \u00e0 luz (pu\u00e9rperas);<\/li>\n<li>Crian\u00e7as de 6 meses a menores de 6 anos;<\/li>\n<li>Profissionais da sa\u00fade;<\/li>\n<li>Pessoas com condi\u00e7\u00f5es cr\u00f4nicas de sa\u00fade;<\/li>\n<li>Povos ind\u00edgenas;<\/li>\n<li>Professores do ensino b\u00e1sico e superior;<\/li>\n<li>Outros grupos de risco, conforme diretrizes de sa\u00fade p\u00fablica.<\/li>\n<\/ul>\n<h2>Locais de Vacina\u00e7\u00e3o Dispon\u00edveis<\/h2>\n<p>Para facilitar o acesso \u00e0 vacina, a cidade de S\u00e3o Bernardo do Campo estabeleceu diversas UBSs onde a imuniza\u00e7\u00e3o ser\u00e1 realizada. Al\u00e9m das Unidades B\u00e1sicas, haver\u00e1 pontos de vacina\u00e7\u00e3o especiais para atender a popula\u00e7\u00e3o. Estes locais incluem:<\/p>\n<p><img decoding=\"async\" src=\"https:\/\/www.encontrasaobernardo.com.br\/sobre\/wp-content\/uploads\/2026\/03\/sao-bernardo-sp-antecipa-vacinacao-contra-a-gripe-veja-quem-pode-tomar.webp\" alt=\"\" loading=\"lazy\" \/><\/p>\n<ul>\n<li>Unidades B\u00e1sicas de Sa\u00fade (UBSs) em toda a cidade;<\/li>\n<li>Um sistema de drive-thru no Pa\u00e7o Municipal;<\/li>\n<li>Ponto de imuniza\u00e7\u00e3o na Pra\u00e7a Giovanni Breda, localizada no bairro Assun\u00e7\u00e3o.<\/li>\n<\/ul>\n<h2>Detalhes da Vacina\u00e7\u00e3o Drive-Thru<\/h2>\n<p>No pr\u00f3ximo s\u00e1bado, dia 28 de mar\u00e7o, ser\u00e1 montado um sistema de vacina\u00e7\u00e3o drive-thru no Pa\u00e7o Municipal. Este modelo de vacina\u00e7\u00e3o das 9h \u00e0s 16h permite que os cidad\u00e3os recebam a vacina sem precisar sair de seus ve\u00edculos, trazendo mais comodidade e seguran\u00e7a durante este processo de imuniza\u00e7\u00e3o.<\/p>\n<h2>Import\u00e2ncia da Imuniza\u00e7\u00e3o<\/h2>\n<p>Vacinas s\u00e3o fundamentais para a prote\u00e7\u00e3o da sa\u00fade coletiva, evitando a propaga\u00e7\u00e3o de doen\u00e7as como a gripe. A vacina\u00e7\u00e3o n\u00e3o apenas protege os indiv\u00edduos que recebem a dose, mas tamb\u00e9m contribui para o controle de surtos, reduzindo a carga sobre os servi\u00e7os de sa\u00fade e, consequentemente, salvando vidas. Neste sentido, a vacina contra a gripe \u00e9 especialmente importante para aqueles que pertencem aos grupos de risco.<\/p>\n<h2>Como a Vacina\u00e7\u00e3o Aumenta a Cobertura<\/h2>\n<p>O objetivo \u00e9 alcan\u00e7ar uma cobertura vacinal de 90% entre o p\u00fablico-alvo, que abrange aproximadamente 325 mil pessoas na cidade. Para alcan\u00e7ar essa meta, a mobiliza\u00e7\u00e3o da popula\u00e7\u00e3o e a oferta de diferentes op\u00e7\u00f5es de vacina\u00e7\u00e3o s\u00e3o essenciais. Com a\u00e7\u00f5es como a vacina\u00e7\u00e3o em UBSs, pontos drive-thru e vacina\u00e7\u00e3o em \u00e1reas p\u00fablicas, espera-se que mais pessoas possam ser atendidas e que a ades\u00e3o seja alta.<\/p>\n<h2>A\u00e7\u00f5es para Grupos de Risco<\/h2>\n<p>Al\u00e9m das UBSs, a equipe do programa Consult\u00f3rio na Rua estar\u00e1 atenta \u00e0s necessidades da popula\u00e7\u00e3o em situa\u00e7\u00e3o de rua. Este programa ir\u00e1 iniciar uma a\u00e7\u00e3o de vacina\u00e7\u00e3o para esse grupo, que muitas vezes n\u00e3o possui acesso f\u00e1cil aos servi\u00e7os de sa\u00fade. As equipes percorrer\u00e3o as \u00e1reas de maior concentra\u00e7\u00e3o para garantir que todos tenham oportunidade de receber a vacina.<\/p>\n<h2>Ponto de Vacina\u00e7\u00e3o na Pra\u00e7a Giovanni Breda<\/h2>\n<p>Mais um ponto de vacina\u00e7\u00e3o ser\u00e1 instalado na Pra\u00e7a Giovanni Breda, no bairro Assun\u00e7\u00e3o, onde ser\u00e1 realizado um atendimento tradicional. Essa medida visa facilitar o acesso \u00e0 imuniza\u00e7\u00e3o para aqueles que preferem um modelo mais convencional de vacina\u00e7\u00e3o.<\/p>\n<h2>Vacina\u00e7\u00e3o para a Popula\u00e7\u00e3o em Situa\u00e7\u00e3o de Rua<\/h2>\n<p>A inclus\u00e3o da popula\u00e7\u00e3o em situa\u00e7\u00e3o de rua nas campanhas de vacina\u00e7\u00e3o \u00e9 uma parte crucial dos esfor\u00e7os de sa\u00fade p\u00fablica. Neste ciclo de vacina\u00e7\u00e3o, as equipes do Consult\u00f3rio na Rua ser\u00e3o fundamentais para assegurar que essas pessoas tenham acesso adequado \u00e0 vacina, ajudando a prevenir surtos e garantir a sa\u00fade de todos.<\/p>\n<h2>Meta de Cobertura Vacinal<\/h2>\n<p>O sucesso da campanha de vacina\u00e7\u00e3o depender\u00e1 do envolvimento de todos os setores da sociedade. Com uma meta ambiciosa de 90% de cobertura vacinal, \u00e9 crucial que a popula\u00e7\u00e3o participe ativamente, comparecendo aos pontos de vacina\u00e7\u00e3o dispon\u00edveis e se informando sobre a import\u00e2ncia da imuniza\u00e7\u00e3o. A sa\u00fade p\u00fablica \u00e9 uma responsabilidade compartilhada e cada cidad\u00e3o desempenha um papel fundamental no combate \u00e0 gripe.<\/p>\n\n<div style=\"font-size: 0px; height: 0px; line-height: 0px; margin: 0; padding: 0; clear: both;\"><\/div>","protected":false},"excerpt":{"rendered":"<p>S\u00e3o Bernardo (SP) come\u00e7a vacina\u00e7\u00e3o antecipada contra a gripe. Veja detalhes.<\/p>\n","protected":false},"author":1,"featured_media":3408,"comment_status":"closed","ping_status":"closed","sticky":false,"template":"","format":"standard","meta":{"footnotes":""},"categories":[6],"tags":[],"class_list":["post-3409","post","type-post","status-publish","format-standard","has-post-thumbnail","hentry","category-noticias-em-sao-bernardo","has_thumb"],"aioseo_notices":[],"_links":{"self":[{"href":"https:\/\/www.encontrasaobernardo.com.br\/sobre\/wp-json\/wp\/v2\/posts\/3409","targetHints":{"allow":["GET"]}}],"collection":[{"href":"https:\/\/www.encontrasaobernardo.com.br\/sobre\/wp-json\/wp\/v2\/posts"}],"about":[{"href":"https:\/\/www.encontrasaobernardo.com.br\/sobre\/wp-json\/wp\/v2\/types\/post"}],"author":[{"embeddable":true,"href":"https:\/\/www.encontrasaobernardo.com.br\/sobre\/wp-json\/wp\/v2\/users\/1"}],"replies":[{"embeddable":true,"href":"https:\/\/www.encontrasaobernardo.com.br\/sobre\/wp-json\/wp\/v2\/comments?post=3409"}],"version-history":[{"count":0,"href":"https:\/\/www.encontrasaobernardo.com.br\/sobre\/wp-json\/wp\/v2\/posts\/3409\/revisions"}],"wp:featuredmedia":[{"embeddable":true,"href":"https:\/\/www.encontrasaobernardo.com.br\/sobre\/wp-json\/wp\/v2\/media\/3408"}],"wp:attachment":[{"href":"https:\/\/www.encontrasaobernardo.com.br\/sobre\/wp-json\/wp\/v2\/media?parent=3409"}],"wp:term":[{"taxonomy":"category","embeddable":true,"href":"https:\/\/www.encontrasaobernardo.com.br\/sobre\/wp-json\/wp\/v2\/categories?post=3409"},{"taxonomy":"post_tag","embeddable":true,"href":"https:\/\/www.encontrasaobernardo.com.br\/sobre\/wp-json\/wp\/v2\/tags?post=3409"}],"curies":[{"name":"wp","href":"https:\/\/api.w.org\/{rel}","templated":true}]}}