{"id":3395,"date":"2026-03-23T12:44:06","date_gmt":"2026-03-23T15:44:06","guid":{"rendered":"https:\/\/www.encontrasaobernardo.com.br\/sobre\/fora-dos-planos-de-mozart-ceara-confirma-saida-de-atacante-para-o-sao-bernardo\/"},"modified":"2026-03-23T12:44:06","modified_gmt":"2026-03-23T15:44:06","slug":"fora-dos-planos-de-mozart-ceara-confirma-saida-de-atacante-para-o-sao-bernardo","status":"publish","type":"post","link":"https:\/\/www.encontrasaobernardo.com.br\/sobre\/fora-dos-planos-de-mozart-ceara-confirma-saida-de-atacante-para-o-sao-bernardo\/","title":{"rendered":"Fora dos planos de Mozart, Cear\u00e1 confirma sa\u00edda de atacante para o S\u00e3o Bernardo"},"content":{"rendered":"<div class=\"b7a9cc72b38518383f4213f1240ff05a\" data-index=\"1\" style=\"float: none; margin:0px;\">\n<!-- Anuncio display - global -->\r\n<ins class=\"adsbygoogle\"\r\n     style=\"display:block\"\r\n     data-ad-client=\"ca-pub-8585364105181520\"\r\n     data-ad-slot=\"8789329856\"\r\n     data-ad-format=\"auto\"\r\n     data-full-width-responsive=\"true\"><\/ins>\r\n<script>\r\n     (adsbygoogle = window.adsbygoogle || []).push({});\r\n<\/script>\n<\/div>\n<h2>Decis\u00e3o estrat\u00e9gica do Cear\u00e1<\/h2>\n<p>O Cear\u00e1 Sporting Club, visando um aperfei\u00e7oamento em sua estrutura, decidiu realizar mudan\u00e7as significativas em seu elenco para a temporada de 2026. As a\u00e7\u00f5es se concentram na liberta\u00e7\u00e3o de jogadores que n\u00e3o se encontram entre os preferidos da comiss\u00e3o t\u00e9cnica, liderada por <strong>Mozart<\/strong>. A decis\u00e3o de liberar jogadores \u00e9 uma tentativa de melhorar a din\u00e2mica do time e otimizar recursos financeiros, fatores essenciais para enfrentamentos futuros em campeonatos nacionais e internacionais.<\/p>\n<h2>Impacto na folha salarial do clube<\/h2>\n<p>A rescis\u00e3o contratual com o atacante <strong>Lucas Rian<\/strong> \u00e9 uma parte central dessa reformula\u00e7\u00e3o. A sa\u00edda do jogador contribui para a diminui\u00e7\u00e3o da folha salarial do Cear\u00e1. Com jogadores que n\u00e3o est\u00e3o sendo aproveitados, o clube busca alocar melhor suas finan\u00e7as e abrir espa\u00e7o para novas contrata\u00e7\u00f5es, potencializando assim o investimento na forma\u00e7\u00e3o de uma equipe competitiva e coesa.<\/p>\n<h2>O papel de Mozart na reestrutura\u00e7\u00e3o<\/h2>\n<p>A presen\u00e7a de Mozart como treinador \u00e9 crucial nessa reestrutura\u00e7\u00e3o. Ele est\u00e1 ativamente envolvido na identifica\u00e7\u00e3o de talentos e na defini\u00e7\u00e3o de quais jogadores integram o time na nova temporada. A sua vis\u00e3o para o time sugere que alguns atletas n\u00e3o encaixam nas necessidades atuais do Cear\u00e1, levando \u00e0 decis\u00e3o de liberar Lucas Rian e potencialmente outros jogadores. A metodologia de Mozart para o treinamento e a t\u00e1tica do time reflete suas inten\u00e7\u00f5es de reformular tanto o estilo de jogo quanto a mentalidade dos atletas.<\/p>\n<p><img decoding=\"async\" src=\"https:\/\/www.encontrasaobernardo.com.br\/sobre\/wp-content\/uploads\/2026\/03\/fora-dos-planos-de-mozart-ceara-confirma-saida-de-atacante-para-o-sao-bernardo.webp\" alt=\"sa\u00edda do atacante do Cear\u00e1\" loading=\"lazy\" \/><\/p>\n<h2>Quem \u00e9 Lucas Rian?<\/h2>\n<p>Lucas Rian, atacante de 25 anos, fez parte do elenco do Cear\u00e1, mas acabou n\u00e3o sendo aproveitado de maneira significativa durante sua passagem. Ano passado, ele foi emprestado ao S\u00e3o Bernardo-SP, onde teve a oportunidade de jogar mais e ganhar experi\u00eancia. Ap\u00f3s o empr\u00e9stimo, o Cear\u00e1 decidiu que n\u00e3o era vi\u00e1vel mant\u00ea-lo entre os seus jogadores e optou pela rescis\u00e3o, buscando assim facilitar sua transi\u00e7\u00e3o para o clube do interior paulista.<\/p>\n<h2>O futuro de Lucas Rian no S\u00e3o Bernardo-SP<\/h2>\n<p>Com a rescis\u00e3o contratual agora confirmada, Lucas Rian passa a ter v\u00ednculo definitivo com o <strong>S\u00e3o Bernardo<\/strong>-SP. O clube paulista j\u00e1 havia se beneficiado de seu talento durante o empr\u00e9stimo, e agora, ao garantir sua transfer\u00eancia, espera contar com um jogador que j\u00e1 demonstrou sua capacidade em campo. Este movimento pode beneficiar ambos os lados: enquanto Lucas tem a chance de atuar mais frequentemente, o S\u00e3o Bernardo ganha um atleta que traz consigo experi\u00eancia em competi\u00e7\u00f5es.<\/p>\n<h2>Agradecimentos do clube a Lucas Rian<\/h2>\n<p>Em comunicado oficial, o Cear\u00e1 expressou seus agradecimentos a Lucas Rian pelos momentos vividos no clube. A diretoria destacou a import\u00e2ncia do jogador e desejou sucesso na nova fase de sua carreira. Esse tipo de reconhecimento demonstra n\u00e3o apenas respeito pelo profissional, mas tamb\u00e9m uma postura positiva do clube em rela\u00e7\u00e3o ao desenvolvimento de suas rela\u00e7\u00f5es com ex-atletas.<\/p>\n<h2>Mudan\u00e7as no elenco do Cear\u00e1<\/h2>\n<p>Al\u00e9m da sa\u00edda de Lucas Rian, o Cear\u00e1 deve continuar reavaliando seu elenco. S\u00e3o esperadas outras sa\u00eddas, bem como poss\u00edveis contrata\u00e7\u00f5es que se alinhem com a nova filosofia implantada por Mozart. A altera\u00e7\u00e3o na composi\u00e7\u00e3o do time \u00e9 uma parte essencial do planejamento, j\u00e1 que ela reflete as necessidades e estrat\u00e9gias para a pr\u00f3xima temporada e as inten\u00e7\u00f5es do Cear\u00e1 em se tornar novamente um competidor forte nas ligas.<\/p>\n<h2>Perspectivas para a temporada 2026<\/h2>\n<p>O Cear\u00e1 inicia a temporada de 2026 com um novo objetivo e uma base renovada. Com as sa\u00eddas de jogadores que n\u00e3o estavam nos planos e a chegada de novas pe\u00e7as, o clube busca um desempenho not\u00f3rio nas competi\u00e7\u00f5es que se aproximam. O gerenciamento das finan\u00e7as e da equipe ter\u00e1 um papel importante no desempenho geral do Cear\u00e1 nos campeonatos, e todos estar\u00e3o de olho nas pr\u00f3ximas movimenta\u00e7\u00f5es.<\/p>\n<h2>O que esperar do Cear\u00e1 daqui para frente<\/h2>\n<p>F\u00e3s e analistas aguardam ansiosamente as pr\u00f3ximas partidas do Cear\u00e1 e como o clube poder\u00e1 adaptar seu time \u00e0s novas realidades da competi\u00e7\u00e3o. A mudan\u00e7a de jogadores e a filosofia implementada por Mozart resultar\u00e3o em um time mais aguerrido, que visa n\u00e3o apenas melhorar seu desempenho em campo, mas tamb\u00e9m se reerguer em termos de mentalidade e estrat\u00e9gia. Espera-se que o Cear\u00e1 se mantenha competitivo e busque os melhores resultados poss\u00edveis em 2026.<\/p>\n<h2>An\u00e1lise das transfer\u00eancias recentes<\/h2>\n<p>A an\u00e1lise das transfer\u00eancias recentes do Cear\u00e1 ilustra a inten\u00e7\u00e3o do clube de focar em uma reestrutura\u00e7\u00e3o proativa. Ao se desfazer de jogadores como Lucas Rian, o Cear\u00e1 est\u00e1 n\u00e3o apenas ajustando sua folha salarial, mas tamb\u00e9m criando oportunidades para jovens talentos e op\u00e7\u00f5es estrat\u00e9gicas que possam ter um impacto no desempenho da equipe. As recentes movimenta\u00e7\u00f5es no mercado de transfer\u00eancias indicam uma busca por qualidade e n\u00e3o quantidade, refletindo o desejo de construir um elenco forte e bem treinado.<\/p>\n\n<div style=\"font-size: 0px; height: 0px; line-height: 0px; margin: 0; padding: 0; clear: both;\"><\/div>","protected":false},"excerpt":{"rendered":"<p>Cear\u00e1 anuncia a sa\u00edda de atacante, revelando planos de Mozart para o futuro.<\/p>\n","protected":false},"author":1,"featured_media":3394,"comment_status":"closed","ping_status":"closed","sticky":false,"template":"","format":"standard","meta":{"footnotes":""},"categories":[6],"tags":[],"class_list":["post-3395","post","type-post","status-publish","format-standard","has-post-thumbnail","hentry","category-noticias-em-sao-bernardo","has_thumb"],"aioseo_notices":[],"_links":{"self":[{"href":"https:\/\/www.encontrasaobernardo.com.br\/sobre\/wp-json\/wp\/v2\/posts\/3395","targetHints":{"allow":["GET"]}}],"collection":[{"href":"https:\/\/www.encontrasaobernardo.com.br\/sobre\/wp-json\/wp\/v2\/posts"}],"about":[{"href":"https:\/\/www.encontrasaobernardo.com.br\/sobre\/wp-json\/wp\/v2\/types\/post"}],"author":[{"embeddable":true,"href":"https:\/\/www.encontrasaobernardo.com.br\/sobre\/wp-json\/wp\/v2\/users\/1"}],"replies":[{"embeddable":true,"href":"https:\/\/www.encontrasaobernardo.com.br\/sobre\/wp-json\/wp\/v2\/comments?post=3395"}],"version-history":[{"count":0,"href":"https:\/\/www.encontrasaobernardo.com.br\/sobre\/wp-json\/wp\/v2\/posts\/3395\/revisions"}],"wp:featuredmedia":[{"embeddable":true,"href":"https:\/\/www.encontrasaobernardo.com.br\/sobre\/wp-json\/wp\/v2\/media\/3394"}],"wp:attachment":[{"href":"https:\/\/www.encontrasaobernardo.com.br\/sobre\/wp-json\/wp\/v2\/media?parent=3395"}],"wp:term":[{"taxonomy":"category","embeddable":true,"href":"https:\/\/www.encontrasaobernardo.com.br\/sobre\/wp-json\/wp\/v2\/categories?post=3395"},{"taxonomy":"post_tag","embeddable":true,"href":"https:\/\/www.encontrasaobernardo.com.br\/sobre\/wp-json\/wp\/v2\/tags?post=3395"}],"curies":[{"name":"wp","href":"https:\/\/api.w.org\/{rel}","templated":true}]}}