{"id":3312,"date":"2026-02-25T12:54:36","date_gmt":"2026-02-25T15:54:36","guid":{"rendered":"https:\/\/www.encontrasaobernardo.com.br\/sobre\/volkswagen-celebra-15-milhoes-de-carros-fabricados-em-sao-bernardo-do-campo\/"},"modified":"2026-02-25T12:54:36","modified_gmt":"2026-02-25T15:54:36","slug":"volkswagen-celebra-15-milhoes-de-carros-fabricados-em-sao-bernardo-do-campo","status":"publish","type":"post","link":"https:\/\/www.encontrasaobernardo.com.br\/sobre\/volkswagen-celebra-15-milhoes-de-carros-fabricados-em-sao-bernardo-do-campo\/","title":{"rendered":"Volkswagen celebra 15 milh\u00f5es de carros fabricados em S\u00e3o Bernardo do Campo"},"content":{"rendered":"<div class=\"b7a9cc72b38518383f4213f1240ff05a\" data-index=\"1\" style=\"float: none; margin:0px;\">\n<!-- Anuncio display - global -->\r\n<ins class=\"adsbygoogle\"\r\n     style=\"display:block\"\r\n     data-ad-client=\"ca-pub-8585364105181520\"\r\n     data-ad-slot=\"8789329856\"\r\n     data-ad-format=\"auto\"\r\n     data-full-width-responsive=\"true\"><\/ins>\r\n<script>\r\n     (adsbygoogle = window.adsbygoogle || []).push({});\r\n<\/script>\n<\/div>\n<h2>Hist\u00f3ria da F\u00e1brica Anchieta<\/h2>\n<p>A unidade Anchieta da Volkswagen, estabelecida em S\u00e3o Bernardo do Campo, SP, marca um marco significativo na hist\u00f3ria automotiva do Brasil. Inaugurada em <strong>1959<\/strong>, foi a primeira f\u00e1brica da Volkswagen fora da Alemanha, um passo ousado que simbolizava a expans\u00e3o internacional da montadora. Desde sua abertura, a planta se destacou pela produ\u00e7\u00e3o em larga escala, acumulando um impressionante total de <strong>15 milh\u00f5es<\/strong> de ve\u00edculos at\u00e9 a atualidade. Este volume representa cerca de <strong>57%<\/strong> dos <strong>26,3 milh\u00f5es<\/strong> de carros fabricados pela empresa no Brasil ao longo de suas <strong>72 anos<\/strong> de opera\u00e7\u00e3o.<\/p>\n<h2>Impacto na Economia Local<\/h2>\n<p>O impacto da Volkswagen na economia local n\u00e3o pode ser subestimado. A f\u00e1brica Anchieta n\u00e3o apenas gerou milhares de empregos diretos, mas tamb\u00e9m incentivou o desenvolvimento de ind\u00fastrias locais supridoras. A presen\u00e7a da montadora atraiu investimentos significativos na regi\u00e3o, contribuindo para a diversifica\u00e7\u00e3o econ\u00f4mica de S\u00e3o Bernardo do Campo. Al\u00e9m disso, a f\u00e1brica ajudou a aumentar a qualifica\u00e7\u00e3o profissional da m\u00e3o de obra local, promovendo programas de treinamento e capacita\u00e7\u00e3o.<\/p>\n<h2>Produ\u00e7\u00e3o e Inova\u00e7\u00e3o<\/h2>\n<p>A produ\u00e7\u00e3o na unidade Anchieta tem ao longo dos anos se adaptado \u00e0s demandas do mercado, integrando inova\u00e7\u00f5es tecnol\u00f3gicas e melhorias de efici\u00eancia. Atualmente, modelos como Polo Track, Nivus, Virtus e Saveiro saem das linhas de montagem. Entretanto, a Saveiro, com uma produ\u00e7\u00e3o de <strong>1,8 milh\u00e3o<\/strong> de unidades ao longo de <strong>44 anos<\/strong>, est\u00e1 programada para ser descontinuada at\u00e9 o final do ano. Para substitu\u00ed-la, um novo ve\u00edculo desenvolvido sob a plataforma MQB37 ser\u00e1 produzido, equipado com um sistema de propuls\u00e3o h\u00edbrido (HEV) flex, refletindo o compromisso da empresa com a moderniza\u00e7\u00e3o e a diversidade na oferta de produtos.<\/p>\n<p><img decoding=\"async\" src=\"https:\/\/www.encontrasaobernardo.com.br\/sobre\/wp-content\/uploads\/2026\/02\/volkswagen-celebra-15-milhoes-de-carros-fabricados-em-sao-bernardo-do-campo.webp\" alt=\"Volkswagen\" loading=\"lazy\" \/><\/p>\n<h2>O Futuro da Volkswagen<\/h2>\n<p>O futuro da Volkswagen na Am\u00e9rica do Sul parece promissor, especialmente com os novos projetos que priorizam a eletrifica\u00e7\u00e3o dos ve\u00edculos. A partir deste ano, todos os novos modelos fabricados na regi\u00e3o ter\u00e3o vers\u00f5es eletrificadas, alinhando a marca com as tend\u00eancias globais de sustentabilidade e inova\u00e7\u00e3o na mobilidade. Esse movimento reflete uma resposta \u00e0s crescentes demandas do consumidor por op\u00e7\u00f5es mais ecol\u00f3gicas e eficientes.<\/p>\n<h2>Sustentabilidade na Produ\u00e7\u00e3o<\/h2>\n<p>Um dos pilares fundamentais na opera\u00e7\u00e3o da Volkswagen \u00e9 o compromisso com a sustentabilidade. A f\u00e1brica Anchieta, junto com a unidade de Taubat\u00e9, foi pioneira na implementa\u00e7\u00e3o do biometano para sua matriz energ\u00e9tica, uma estrat\u00e9gia que faz parte do plano da montadora para alcan\u00e7ar a neutralidade de carbono at\u00e9 <strong>2050<\/strong>. Essa iniciativa n\u00e3o apenas reduz a pegada de carbono da f\u00e1brica, mas tamb\u00e9m destaca o papel da Volkswagen como l\u00edder em pr\u00e1ticas de produ\u00e7\u00e3o sustent\u00e1vel no Brasil.<\/p>\n<h2>Modelos Populares Produzidos<\/h2>\n<p>A Volkswagen Anchieta \u00e9 respons\u00e1vel pela fabrica\u00e7\u00e3o de v\u00e1rios modelos que se tornaram \u00edcones no Brasil. Desde a classic Saveiro at\u00e9 os modernos Polo Track e Nivus, a variedade de ve\u00edculos criados nesta unidade atende a diferentes perfis de consumidores, solidificando a imagem da marca no mercado. O Virtus, por exemplo, combina inova\u00e7\u00e3o e design moderno, enquanto o Saveiro se destaca pela praticidade e robustez, caracter\u00edsticas apreciadas pelos consumidores brasileiros.<\/p>\n<h2>Centro de Pesquisa e Desenvolvimento<\/h2>\n<p>A unidade Anchieta tamb\u00e9m abriga um avan\u00e7ado centro de pesquisa e desenvolvimento. Este espa\u00e7o \u00e9 dedicado \u00e0 inova\u00e7\u00e3o e ao planejamento de novos produtos, concentrando esfor\u00e7os em tecnologias que buscam melhorar ainda mais a efici\u00eancia e a seguran\u00e7a dos ve\u00edculos. Com um alto grau de tecnologia, este centro permite que a Volkswagen se mantenha competitiva e alinhada \u00e0s tend\u00eancias globais do setor automotivo.<\/p>\n<h2>Educa\u00e7\u00e3o e Forma\u00e7\u00e3o T\u00e9cnica<\/h2>\n<p>Al\u00e9m de seu papel na produ\u00e7\u00e3o de ve\u00edculos, a Volkswagen Anchieta \u00e9 um exemplo de responsabilidade social atrav\u00e9s da educa\u00e7\u00e3o e capacita\u00e7\u00e3o profissional. O Senai Volkswagen, presente na unidade, j\u00e1 formou mais de <strong>7 mil alunos<\/strong> ao longo de seus <strong>52 anos<\/strong> de exist\u00eancia, oferecendo forma\u00e7\u00e3o pr\u00e1tica e te\u00f3rica de alta qualidade. Este programa tem sido um modelo para a capacita\u00e7\u00e3o de jovens e profissionais da ind\u00fastria automotiva, preparando-os para os desafios do setor.<\/p>\n<h2>A Transi\u00e7\u00e3o para Ve\u00edculos El\u00e9tricos<\/h2>\n<p>Com o mercado global se movendo rapidamente em dire\u00e7\u00e3o \u00e0 eletrifica\u00e7\u00e3o, a Volkswagen est\u00e1 posicionando sua produ\u00e7\u00e3o para atender \u00e0 nova demanda. A introdu\u00e7\u00e3o de modelos h\u00edbridos e el\u00e9tricos nos pr\u00f3ximos anos ser\u00e1 uma prioridade, refletindo a tend\u00eancia global de sustentabilidade e inova\u00e7\u00e3o. Esse foco na eletrifica\u00e7\u00e3o n\u00e3o apenas atende \u00e0s necessidades dos consumidores modernos, mas tamb\u00e9m contribui para a estrat\u00e9gia de redu\u00e7\u00e3o de emiss\u00f5es da montadora.<\/p>\n<h2>Celebra\u00e7\u00f5es e Eventos Especiais<\/h2>\n<p>Marcos como a produ\u00e7\u00e3o de 15 milh\u00f5es de ve\u00edculos s\u00e3o frequentemente celebrados com eventos especiais que destacam a hist\u00f3ria e os feitos da empresa. Essas celebra\u00e7\u00f5es n\u00e3o apenas reconhecem a import\u00e2ncia da f\u00e1brica Anchieta para a Volkswagen no Brasil, mas tamb\u00e9m refor\u00e7am o compromisso da empresa com seus colaboradores e a comunidade local. Momentos como este ajudam a consolidar as rela\u00e7\u00f5es e a engajamento entre a marca e seus p\u00fablicos.<\/p>\n<p>A Volkswagen Anchieta continua a ser um pilar central na ind\u00fastria automotiva brasileira, sempre se adaptando e inovando para atender \u00e0s demandas de um mercado em constante mudan\u00e7a, ao mesmo tempo que promove pr\u00e1ticas sustent\u00e1veis e investe no desenvolvimento de seus colaboradores e da comunidade local.<\/p>\n\n<div style=\"font-size: 0px; height: 0px; line-height: 0px; margin: 0; padding: 0; clear: both;\"><\/div>","protected":false},"excerpt":{"rendered":"<p>Volkswagen celebra 15 milh\u00f5es de carros fabricados na f\u00e1brica Anchieta em S\u00e3o Bernardo do Campo.<\/p>\n","protected":false},"author":1,"featured_media":3311,"comment_status":"closed","ping_status":"closed","sticky":false,"template":"","format":"standard","meta":{"footnotes":""},"categories":[6],"tags":[],"class_list":["post-3312","post","type-post","status-publish","format-standard","has-post-thumbnail","hentry","category-noticias-em-sao-bernardo","has_thumb"],"aioseo_notices":[],"_links":{"self":[{"href":"https:\/\/www.encontrasaobernardo.com.br\/sobre\/wp-json\/wp\/v2\/posts\/3312","targetHints":{"allow":["GET"]}}],"collection":[{"href":"https:\/\/www.encontrasaobernardo.com.br\/sobre\/wp-json\/wp\/v2\/posts"}],"about":[{"href":"https:\/\/www.encontrasaobernardo.com.br\/sobre\/wp-json\/wp\/v2\/types\/post"}],"author":[{"embeddable":true,"href":"https:\/\/www.encontrasaobernardo.com.br\/sobre\/wp-json\/wp\/v2\/users\/1"}],"replies":[{"embeddable":true,"href":"https:\/\/www.encontrasaobernardo.com.br\/sobre\/wp-json\/wp\/v2\/comments?post=3312"}],"version-history":[{"count":0,"href":"https:\/\/www.encontrasaobernardo.com.br\/sobre\/wp-json\/wp\/v2\/posts\/3312\/revisions"}],"wp:featuredmedia":[{"embeddable":true,"href":"https:\/\/www.encontrasaobernardo.com.br\/sobre\/wp-json\/wp\/v2\/media\/3311"}],"wp:attachment":[{"href":"https:\/\/www.encontrasaobernardo.com.br\/sobre\/wp-json\/wp\/v2\/media?parent=3312"}],"wp:term":[{"taxonomy":"category","embeddable":true,"href":"https:\/\/www.encontrasaobernardo.com.br\/sobre\/wp-json\/wp\/v2\/categories?post=3312"},{"taxonomy":"post_tag","embeddable":true,"href":"https:\/\/www.encontrasaobernardo.com.br\/sobre\/wp-json\/wp\/v2\/tags?post=3312"}],"curies":[{"name":"wp","href":"https:\/\/api.w.org\/{rel}","templated":true}]}}