{"id":331,"date":"2011-06-30T15:44:53","date_gmt":"2011-06-30T18:44:53","guid":{"rendered":"http:\/\/www.encontrasaobernardo.com.br\/noticias\/?p=331"},"modified":"2019-04-12T16:44:03","modified_gmt":"2019-04-12T19:44:03","slug":"familia-de-sao-bernardo-se-mudam-para-conjunto-habitacional-tres-marias","status":"publish","type":"post","link":"https:\/\/www.encontrasaobernardo.com.br\/sobre\/familia-de-sao-bernardo-se-mudam-para-conjunto-habitacional-tres-marias\/","title":{"rendered":"Fam\u00edlia de S\u00e3o Bernardo se mudam para Conjunto Habitacional Tr\u00eas Marias"},"content":{"rendered":"<div class=\"b7a9cc72b38518383f4213f1240ff05a\" data-index=\"1\" style=\"float: none; margin:0px;\">\n<!-- Anuncio display - global -->\r\n<ins class=\"adsbygoogle\"\r\n     style=\"display:block\"\r\n     data-ad-client=\"ca-pub-8585364105181520\"\r\n     data-ad-slot=\"8789329856\"\r\n     data-ad-format=\"auto\"\r\n     data-full-width-responsive=\"true\"><\/ins>\r\n<script>\r\n     (adsbygoogle = window.adsbygoogle || []).push({});\r\n<\/script>\n<\/div>\n<p>O prefeito da cidade de S\u00e3o Bernardo, Luiz Marinho, acompanhou na manh\u00e3 desta quinta-feira \u00a0a mudan\u00e7a de mais um grupo de\u00a0fam\u00edlias que vai morar em novos\u00a0apartamentos do Conjunto Habitacional Tr\u00eas Marias. Iniciadas na segunda-feira, as mudan\u00e7as ocorrer\u00e3o at\u00e9 o dia 4 de setembro.<\/p>\n<p>Os moradores s\u00e3o origin\u00e1rios de moradias em \u00e1rea de risco ou prec\u00e1rias em n\u00facleos como S\u00edtio Bom Jesus, Alvarenga Peixoto, Divin\u00e9ia,\u00a0Pantanal I e II e Jardim Ip\u00ea.<\/p>\n<p>O Conjunto Habitacional Tr\u00eas Marias prev\u00ea a constru\u00e7\u00e3o de 52 edif\u00edcios, que somam as 1.236 unidades habitacionais. Cada pavimento do edif\u00edcio tem quatro unidades com\u00a0dois dormit\u00f3rios, cozinha, sala, banheiro e \u00e1rea de servi\u00e7o.<\/p>\n<p>Do total de R$ 71 milh\u00f5es para a obra, R$ 57 milh\u00f5es s\u00e3o recursos do PAC e R$ 14 milh\u00f5es \u00e9 a contrapartida da prefeitura.<\/p>\n<p><em>Fonte: Di\u00e1rio do Grande ABC<\/em><\/p>\n\n<div style=\"font-size: 0px; height: 0px; line-height: 0px; margin: 0; padding: 0; clear: both;\"><\/div>","protected":false},"excerpt":{"rendered":"<p>O prefeito da cidade de S\u00e3o Bernardo, Luiz Marinho, acompanhou na manh\u00e3 desta quinta-feira \u00a0a mudan\u00e7a de mais um grupo de\u00a0fam\u00edlias que vai morar em novos\u00a0apartamentos do Conjunto Habitacional Tr\u00eas Marias. Iniciadas na segunda-feira, as mudan\u00e7as ocorrer\u00e3o at\u00e9 o dia 4 de setembro. Os moradores s\u00e3o origin\u00e1rios de moradias em \u00e1rea de risco ou prec\u00e1rias em n\u00facleos como S\u00edtio Bom Jesus, Alvarenga Peixoto, Divin\u00e9ia,\u00a0Pantanal I e II e Jardim Ip\u00ea. O Conjunto Habitacional Tr\u00eas Marias prev\u00ea a constru\u00e7\u00e3o de 52 edif\u00edcios, que somam as 1.236 unidades habitacionais. Cada pavimento do edif\u00edcio tem quatro unidades com\u00a0dois dormit\u00f3rios, cozinha, sala, banheiro e <\/p>\n","protected":false},"author":1,"featured_media":0,"comment_status":"open","ping_status":"closed","sticky":false,"template":"","format":"standard","meta":{"footnotes":""},"categories":[6],"tags":[14],"class_list":["post-331","post","type-post","status-publish","format-standard","hentry","category-noticias-em-sao-bernardo","tag-sao-bernardo"],"aioseo_notices":[],"_links":{"self":[{"href":"https:\/\/www.encontrasaobernardo.com.br\/sobre\/wp-json\/wp\/v2\/posts\/331","targetHints":{"allow":["GET"]}}],"collection":[{"href":"https:\/\/www.encontrasaobernardo.com.br\/sobre\/wp-json\/wp\/v2\/posts"}],"about":[{"href":"https:\/\/www.encontrasaobernardo.com.br\/sobre\/wp-json\/wp\/v2\/types\/post"}],"author":[{"embeddable":true,"href":"https:\/\/www.encontrasaobernardo.com.br\/sobre\/wp-json\/wp\/v2\/users\/1"}],"replies":[{"embeddable":true,"href":"https:\/\/www.encontrasaobernardo.com.br\/sobre\/wp-json\/wp\/v2\/comments?post=331"}],"version-history":[{"count":0,"href":"https:\/\/www.encontrasaobernardo.com.br\/sobre\/wp-json\/wp\/v2\/posts\/331\/revisions"}],"wp:attachment":[{"href":"https:\/\/www.encontrasaobernardo.com.br\/sobre\/wp-json\/wp\/v2\/media?parent=331"}],"wp:term":[{"taxonomy":"category","embeddable":true,"href":"https:\/\/www.encontrasaobernardo.com.br\/sobre\/wp-json\/wp\/v2\/categories?post=331"},{"taxonomy":"post_tag","embeddable":true,"href":"https:\/\/www.encontrasaobernardo.com.br\/sobre\/wp-json\/wp\/v2\/tags?post=331"}],"curies":[{"name":"wp","href":"https:\/\/api.w.org\/{rel}","templated":true}]}}