{"id":3274,"date":"2026-02-16T12:45:05","date_gmt":"2026-02-16T15:45:05","guid":{"rendered":"https:\/\/www.encontrasaobernardo.com.br\/sobre\/pedro-vitor-comemora-boa-fase-no-sao-bernardo-e-avalia-importancia-de-catala-no-retorno-ao-brasil\/"},"modified":"2026-02-16T12:45:05","modified_gmt":"2026-02-16T15:45:05","slug":"pedro-vitor-comemora-boa-fase-no-sao-bernardo-e-avalia-importancia-de-catala-no-retorno-ao-brasil","status":"publish","type":"post","link":"https:\/\/www.encontrasaobernardo.com.br\/sobre\/pedro-vitor-comemora-boa-fase-no-sao-bernardo-e-avalia-importancia-de-catala-no-retorno-ao-brasil\/","title":{"rendered":"Pedro Vitor comemora boa fase no S\u00e3o Bernardo e avalia import\u00e2ncia de Catal\u00e1 no retorno ao Brasil"},"content":{"rendered":"<div class=\"b7a9cc72b38518383f4213f1240ff05a\" data-index=\"1\" style=\"float: none; margin:0px;\">\n<!-- Anuncio display - global -->\r\n<ins class=\"adsbygoogle\"\r\n     style=\"display:block\"\r\n     data-ad-client=\"ca-pub-8585364105181520\"\r\n     data-ad-slot=\"8789329856\"\r\n     data-ad-format=\"auto\"\r\n     data-full-width-responsive=\"true\"><\/ins>\r\n<script>\r\n     (adsbygoogle = window.adsbygoogle || []).push({});\r\n<\/script>\n<\/div>\n<h2>Retorno ao Brasil: Uma nova etapa na carreira<\/h2>\n<p>Pedro Vitor, o atacante que fez seu nome no futebol, decidiu retornar ao Brasil ap\u00f3s uma experi\u00eancia no exterior. Essa transi\u00e7\u00e3o \u00e9 considerada um divisor de \u00e1guas em sua carreira, pois trouxe oportunidades e a chance de contribuir significativamente para seu novo clube, o S\u00e3o Bernardo, que atualmente disputa o Campeonato Paulista.<\/p>\n<p>O retorno ao Brasil n\u00e3o se deu de maneira simples; houve um planejamento cuidadoso que considerou suas experi\u00eancias recentes e o que esperava para o futuro em sua carreira. Pedro teve um ano jogando no Chungbuk Cheongju, na Coreia do Sul, onde se destacou, mas a chamada do futebol brasileiro foi irresist\u00edvel, especialmente sob a orienta\u00e7\u00e3o do treinador Ricardo Catal\u00e1, um treinador com quem ele j\u00e1 tinha trabalhado anteriormente no Remo.<\/p>\n<h2>A import\u00e2ncia de Catal\u00e1 para Pedro Vitor<\/h2>\n<p>O relacionamento entre Pedro Vitor e o t\u00e9cnico Ricardo Catal\u00e1 teve um impacto significativo na decis\u00e3o do jogador de se juntar ao S\u00e3o Bernardo. Pedro expressa grande confian\u00e7a em Catal\u00e1, destacando que sua vis\u00e3o e abordagem no futebol foram determinantes na negocia\u00e7\u00e3o.<\/p>\n<p><img decoding=\"async\" src=\"https:\/\/www.encontrasaobernardo.com.br\/sobre\/wp-content\/uploads\/2026\/02\/pedro-vitor-comemora-boa-fase-no-sao-bernardo-e-avalia-importancia-de-catala-no-retorno-ao-brasil.webp\" alt=\"\" loading=\"lazy\" \/><\/p>\n<p>O entendimento pr\u00e9vio entre eles facilitou a adapta\u00e7\u00e3o de Pedro ao novo clube e ao estilo de jogo pretendido. A influ\u00eancia de um treinador que j\u00e1 conhece suas habilidades e caracter\u00edsticas proporciona uma base s\u00f3lida para qualquer atleta, e foi isso que Pedro encontrou no S\u00e3o Bernardo.<\/p>\n<h2>Participa\u00e7\u00f5es e desempenho no Paulist\u00e3o<\/h2>\n<p>Na atual edi\u00e7\u00e3o do Campeonato Paulista, Pedro Vitor tem mostrado um desempenho not\u00e1vel, com contribui\u00e7\u00e3o em duas das vit\u00f3rias do time. Ele marcou um gol na primeira partida da competi\u00e7\u00e3o contra o Capivariano e, em seguida, forneceu uma assist\u00eancia crucial na vit\u00f3ria sobre a Ponte Preta.<\/p>\n<p>Essas contribui\u00e7\u00f5es t\u00eam sido vitais para manter o S\u00e3o Bernardo em uma posi\u00e7\u00e3o competitiva no torneio, algo que Pedro n\u00e3o levava em considera\u00e7\u00e3o ao se transferir. Seu papel como protagonista em campo reflete n\u00e3o apenas sua habilidade, mas tamb\u00e9m como o time est\u00e1 absorvendo suas qualidades.<\/p>\n<h2>Experi\u00eancia internacional do atacante<\/h2>\n<p>Antes de sua chegada ao S\u00e3o Bernardo, Pedro Vitor teve uma rica experi\u00eancia internacional que inclui passagens por clubes da Gr\u00e9cia, Ucr\u00e2nia e Finl\u00e2ndia. Jogar em diferentes ligas europeias ampliou sua perspectiva e o ajudou a desenvolver um conjunto diversificado de habilidades.<\/p>\n<p>Ele ressalta que cada lugar ofereceu valiosas li\u00e7\u00f5es, que ele agora aplica no futebol brasileiro, ajudando seus companheiros de equipe a se adaptarem e evolu\u00edrem em suas performances. Ajuda e orienta\u00e7\u00e3o s\u00e3o essenciais em um time, e Pedro, com sua bagagem internacional, est\u00e1 em uma posi\u00e7\u00e3o ideal para oferecer essas contribui\u00e7\u00f5es.<\/p>\n<h2>Celebra\u00e7\u00f5es que homenageiam sua terra natal<\/h2>\n<p>A comemora\u00e7\u00e3o de Pedro ap\u00f3s seus gols, conhecida como &#8220;flechada&#8221;, revela seu profundo v\u00ednculo com sua cidade natal, Palmeira dos \u00cdndios, em Alagoas. Essa celebra\u00e7\u00e3o \u00e9 um gesto de gratid\u00e3o \u00e0s pessoas que o apoiaram ao longo de sua jornada e destaca sua conex\u00e3o emocional com suas ra\u00edzes.<\/p>\n<p>Ao marcar e comemorar, ele honra aqueles que sempre acreditaram em seu potencial, o que cria uma motiva\u00e7\u00e3o adicional tanto pessoal quanto para o time.<\/p>\n<h2>Expectativas do S\u00e3o Bernardo para a temporada<\/h2>\n<p>Com o background robusto de Pedro Vitor e o impulso que trouxe \u00e0s campanhas do S\u00e3o Bernardo, as expectativas para a temporada s\u00e3o altas. A comiss\u00e3o t\u00e9cnica, junto com o jogador, tem se concentrado em superar os resultados do ano anterior, quando o time alcan\u00e7ou as quartas de final do Paulist\u00e3o.<\/p>\n<p>Pedro expressa um forte desejo de ajudar a equipe a ir mais longe, destacando a necessidade de foco em cada jogo. Sua determina\u00e7\u00e3o em buscar o t\u00edtulo se alinha com a vis\u00e3o do treinador, que tem metas ambiciosas para a temporada.<\/p>\n<h2>A hist\u00f3ria de Pedro Vitor no futebol<\/h2>\n<p>A trajet\u00f3ria de Pedro Vitor no futebol \u00e9 um testemunho de perseveran\u00e7a. Desde suas primeiras experi\u00eancias em categorias de base at\u00e9 suas atua\u00e7\u00f5es em clubes maiores, ele sempre se destacou por sua capacidade de evolu\u00e7\u00e3o e adapta\u00e7\u00e3o. Cada desafio superado no seu caminho constru\u00eda uma base para o sucesso que ele experimenta hoje.<\/p>\n<h2>Como ele se adapta ao estilo brasileiro<\/h2>\n<p>A adapta\u00e7\u00e3o ao estilo de jogo brasileiro, caracterizada por sua intensidade e din\u00e2mica, \u00e9 um processo que Pedro tem feito de forma eficaz. Sua experi\u00eancia internacional ajudou-o a compreender diferentes fundamentos, que agora integra na filosofia de jogo do S\u00e3o Bernardo. Esse equil\u00edbrio entre a t\u00e9cnica apurada no exterior e a intensidade do futebol brasileiro \u00e9 o que o destaca.<\/p>\n<h2>Foco em supera\u00e7\u00e3o e trabalho em equipe<\/h2>\n<p>Pedro Vitor enfatiza que o trabalho em equipe \u00e9 fundamental para alcan\u00e7ar os objetivos do time. Ele incorre em sua pr\u00f3pria experi\u00eancia e aprendizado para ajudar os colegas de equipe, criando um ambiente colaborativo que \u00e9 essencial no esporte. A comunica\u00e7\u00e3o e o esp\u00edrito de equipe s\u00e3o elementos que, segundo ele, podem fazer a diferen\u00e7a em momentos cruciais da competi\u00e7\u00e3o.<\/p>\n<h2>Desafios enfrentados em sua jornada<\/h2>\n<p>Mesmo com os avan\u00e7os e as conquistas, Pedro Vitor tamb\u00e9m enfrentou desafios em sua carreira. A transi\u00e7\u00e3o entre diferentes ligas e estilos de futebol frequentemente apresenta dificuldades, mas sua resili\u00eancia tem sido uma caracter\u00edstica marcante. Ele aprendeu a valorizar as experi\u00eancias dif\u00edceis da mesma forma que as vitoriosas, reconhecendo que o crescimento muitas vezes n\u00e3o \u00e9 linear.<\/p>\n<p>Cada obst\u00e1culo superado o moldou como atleta e como pessoa, e Pedro est\u00e1 comprometido em continuar sua trajet\u00f3ria com comprometimento e paix\u00e3o pelo jogo.<\/p>\n\n<div style=\"font-size: 0px; height: 0px; line-height: 0px; margin: 0; padding: 0; clear: both;\"><\/div>","protected":false},"excerpt":{"rendered":"<p>Pedro Vitor destaca seu papel fundamental no S\u00e3o Bernardo ap\u00f3s o retorno.<\/p>\n","protected":false},"author":1,"featured_media":3273,"comment_status":"closed","ping_status":"closed","sticky":false,"template":"","format":"standard","meta":{"footnotes":""},"categories":[6],"tags":[],"class_list":["post-3274","post","type-post","status-publish","format-standard","has-post-thumbnail","hentry","category-noticias-em-sao-bernardo","has_thumb"],"aioseo_notices":[],"_links":{"self":[{"href":"https:\/\/www.encontrasaobernardo.com.br\/sobre\/wp-json\/wp\/v2\/posts\/3274","targetHints":{"allow":["GET"]}}],"collection":[{"href":"https:\/\/www.encontrasaobernardo.com.br\/sobre\/wp-json\/wp\/v2\/posts"}],"about":[{"href":"https:\/\/www.encontrasaobernardo.com.br\/sobre\/wp-json\/wp\/v2\/types\/post"}],"author":[{"embeddable":true,"href":"https:\/\/www.encontrasaobernardo.com.br\/sobre\/wp-json\/wp\/v2\/users\/1"}],"replies":[{"embeddable":true,"href":"https:\/\/www.encontrasaobernardo.com.br\/sobre\/wp-json\/wp\/v2\/comments?post=3274"}],"version-history":[{"count":0,"href":"https:\/\/www.encontrasaobernardo.com.br\/sobre\/wp-json\/wp\/v2\/posts\/3274\/revisions"}],"wp:featuredmedia":[{"embeddable":true,"href":"https:\/\/www.encontrasaobernardo.com.br\/sobre\/wp-json\/wp\/v2\/media\/3273"}],"wp:attachment":[{"href":"https:\/\/www.encontrasaobernardo.com.br\/sobre\/wp-json\/wp\/v2\/media?parent=3274"}],"wp:term":[{"taxonomy":"category","embeddable":true,"href":"https:\/\/www.encontrasaobernardo.com.br\/sobre\/wp-json\/wp\/v2\/categories?post=3274"},{"taxonomy":"post_tag","embeddable":true,"href":"https:\/\/www.encontrasaobernardo.com.br\/sobre\/wp-json\/wp\/v2\/tags?post=3274"}],"curies":[{"name":"wp","href":"https:\/\/api.w.org\/{rel}","templated":true}]}}