{"id":3174,"date":"2026-01-28T13:27:16","date_gmt":"2026-01-28T16:27:16","guid":{"rendered":"https:\/\/www.encontrasaobernardo.com.br\/sobre\/prefeitura-de-sao-bernardo-lanca-programa-educa-mais-saude-com-bolsas-de-medicina\/"},"modified":"2026-01-28T13:27:16","modified_gmt":"2026-01-28T16:27:16","slug":"prefeitura-de-sao-bernardo-lanca-programa-educa-mais-saude-com-bolsas-de-medicina","status":"publish","type":"post","link":"https:\/\/www.encontrasaobernardo.com.br\/sobre\/prefeitura-de-sao-bernardo-lanca-programa-educa-mais-saude-com-bolsas-de-medicina\/","title":{"rendered":"Prefeitura de S\u00e3o Bernardo lan\u00e7a Programa Educa Mais Sa\u00fade com bolsas de Medicina"},"content":{"rendered":"<div class=\"b7a9cc72b38518383f4213f1240ff05a\" data-index=\"1\" style=\"float: none; margin:0px;\">\n<!-- Anuncio display - global -->\r\n<ins class=\"adsbygoogle\"\r\n     style=\"display:block\"\r\n     data-ad-client=\"ca-pub-8585364105181520\"\r\n     data-ad-slot=\"8789329856\"\r\n     data-ad-format=\"auto\"\r\n     data-full-width-responsive=\"true\"><\/ins>\r\n<script>\r\n     (adsbygoogle = window.adsbygoogle || []).push({});\r\n<\/script>\n<\/div>\n<h2>Introdu\u00e7\u00e3o ao Programa Educa Mais Sa\u00fade<\/h2>\n<p>O <strong>Programa Educa Mais Sa\u00fade<\/strong> \u00e9 uma iniciativa inovadora lan\u00e7ada pela Prefeitura de S\u00e3o Bernardo do Campo, voltada para oferecer oportunidades educacionais na \u00e1rea da sa\u00fade. Este projeto visa n\u00e3o apenas aumentar o n\u00famero de profissionais na \u00e1rea, mas tamb\u00e9m garantir acesso a forma\u00e7\u00e3o de qualidade para jovens da cidade. Com uma abordagem abrangente, o programa se destaca por seu compromisso com a educa\u00e7\u00e3o e a sa\u00fade p\u00fablica.<\/p>\n<h2>Bolsas de Estudo Dispon\u00edveis<\/h2>\n<p>O programa disponibiliza um total de <strong>54 bolsas de estudo<\/strong>, abrangendo cursos de gradua\u00e7\u00e3o e t\u00e9cnico. As principais ofertas incluem:<\/p>\n<ul>\n<li><strong>Medicina:<\/strong> 3 bolsas integrais.<\/li>\n<li><strong>Enfermagem:<\/strong> 5 bolsas.<\/li>\n<li><strong>Gest\u00e3o Hospitalar:<\/strong> 5 bolsas.<\/li>\n<li><strong>Biomedicina:<\/strong> 5 bolsas.<\/li>\n<li><strong>Terapia Ocupacional:<\/strong> 5 bolsas.<\/li>\n<li><strong>Psicologia:<\/strong> 5 bolsas.<\/li>\n<li><strong>T\u00e9cnico de Enfermagem:<\/strong> 11 bolsas.<\/li>\n<li><strong>Gest\u00e3o da Sa\u00fade P\u00fablica (EAD):<\/strong> 15 bolsas.<\/li>\n<\/ul>\n<p>Com essas op\u00e7\u00f5es, o Educa Mais Sa\u00fade busca atender a demanda por profissionais qualificados na \u00e1rea da sa\u00fade, promovendo forma\u00e7\u00e3o t\u00e9cnica e acad\u00eamica.<\/p>\n<p><img decoding=\"async\" src=\"https:\/\/www.encontrasaobernardo.com.br\/sobre\/wp-content\/uploads\/2026\/01\/prefeitura-de-sao-bernardo-lanca-programa-educa-mais-saude-com-bolsas-de-medicina.webp\" alt=\"Programa Educa Mais Sa\u00fade\" loading=\"lazy\" \/><\/p>\n<h2>O Impacto na Comunidade Local<\/h2>\n<p>A implementa\u00e7\u00e3o do programa promete trazer benef\u00edcios significativos para a comunidade local. A forma\u00e7\u00e3o de novos profissionais de sa\u00fade contribuir\u00e1 para:<\/p>\n<ul>\n<li><strong>Fortalecimento do SUS:<\/strong> A entrada de novos profissionais qualificados ir\u00e1 enriquecer o Sistema \u00danico de Sa\u00fade.<\/li>\n<li><strong>Atendimento de qualidade:<\/strong> Com mais adeptos na profiss\u00e3o, a popula\u00e7\u00e3o ter\u00e1 acesso a um atendimento mais eficaz e humano.<\/li>\n<li><strong>Desenvolvimento local:<\/strong> Profissionais bem preparados tendem a permanecer na regi\u00e3o, contribuindo com a economia local.<\/li>\n<\/ul>\n<p>Esses impactos refor\u00e7am a import\u00e2ncia do programa para o desenvolvimento do munic\u00edpio.<\/p>\n<h2>Como Participar do Processo Seletivo<\/h2>\n<p>Os interessados em participar do processo seletivo podem se inscrever atrav\u00e9s do site oficial da Prefeitura de S\u00e3o Bernardo. As inscri\u00e7\u00f5es para Medicina se encerram em <strong>25 de janeiro<\/strong>, utilizando a nota do <strong>Enem 2025<\/strong>. Para os demais cursos, as inscri\u00e7\u00f5es v\u00e3o at\u00e9 <strong>2 de fevereiro<\/strong>, com vestibular marcado para o <strong>8 de fevereiro<\/strong>. Al\u00e9m do exame, haver\u00e1 uma an\u00e1lise socioecon\u00f4mica para os candidatos.<\/p>\n<h2>Depoimentos de Estudantes e Educadores<\/h2>\n<p>O programa j\u00e1 come\u00e7ou a receber elogios de participantes e educadores. Estudantes expressam entusiasmo ao visualizar suas carreiras se concretizando por meio do Educa Mais Sa\u00fade. Educadores afirmam que a iniciativa \u00e9 um marco para a forma\u00e7\u00e3o de novos talentos.<\/p>\n<p>&#8220;Estar inserido em um programa que promove forma\u00e7\u00e3o de qualidade \u00e9 uma oportunidade \u00fanica. Estou animado para contribuir com a sa\u00fade da nossa cidade quando concluir meus estudos,&#8221; disse um dos estudantes.<\/p>\n<h2>A Import\u00e2ncia da Educa\u00e7\u00e3o na Sa\u00fade P\u00fablica<\/h2>\n<p>A educa\u00e7\u00e3o na \u00e1rea de sa\u00fade \u00e9 um pilar crucial para melhorar a qualidade de vida da popula\u00e7\u00e3o. Profissionais bem treinados s\u00e3o essenciais para:<\/p>\n<ul>\n<li><strong>Educa\u00e7\u00e3o em Sa\u00fade:<\/strong> A dissemina\u00e7\u00e3o de informa\u00e7\u00f5es sobre preven\u00e7\u00e3o e cuidados.<\/li>\n<li><strong>Atendimento de Emerg\u00eancia:<\/strong> Profissionais capacitados para lidar com situa\u00e7\u00f5es cr\u00edticas.<\/li>\n<li><strong>Promover Conscientiza\u00e7\u00e3o:<\/strong> Ajudar a comunidade a reconhecer sintomas e buscar tratamento adequado.<\/li>\n<\/ul>\n<p>Com os cursos oferecidos, o programa almeja desenvolver essas compet\u00eancias nos futuros profissionais.<\/p>\n<h2>Entrevista com o Prefeito Marcelo Lima<\/h2>\n<p>Em entrevista, o prefeito <strong>Marcelo Lima<\/strong> destacou a import\u00e2ncia da educa\u00e7\u00e3o na transforma\u00e7\u00e3o social:<br \/>\n&#8220;Acredito que a educa\u00e7\u00e3o \u00e9 o caminho para um futuro promissor. O Educa Mais Sa\u00fade representa a ess\u00eancia da nossa pol\u00edtica p\u00fablica voltada \u00e0 sa\u00fade e \u00e0 educa\u00e7\u00e3o, acreditando no potencial dos jovens da nossa cidade.&#8221; Essa vis\u00e3o reflete a inten\u00e7\u00e3o de criar um legado duradouro na forma\u00e7\u00e3o de novos profissionais.<\/p>\n<h2>Expectativas Futuras do Programa<\/h2>\n<p>O programa se compromete a expandir suas ofertas com o lan\u00e7amento em breve de um edital de p\u00f3s-gradua\u00e7\u00e3o, que incluir\u00e1 46 bolsas para MBA em Gest\u00e3o P\u00fablica em Sa\u00fade, entre outras especializa\u00e7\u00f5es.<\/p>\n<p>A expectativa \u00e9 que, com o fortalecimento cont\u00ednuo, o Educa Mais Sa\u00fade se torne um modelo de refer\u00eancia no Brasil.<\/p>\n<h2>Como o Programa Fortalece o SUS<\/h2>\n<p>Com a inclus\u00e3o de novos profissionais, o Educa Mais Sa\u00fade refor\u00e7a o Sistema \u00danico de Sa\u00fade, garantindo que a popula\u00e7\u00e3o tenha acesso a uma sa\u00fade mais efetiva e humanizada. A ideia \u00e9 que cada estudante formado contribua com 100 horas de trabalho na rede p\u00fablica de sa\u00fade, proporcionando assim um aprendizado pr\u00e1tico e real.<\/p>\n<h2>Informa\u00e7\u00f5es Adicionais e Links \u00dateis<\/h2>\n<p>Para saber mais sobre o programa, incluindo detalhes sobre bolsas e processos seletivos, acesse os links abaixo:<\/p>\n<ul>\n<li><a href=\"https:\/\/www.saobernardo.sp.gov.br\/pt\/web\/sbc\/imprensa-oficial\">Informa\u00e7\u00f5es Oficiais<\/a><\/li>\n<li><a href=\"https:\/\/portalsaude.saobernardo.sp.gov.br\/portaldasaude\/\">Portal de Inscri\u00e7\u00e3o<\/a><\/li>\n<\/ul>\n<p>Assim, o <strong>Educa Mais Sa\u00fade<\/strong> se posiciona como uma importante pol\u00edtica p\u00fablica para o munic\u00edpio, oferecendo oportunidades educacionais e melhorando a sa\u00fade p\u00fablica.<\/p>\n\n<div style=\"font-size: 0px; height: 0px; line-height: 0px; margin: 0; padding: 0; clear: both;\"><\/div>","protected":false},"excerpt":{"rendered":"<p>Descubra como o Programa Educa Mais Sa\u00fade est\u00e1 transformando a educa\u00e7\u00e3o em S\u00e3o Bernardo.<\/p>\n","protected":false},"author":1,"featured_media":3173,"comment_status":"closed","ping_status":"closed","sticky":false,"template":"","format":"standard","meta":{"footnotes":""},"categories":[6],"tags":[],"class_list":["post-3174","post","type-post","status-publish","format-standard","has-post-thumbnail","hentry","category-noticias-em-sao-bernardo","has_thumb"],"aioseo_notices":[],"_links":{"self":[{"href":"https:\/\/www.encontrasaobernardo.com.br\/sobre\/wp-json\/wp\/v2\/posts\/3174","targetHints":{"allow":["GET"]}}],"collection":[{"href":"https:\/\/www.encontrasaobernardo.com.br\/sobre\/wp-json\/wp\/v2\/posts"}],"about":[{"href":"https:\/\/www.encontrasaobernardo.com.br\/sobre\/wp-json\/wp\/v2\/types\/post"}],"author":[{"embeddable":true,"href":"https:\/\/www.encontrasaobernardo.com.br\/sobre\/wp-json\/wp\/v2\/users\/1"}],"replies":[{"embeddable":true,"href":"https:\/\/www.encontrasaobernardo.com.br\/sobre\/wp-json\/wp\/v2\/comments?post=3174"}],"version-history":[{"count":0,"href":"https:\/\/www.encontrasaobernardo.com.br\/sobre\/wp-json\/wp\/v2\/posts\/3174\/revisions"}],"wp:featuredmedia":[{"embeddable":true,"href":"https:\/\/www.encontrasaobernardo.com.br\/sobre\/wp-json\/wp\/v2\/media\/3173"}],"wp:attachment":[{"href":"https:\/\/www.encontrasaobernardo.com.br\/sobre\/wp-json\/wp\/v2\/media?parent=3174"}],"wp:term":[{"taxonomy":"category","embeddable":true,"href":"https:\/\/www.encontrasaobernardo.com.br\/sobre\/wp-json\/wp\/v2\/categories?post=3174"},{"taxonomy":"post_tag","embeddable":true,"href":"https:\/\/www.encontrasaobernardo.com.br\/sobre\/wp-json\/wp\/v2\/tags?post=3174"}],"curies":[{"name":"wp","href":"https:\/\/api.w.org\/{rel}","templated":true}]}}