{"id":3098,"date":"2026-01-13T12:57:10","date_gmt":"2026-01-13T15:57:10","guid":{"rendered":"https:\/\/www.encontrasaobernardo.com.br\/sobre\/fabricas-de-cultura-da-zona-leste-sao-bernardo-do-campo-e-santos-abrem-vagas-para-cursos-de-2026-com-destaque-para-as-linguagens-musicais\/"},"modified":"2026-01-13T12:57:10","modified_gmt":"2026-01-13T15:57:10","slug":"fabricas-de-cultura-da-zona-leste-sao-bernardo-do-campo-e-santos-abrem-vagas-para-cursos-de-2026-com-destaque-para-as-linguagens-musicais","status":"publish","type":"post","link":"https:\/\/www.encontrasaobernardo.com.br\/sobre\/fabricas-de-cultura-da-zona-leste-sao-bernardo-do-campo-e-santos-abrem-vagas-para-cursos-de-2026-com-destaque-para-as-linguagens-musicais\/","title":{"rendered":"F\u00e1bricas de Cultura da Zona Leste, S\u00e3o Bernardo do Campo e Santos abrem vagas para cursos de 2026 com destaque para as linguagens musicais"},"content":{"rendered":"<div class=\"b7a9cc72b38518383f4213f1240ff05a\" data-index=\"1\" style=\"float: none; margin:0px;\">\n<!-- Anuncio display - global -->\r\n<ins class=\"adsbygoogle\"\r\n     style=\"display:block\"\r\n     data-ad-client=\"ca-pub-8585364105181520\"\r\n     data-ad-slot=\"8789329856\"\r\n     data-ad-format=\"auto\"\r\n     data-full-width-responsive=\"true\"><\/ins>\r\n<script>\r\n     (adsbygoogle = window.adsbygoogle || []).push({});\r\n<\/script>\n<\/div>\n<h2>Cursos Dispon\u00edveis nas F\u00e1bricas de Cultura<\/h2>\n<p>As F\u00e1bricas de Cultura s\u00e3o institui\u00e7\u00f5es que oferecem uma vasta gama de cursos gratuitamente, proporcionando oportunidades para o aprendizado e desenvolvimento cultural. Na \u00e1rea musical, os cursos mais procurados incluem viol\u00e3o, guitarra, canto coral e musicaliza\u00e7\u00e3o. Al\u00e9m destes, a proposta de forma\u00e7\u00e3o de bandas \u00e9 uma das novidades para 2026, permitindo aos alunos trabalhar em grupo e desenvolver suas habilidades musicais de maneira colaborativa.<\/p>\n<p>Al\u00e9m da m\u00fasica, as F\u00e1bricas de Cultura tamb\u00e9m oferecem cursos em outras \u00e1reas art\u00edsticas, como teatro, dan\u00e7a e artes visuais. Os cursos s\u00e3o voltados para diferentes faixas et\u00e1rias e n\u00edveis de experi\u00eancia, garantindo que todos possam encontrar uma atividade que atenda \u00e0s suas necessidades e interesses. Em 2026, est\u00e3o dispon\u00edveis mais de 425 cursos em 52 modalidades, totalizando cerca de 5,9 mil vagas.<\/p>\n<p>Os cursos de musicaliza\u00e7\u00e3o, por exemplo, t\u00eam o intuito de introduzir as crian\u00e7as a esse universo desde cedo, permitindo que explorem sua criatividade e expressem-se atrav\u00e9s da m\u00fasica. J\u00e1 os cursos de pr\u00e1tica de banda oferecem uma experi\u00eancia de aprendizado muito rica, onde os alunos podem estudar a teoria musical e, ao mesmo tempo, aplicar esses conhecimentos em um ambiente pr\u00e1tico.<\/p>\n<p><img decoding=\"async\" src=\"https:\/\/www.encontrasaobernardo.com.br\/sobre\/wp-content\/uploads\/2026\/01\/fabricas-de-cultura-da-zona-leste-sao-bernardo-do-campo-e-santos-abrem-vagas-para-cursos-de-2026-com-1.webp\" alt=\"cursos de m\u00fasica\" loading=\"lazy\" \/><\/p>\n<p>Para mais informa\u00e7\u00f5es sobre os cursos dispon\u00edveis em cada unidade das F\u00e1bricas de Cultura, o site oficial <a href=\"https:\/\/www.fabricadecultura.org.br\/\">www.fabricadecultura.org.br<\/a> disponibiliza uma lista detalhada com a grade curricular de cada um deles.<\/p>\n<h2>Data de Inscri\u00e7\u00e3o e Cronograma Importante<\/h2>\n<p>O processo de pr\u00e9-inscri\u00e7\u00e3o para os cursos das F\u00e1bricas de Cultura \u00e9 muito simples e, para 2026, est\u00e1 programado com um cronograma claro. As pr\u00e9-inscri\u00e7\u00f5es estar\u00e3o abertas de 6 a 11 de janeiro de 2026, atrav\u00e9s do site oficial. Para participar, o interessado deve acessar o link disponibilizado e preencher o formul\u00e1rio de inscri\u00e7\u00e3o at\u00e9 as 22h do dia 11 de janeiro.<\/p>\n<p>A divulga\u00e7\u00e3o dos alunos contemplados ser\u00e1 feita no dia 15 de janeiro, a partir das 11h. Os selecionados ter\u00e3o at\u00e9 o dia 22 de janeiro para efetivar a matr\u00edcula presencialmente na unidade de sua escolha. Na matr\u00edcula, \u00e9 preciso levar RG, CPF e comprovante de endere\u00e7o, o que garante que o processo seja acess\u00edvel e transparente para todos.<\/p>\n<p>O in\u00edcio das aulas est\u00e1 previsto para a segunda semana de fevereiro de 2026, o que d\u00e1 tempo suficiente para que os alunos se preparem e se organizem para iniciar os cursos. Essa estrat\u00e9gia de cronograma facilita o acesso e garante que informa\u00e7\u00f5es sobre pr\u00e9-inscri\u00e7\u00f5es e matr\u00edculas cheguem aos interessados de maneira clara.<\/p>\n<h2>O Papel da Musicaliza\u00e7\u00e3o na Educa\u00e7\u00e3o Infantil<\/h2>\n<p>A musicaliza\u00e7\u00e3o desempenha um papel fundamental na educa\u00e7\u00e3o infantil, contribuindo para o desenvolvimento integral da crian\u00e7a. Atrav\u00e9s da m\u00fasica, as crian\u00e7as t\u00eam a oportunidade de explorar e expressar suas emo\u00e7\u00f5es, al\u00e9m de desenvolver habilidades sociais e cognitivas importantes. A pr\u00e1tica musical estimula a criatividade e pode ser uma forma poderosa de comunica\u00e7\u00e3o, ajudando as crian\u00e7as a se expressarem quando as palavras n\u00e3o s\u00e3o suficientes.<\/p>\n<p>O ensino da musicaliza\u00e7\u00e3o nas F\u00e1bricas de Cultura \u00e9 especialmente projetado para crian\u00e7as a partir de 8 anos, oferecendo uma introdu\u00e7\u00e3o ao mundo da m\u00fasica de forma l\u00fadica e envolvente. Durante as aulas, os alunos aprendem sobre ritmos, melodias e harmonias, al\u00e9m de desenvolverem a capacidade de trabalhar em equipe, fundamentais para a socializa\u00e7\u00e3o e o fortalecimento de la\u00e7os tanto com colegas quanto com professores.<\/p>\n<p>Al\u00e9m disso, a musicaliza\u00e7\u00e3o contribui para o aprimoramento da mem\u00f3ria, concentra\u00e7\u00e3o e disciplina. Esse tipo de educa\u00e7\u00e3o art\u00edstica enriquece o ambiente escolar e ajuda a preparar as crian\u00e7as para uma vida mais rica e diversificada. As F\u00e1bricas de Cultura reconhecem a import\u00e2ncia da m\u00fasica na forma\u00e7\u00e3o integral dos jovens, oferecendo atividades que combinam divers\u00e3o, aprendizado e o desenvolvimento de habilidades essenciais para a vida.<\/p>\n<h2>Forma\u00e7\u00e3o de Banda: Aprendendo Juntos<\/h2>\n<p>Um dos aspectos mais fascinantes da educa\u00e7\u00e3o musical nas F\u00e1bricas de Cultura \u00e9 a proposta da forma\u00e7\u00e3o de bandas. Este curso permite que os alunos n\u00e3o apenas aprendam a tocar seus instrumentos, mas tamb\u00e9m que experimentem o processo de cria\u00e7\u00e3o musical em grupo. Essa din\u00e2mica promove a coes\u00e3o, a responsabilidade compartilhada e a necessidade de comunica\u00e7\u00e3o entre os integrantes.<\/p>\n<p>Durante as aulas de forma\u00e7\u00e3o de bandas, os alunos recebem orienta\u00e7\u00e3o sobre como trabalhar juntos, arranjar m\u00fasicas, ensaiar processos e se preparar para apresenta\u00e7\u00f5es. Essas experi\u00eancias s\u00e3o fundamentais para que os jovens m\u00fasicos compreendam a import\u00e2ncia do trabalho em equipe, o que \u00e9 frequentemente uma habilidade vital em qualquer campo de atua\u00e7\u00e3o futura.<\/p>\n<p>Al\u00e9m disso, a forma\u00e7\u00e3o de bandas \u00e9 uma excelente maneira de os alunos praticarem suas habilidades em um ambiente seguro e estimulante, encorajando a criatividade e o autoconhecimento. Os integrantes de uma banda aprendem a ouvir n\u00e3o apenas as instru\u00e7\u00f5es do professor, mas tamb\u00e9m os sons uns dos outros, aprimorando assim suas habilidades auditivas, essenciais tanto para a m\u00fasica quanto para a comunica\u00e7\u00e3o em geral.<\/p>\n<p>Por meio da pr\u00e1tica em grupo, os alunos tamb\u00e9m se preparam para se apresentar em diversos eventos, o que pode ser um importante passo na constru\u00e7\u00e3o de sua confian\u00e7a e autoestima.<\/p>\n<h2>Variedade de Linguagens Musicais Oferecidas<\/h2>\n<p>A diversidade de cursos nas F\u00e1bricas de Cultura abrange uma ampla variedade de linguagens musicais, garantindo que todos os gostos e estilos sejam contemplados. Os cursos n\u00e3o se restringem apenas ao aprendizado de instrumentos cl\u00e1ssicos, mas incluem tamb\u00e9m tend\u00eancias contempor\u00e2neas e populares, como o hip-hop, jazz, rock e m\u00fasica brasileira.<\/p>\n<p>Al\u00e9m dos cursos de viol\u00e3o e guitarra, tamb\u00e9m est\u00e3o dispon\u00edveis aulas de percuss\u00e3o, sopro e at\u00e9 mesmo pr\u00e1tica de bandas. Essa diversidade permite que cada aluno encontre a sua paix\u00e3o musical e desenvolva um estilo pessoal, trazendo autenticidade ao seu aprendizado.<\/p>\n<p>As aulas s\u00e3o ministradas por profissionais experientes que conseguem transmitir suas paix\u00f5es e conhecimentos aos alunos, criando um ambiente de aprendizado inspirador. Os cursos incluem tamb\u00e9m a possibilidade de composi\u00e7\u00e3o musical, onde os alunos s\u00e3o incentivados a criar suas pr\u00f3prias can\u00e7\u00f5es, desenvolvendo assim n\u00e3o apenas habilidades t\u00e9cnicas, mas tamb\u00e9m a criatividade e a express\u00e3o pessoal.<\/p>\n<p>A variedade de op\u00e7\u00f5es tamb\u00e9m garante que, ao longo do ano letivo, os alunos possam experimentar diferentes estilos e t\u00e9cnicas, promovendo o aprimoramento de suas habilidades e a descoberta de novos interesses musicais.<\/p>\n<h2>Como Realizar a Pr\u00e9-Inscri\u00e7\u00e3o Online<\/h2>\n<p>O processo de pr\u00e9-inscri\u00e7\u00e3o para os cursos das F\u00e1bricas de Cultura \u00e9 f\u00e1cil e acess\u00edvel, possibilitando que qualquer interessado possa se inscrever de maneira simples. Para participar, \u00e9 necess\u00e1rio acessar o site oficial da F\u00e1brica de Cultura entre os dias 6 e 11 de janeiro de 2026.<\/p>\n<p>Uma vez no site, os candidatos devem preencher um formul\u00e1rio de pr\u00e9-inscri\u00e7\u00e3o, onde dever\u00e3o informar dados pessoais, como nome, RG, CPF e dados de contato. \u00c9 importante garantir que todas as informa\u00e7\u00f5es sejam precisas para evitar problemas durante a matr\u00edcula.<\/p>\n<p>A equipe da F\u00e1brica de Cultura estar\u00e1 dispon\u00edvel para fornecer suporte presencial, caso algum candidato tenha d\u00favidas ou precise de assist\u00eancia durante o processo. Al\u00e9m disso, a lista dos alunos contemplados ser\u00e1 divulgada no dia 15 de janeiro, facilitando o acompanhamento do status da inscri\u00e7\u00e3o.<\/p>\n<p>Os passos s\u00e3o claros: acessar o site, preencher o formul\u00e1rio durante o per\u00edodo estipulado e acompanhar a divulga\u00e7\u00e3o dos selecionados. Com essa abordagem pr\u00e1tica, as F\u00e1bricas de Cultura garantem que o acesso aos cursos seja democratizado e que todos possam participar.<\/p>\n<h2>Oficinas de F\u00e9rias: Uma Pr\u00e9via dos Cursos<\/h2>\n<p>As Oficinas de F\u00e9rias oferecidas pelas F\u00e1bricas de Cultura s\u00e3o uma excelente oportunidade para aqueles que desejam experimentar os cursos antes de se comprometerem. Com mais de 1,1 mil oficinas programadas para janeiro, os interessados podem explorar diferentes modalidades art\u00edsticas, incluindo m\u00fasica, dan\u00e7a e artes visuais.<\/p>\n<p>Essas oficinas s\u00e3o projetadas para serem acess\u00edveis e relaxantes, permitindo que os participantes se sintam \u00e0 vontade para testar novas atividades e descobrir talentos ocultos. \u00c9 uma maneira fant\u00e1stica de se engajar com a arte e a cultura, enquanto se diverte e aprende ao mesmo tempo.<\/p>\n<p>A programa\u00e7\u00e3o das oficinas de f\u00e9rias proporciona uma vis\u00e3o antecipada do que os cursos regulares oferecer\u00e3o ao longo do ano. Essa abordagem evita que os alunos se sintam apreensivos ao se inscreverem em uma nova atividade, j\u00e1 que podem experimentar o que realmente est\u00e1 por vir, al\u00e9m de conhecer os professores e a din\u00e2mica das aulas.<\/p>\n<p>As F\u00e1bricas de Cultura estabelecem um espa\u00e7o seguro e acolhedor, onde a criatividade e a express\u00e3o pessoal s\u00e3o incentivadas, e as oficinas de f\u00e9rias s\u00e3o uma prova disso. S\u00e3o momentos de aprendizado que ajudam a despertar um maior interesse pela cultura e pela arte, al\u00e9m de fortalecer a comunidade.<\/p>\n<h2>Impacto das F\u00e1bricas de Cultura nas Comunidades<\/h2>\n<p>As F\u00e1bricas de Cultura t\u00eam um impacto significativo nas comunidades onde est\u00e3o inseridas, funcionando como verdadeiros centros de desenvolvimento social e cultural. Ao oferecer cursos gratuitos, esses espa\u00e7os permitem que pessoas de diversas origens e realidades tenham acesso a educa\u00e7\u00e3o art\u00edstica de qualidade.<\/p>\n<p>As iniciativas das F\u00e1bricas de Cultura buscam n\u00e3o apenas promover o aprendizado, mas tamb\u00e9m incentivar a cidadania. Ao participar dos cursos, os alunos n\u00e3o est\u00e3o apenas aprendendo uma atividade art\u00edstica, mas tamb\u00e9m se engajando em pr\u00e1ticas que favorecem a inclus\u00e3o e a valoriza\u00e7\u00e3o da diversidade cultural.<\/p>\n<p>Al\u00e9m disso, as F\u00e1bricas ajudam a criar redes de apoio e colabora\u00e7\u00e3o entre os habitantes nas comunidades. Os alunos muitas vezes desenvolvem rela\u00e7\u00f5es que se estendem al\u00e9m das salas de aula, construindo la\u00e7os que fortalecem a sociabilidade e o apoio m\u00fatuo.<\/p>\n<p>A presen\u00e7a das F\u00e1bricas de Cultura tamb\u00e9m tem o potencial de trazer benef\u00edcios econ\u00f4micos para a regi\u00e3o, promovendo a economia criativa e estimulando o turismo cultural, al\u00e9m de oferecer espa\u00e7os para eventos locais e apresenta\u00e7\u00f5es que ajudam a mobilizar a comunidade.<\/p>\n<h2>Testemunhos de Alunos e Pais<\/h2>\n<p>Os testemunhos de alunos e pais que participaram das atividades das F\u00e1bricas de Cultura s\u00e3o poderosos exemplos do impacto positivo que esses cursos t\u00eam na vida das pessoas. Muitos alunos relatam que a experi\u00eancia mudou sua perspectiva sobre a educa\u00e7\u00e3o e a Arte, dando-lhes uma nova vis\u00e3o de futuro.<\/p>\n<p>Os pais, por sua vez, frequentemente comentam sobre o quanto as aulas ajudaram seus filhos a desenvolver habilidades importantes, como a disciplina e a criatividade. Al\u00e9m disso, muitos notam que seus filhos se tornaram mais soci\u00e1veis e mais confiantes ao se expressarem artisticamente.<\/p>\n<p>Hist\u00f3rias de supera\u00e7\u00e3o e desenvolvimento pessoal s\u00e3o comuns e refletem a miss\u00e3o das F\u00e1bricas de Cultura de transformar vidas por meio da arte. Os alunos frequentemente compartilham suas experi\u00eancias de amizade, aprendizado e o prazer de fazer parte de um grupo que abra\u00e7a a diversidade e a inclus\u00e3o.<\/p>\n<p>Esses testemunhos n\u00e3o s\u00e3o apenas motiva\u00e7\u00e3o para os novos alunos, mas tamb\u00e9m s\u00e3o uma alegria para os educadores que dedicam seu tempo e energia para fazer da F\u00e1brica de Cultura um espa\u00e7o enriquecedor e acolhedor.<\/p>\n<h2>A Import\u00e2ncia da Arte na Forma\u00e7\u00e3o de Cidad\u00e3os<\/h2>\n<p>A arte tem um papel vital na forma\u00e7\u00e3o dos cidad\u00e3os, trazendo n\u00e3o apenas prazer est\u00e9tico, mas tamb\u00e9m desenvolvendo a capacidade cr\u00edtica dos indiv\u00edduos. Atrav\u00e9s das F\u00e1bricas de Cultura, a arte se torna uma ferramenta poderosa de transforma\u00e7\u00e3o social e educativa.<\/p>\n<p>Quando os jovens se engajam em atividades art\u00edsticas, eles aprendem a expressar seus sentimentos, suas ideias e suas fraquezas, promovendo o autoconhecimento. Al\u00e9m disso, a arte promove a empatia, pois os alunos s\u00e3o expostos a diferentes culturas e modos de vida, fazendo com que entendam e respeitem a diversidade. <\/p>\n<p>Atrav\u00e9s das experi\u00eancias nas F\u00e1bricas de Cultura, os alunos n\u00e3o apenas adquirem habilidades art\u00edsticas, mas tamb\u00e9m aprendem valores fundamentais, como cidadania, respeito, solidariedade e responsabilidade social, que s\u00e3o essenciais para a forma\u00e7\u00e3o de uma sociedade mais justa e equitativa.<\/p>\n<p>Com tudo isso, as F\u00e1bricas de Cultura s\u00e3o um exemplo brilhante de como a educa\u00e7\u00e3o art\u00edstica pode e deve ser uma parte central do desenvolvimento humano, contribuindo para a constru\u00e7\u00e3o de indiv\u00edduos cr\u00edticos e cidad\u00e3os conscientes.<\/p>\n\n<div style=\"font-size: 0px; height: 0px; line-height: 0px; margin: 0; padding: 0; clear: both;\"><\/div>","protected":false},"excerpt":{"rendered":"<p>F\u00e1bricas de Cultura abrem novas vagas para cursos de m\u00fasica em 2026, incluindo forma\u00e7\u00e3o de banda.<\/p>\n","protected":false},"author":1,"featured_media":3097,"comment_status":"closed","ping_status":"closed","sticky":false,"template":"","format":"standard","meta":{"footnotes":""},"categories":[6],"tags":[],"class_list":["post-3098","post","type-post","status-publish","format-standard","has-post-thumbnail","hentry","category-noticias-em-sao-bernardo","has_thumb"],"aioseo_notices":[],"_links":{"self":[{"href":"https:\/\/www.encontrasaobernardo.com.br\/sobre\/wp-json\/wp\/v2\/posts\/3098","targetHints":{"allow":["GET"]}}],"collection":[{"href":"https:\/\/www.encontrasaobernardo.com.br\/sobre\/wp-json\/wp\/v2\/posts"}],"about":[{"href":"https:\/\/www.encontrasaobernardo.com.br\/sobre\/wp-json\/wp\/v2\/types\/post"}],"author":[{"embeddable":true,"href":"https:\/\/www.encontrasaobernardo.com.br\/sobre\/wp-json\/wp\/v2\/users\/1"}],"replies":[{"embeddable":true,"href":"https:\/\/www.encontrasaobernardo.com.br\/sobre\/wp-json\/wp\/v2\/comments?post=3098"}],"version-history":[{"count":0,"href":"https:\/\/www.encontrasaobernardo.com.br\/sobre\/wp-json\/wp\/v2\/posts\/3098\/revisions"}],"wp:featuredmedia":[{"embeddable":true,"href":"https:\/\/www.encontrasaobernardo.com.br\/sobre\/wp-json\/wp\/v2\/media\/3097"}],"wp:attachment":[{"href":"https:\/\/www.encontrasaobernardo.com.br\/sobre\/wp-json\/wp\/v2\/media?parent=3098"}],"wp:term":[{"taxonomy":"category","embeddable":true,"href":"https:\/\/www.encontrasaobernardo.com.br\/sobre\/wp-json\/wp\/v2\/categories?post=3098"},{"taxonomy":"post_tag","embeddable":true,"href":"https:\/\/www.encontrasaobernardo.com.br\/sobre\/wp-json\/wp\/v2\/tags?post=3098"}],"curies":[{"name":"wp","href":"https:\/\/api.w.org\/{rel}","templated":true}]}}