{"id":3060,"date":"2026-01-06T08:55:21","date_gmt":"2026-01-06T11:55:21","guid":{"rendered":"https:\/\/www.encontrasaobernardo.com.br\/sobre\/prefeito-de-sao-bernardo-vira-reu-por-lavagem-de-dinheiro-e-organizacao-criminosa\/"},"modified":"2026-01-06T08:55:21","modified_gmt":"2026-01-06T11:55:21","slug":"prefeito-de-sao-bernardo-vira-reu-por-lavagem-de-dinheiro-e-organizacao-criminosa","status":"publish","type":"post","link":"https:\/\/www.encontrasaobernardo.com.br\/sobre\/prefeito-de-sao-bernardo-vira-reu-por-lavagem-de-dinheiro-e-organizacao-criminosa\/","title":{"rendered":"Prefeito de S\u00e3o Bernardo vira r\u00e9u por lavagem de dinheiro e organiza\u00e7\u00e3o criminosa"},"content":{"rendered":"<div class=\"b7a9cc72b38518383f4213f1240ff05a\" data-index=\"1\" style=\"float: none; margin:0px;\">\n<!-- Anuncio display - global -->\r\n<ins class=\"adsbygoogle\"\r\n     style=\"display:block\"\r\n     data-ad-client=\"ca-pub-8585364105181520\"\r\n     data-ad-slot=\"8789329856\"\r\n     data-ad-format=\"auto\"\r\n     data-full-width-responsive=\"true\"><\/ins>\r\n<script>\r\n     (adsbygoogle = window.adsbygoogle || []).push({});\r\n<\/script>\n<\/div>\n<h2>O que diz a den\u00fancia contra Marcelo Lima<\/h2>\n<p>A den\u00fancia contra o prefeito de S\u00e3o Bernardo do Campo, Marcelo Lima, \u00e9 um desdobramento de uma investiga\u00e7\u00e3o mais ampla que perpassa quest\u00f5es de corrup\u00e7\u00e3o e gest\u00e3o de recursos p\u00fablicos. A  den\u00fancia formaliza uma s\u00e9rie de acusa\u00e7\u00f5es envolvendo a pr\u00e1tica de <strong>organiza\u00e7\u00e3o criminosa<\/strong> e <strong>lavagem de dinheiro<\/strong>. Segundo os documentos apresentados, Marcelo Lima e mais nove pessoas teriam participado de um esquema que desviava recursos p\u00fablicos, especialmente provenientes de contratos envolvendo a prefeitura e outras entidades ligadas \u00e0 administra\u00e7\u00e3o p\u00fablica.<\/p>\n<p>O desvio de dinheiro teria sido realizado atrav\u00e9s de manipula\u00e7\u00f5es financeiras, no qual parte dos recursos desviados era utilizada para cobrir despesas pessoais do prefeito e de sua fam\u00edlia. Em ess\u00eancia, a den\u00fancia aponta que Lima n\u00e3o apenas se beneficiou pessoalmente com esses atos, mas tamb\u00e9m atuou como figura central em um esquema que, segundo a acusa\u00e7\u00e3o, coloca em evid\u00eancia a fragilidade das pr\u00e1ticas de controle financeiro e a necessidade urgente de uma auditoria abrangente nas contas p\u00fablicas do munic\u00edpio.<\/p>\n<p>Al\u00e9m disso, a den\u00fancia sugere que as opera\u00e7\u00f5es financeiras foram estruturadas para ocultar a origem il\u00edcita dos recursos, um aspecto central na caracteriza\u00e7\u00e3o de lavagem de dinheiro. Isso implica em uma s\u00e9rie de transa\u00e7\u00f5es e manobras que dificultam a identifica\u00e7\u00e3o da natureza do dinheiro, revelando um sistema que n\u00e3o apenas corrompe, mas que lastreia suas opera\u00e7\u00f5es em um sofisticado conjunto de atividades ilegais.<\/p>\n<p><img decoding=\"async\" src=\"https:\/\/www.encontrasaobernardo.com.br\/sobre\/wp-content\/uploads\/2026\/01\/prefeito-de-sao-bernardo-vira-reu-por-lavagem-de-dinheiro-e-organizacao-criminosa.webp\" alt=\"prefeito de S\u00e3o Bernardo r\u00e9u por lavagem de dinheiro\" loading=\"lazy\" \/><\/p>\n<h2>Entenda a acusa\u00e7\u00e3o de lavagem de dinheiro<\/h2>\n<p>A lavagem de dinheiro, como definida pelo sistema jur\u00eddico brasileiro, refere-se ao processo de tornar dinheiro de origem il\u00edcita em ativos que pare\u00e7am leg\u00edtimos. No caso de Marcelo Lima, a acusa\u00e7\u00e3o parte do pressuposto de que grande parte dos recursos desviados teve sua origem em contratos p\u00fablicos e que, para ocult\u00e1-las, eram realizados uma s\u00e9rie de procedimentos que inclu\u00edam transa\u00e7\u00f5es internacionais, convers\u00e3o de moeda, e at\u00e9 mesmo a utiliza\u00e7\u00e3o de empresas de fachada.<\/p>\n<p>De acordo com a den\u00fancia, os valores desviados foram utilizados para cobrir despesas pessoais, mas tamb\u00e9m foram transformados em moeda estrangeira, o que leva \u00e0 suspeita de que existam v\u00ednculos com pr\u00e1ticas de evas\u00e3o fiscal e apropria\u00e7\u00e3o ind\u00e9bita. A investiga\u00e7\u00e3o indica que Lima e seus co-acusados dariam ordens para que esse dinheiro fosse movimentado de maneira a n\u00e3o levantar suspeitas, o que \u00e9 uma caracter\u00edstica cl\u00e1ssica das opera\u00e7\u00f5es de lavagem de dinheiro.<\/p>\n<p>O modus operandi descrito na den\u00fancia revela um sistema complexo e bem estruturado, onde a oculta\u00e7\u00e3o da origem do dinheiro se torna um aspecto central para a sustenta\u00e7\u00e3o do esquema. N\u00e3o \u00e9 apenas um caso de corrup\u00e7\u00e3o, mas um entrela\u00e7amento de pr\u00e1ticas administrativas, financeiras e criminais que traz \u00e0 tona a necessidade de um olhar mais aprofundado sobre como o dinheiro p\u00fablico \u00e9 gerido e controlado.<\/p>\n<h2>Quem s\u00e3o os r\u00e9us envolvidos no esc\u00e2ndalo<\/h2>\n<p>Al\u00e9m de Marcelo Lima, a den\u00fancia menciona uma lista extensa de r\u00e9us que, supostamente, teriam participado do mesmo esquema de corrup\u00e7\u00e3o e lavagem de dinheiro. Entre eles est\u00e1 o vereador Danilo Lima, que tamb\u00e9m integra o partido Podemos, o partido ao qual o prefeito pertence. Os outros r\u00e9us incluem Paulo Iran Paulino Costa, considerado o operador financeiro do grupo, al\u00e9m de v\u00e1rias outras pessoas que teriam atuado como intermedi\u00e1rios e executores das ordens dadas dentro desse esquema.<\/p>\n<p>Os nomes listados refletem uma rede bastante abrangente, o que levanta quest\u00f5es sobre o grau de envolvimento de cada um e a din\u00e2mica interna do grupo. A presen\u00e7a de figuras p\u00fablicas, como vereadores e ex-servidores da Assembleia Legislativa de S\u00e3o Paulo, implica que o esc\u00e2ndalo pode ter ramifica\u00e7\u00f5es al\u00e9m da esfera municipal, apontando para uma estrutura que pode engajar diferentes n\u00edveis de governo.<\/p>\n<p>Entre os r\u00e9us, constam tamb\u00e9m Antonio Rene da Silva Chagas, Fabio Augusto do Prado, Roque Ara\u00fajo Neto, Danilo Lima de Ramos, Ary Jos\u00e9 de Oliveira, Paulo S\u00e9rgio Guidetti, Caio Henrique Pereira Fabbri e Edimilson de Deus Carvalho. O envolvimento desses indiv\u00edduos sugere que houve uma colabora\u00e7\u00e3o m\u00fatua, onde os interesses pessoais foram priorizados em detrimento do bem p\u00fablico. Cada um deles agora enfrenta a responsabilidade legal pela execu\u00e7\u00e3o de atos que visavam a maximiza\u00e7\u00e3o de ganhos pessoais em detrimento da administra\u00e7\u00e3o p\u00fablica.<\/p>\n<h2>Como a Pol\u00edcia Federal descobriu o esquema<\/h2>\n<p>A descoberta do esquema em que Marcelo Lima e os demais r\u00e9us est\u00e3o envolvidos se deu durante uma opera\u00e7\u00e3o da Pol\u00edcia Federal (PF). Inicialmente, a investiga\u00e7\u00e3o n\u00e3o tinha como foco o prefeito ou os contratos da prefeitura, mas sim um desdobramento de apura\u00e7\u00f5es em outro inqu\u00e9rito. A PF, ao realizar a\u00e7\u00f5es de intelig\u00eancia, conseguiu identificar movimenta\u00e7\u00f5es financeiras relacionadas a Paulo Iran Paulino Costa e outros co-r\u00e9us que levantaram suspeitas sobre a origem dos valores envolvidos.<\/p>\n<p>Em julho de 2025, a PF apreendeu uma quantia significativa em dinheiro em um apartamento que estava vinculado a Paulo Iran. A apreens\u00e3o de R$ 12,2 milh\u00f5es e US$ 156 mil indicou um padr\u00e3o de movimenta\u00e7\u00e3o financeira at\u00edpica que exigiu um exame mais detalhado e, subsequentemente, uma investiga\u00e7\u00e3o mais profunda.<\/p>\n<p>Esse tipo de descoberta refor\u00e7a a import\u00e2ncia do trabalho de fiscaliza\u00e7\u00e3o e da necessidade de aprofundar as investiga\u00e7\u00f5es sempre que forem identificados desvios de padr\u00f5es financeiros. O fato de agentes da Pol\u00edcia Federal terem conseguido desvendar um esquema que operava em n\u00edvel municipal e que tinha ramifica\u00e7\u00f5es t\u00e3o profundas demonstra a efic\u00e1cia do sistema de controle e investiga\u00e7\u00e3o no Brasil, embora ressalte tamb\u00e9m as falhas na administra\u00e7\u00e3o p\u00fablica que permitiram que essas pr\u00e1ticas corrompessem institui\u00e7\u00f5es fundamentais.<\/p>\n<h2>Impactos pol\u00edticos da den\u00fancia para a Prefeitura<\/h2>\n<p>As consequ\u00eancias pol\u00edticas da den\u00fancia contra Marcelo Lima s\u00e3o significativas e podem provocar uma mudan\u00e7a substancial na estrutura da administra\u00e7\u00e3o municipal de S\u00e3o Bernardo do Campo. A gravidade das acusa\u00e7\u00f5es certamente afetar\u00e1 a confian\u00e7a da popula\u00e7\u00e3o na gest\u00e3o p\u00fablica, al\u00e9m de influenciar a percep\u00e7\u00e3o da popula\u00e7\u00e3o sobre a capacidade dos seus representantes em agir de forma \u00e9tica e legal.<\/p>\n<p>Com a transforma\u00e7\u00e3o dos acusados em r\u00e9us, abre-se um espa\u00e7o para discuss\u00f5es sobre a transpar\u00eancia e reunifica\u00e7\u00e3o dos \u00f3rg\u00e3os p\u00fablicos. A gest\u00e3o de Marcelo Lima, que j\u00e1 havia passado por momentos de turbul\u00eancia e cr\u00edticas, pode enfrentar um cen\u00e1rio ainda mais desafiador, levando \u00e0 necessidade de coletivas de imprensa e medidas de comunica\u00e7\u00e3o mais eficazes, a fim de tentar minimizar o impacto das acusa\u00e7\u00f5es na opini\u00e3o p\u00fablica.<\/p>\n<p>Al\u00e9m disso, os advers\u00e1rios pol\u00edticos de Lima podem se aproveitar da situa\u00e7\u00e3o para pression\u00e1-lo, seja em busca de sua ren\u00fancia ou exigindo uma investiga\u00e7\u00e3o ainda mais aprofundada. A crise de imagem poder\u00e1 dificultar a governabilidade do prefeito, criando um ambiente onde a desconfian\u00e7a e a inseguran\u00e7a predominar\u00e3o, reduzindo a efic\u00e1cia das medidas adotadas pela administra\u00e7\u00e3o para melhorar a vida dos cidad\u00e3os.<\/p>\n<h2>Medidas cautelares e a situa\u00e7\u00e3o dos r\u00e9us<\/h2>\n<p>As medidas cautelares aplicadas pelo Tribunal de Justi\u00e7a de S\u00e3o Paulo v\u00e3o al\u00e9m da simples aceita\u00e7\u00e3o da den\u00fancia. Isso envolve um processo em que o Judici\u00e1rio determina a ado\u00e7\u00e3o de determinadas a\u00e7\u00f5es preventivas enquanto o caso ainda est\u00e1 sendo julgado. No caso de Marcelo Lima e dos demais r\u00e9us, as cautelares incluem a possibilidade de recolhimento domiciliar noturno e outras restri\u00e7\u00f5es que visam a preservar a ordem p\u00fablica e a efetividade da a\u00e7\u00e3o penal.<\/p>\n<p>Essas medidas s\u00e3o comuns em casos de crimes de colarinho branco, onde a liberdade dos r\u00e9us pode levar a uma nova tentativa de oculta\u00e7\u00e3o de provas ou interfer\u00eancia no desenvolvimento do processo. Portanto, a aplica\u00e7\u00e3o dessas medidas garante que todos os envolvidos sejam responsabilizados sem a influ\u00eancia de pr\u00e1ticas que possam prejudicar a justi\u00e7a.<\/p>\n<p>A situa\u00e7\u00e3o dos r\u00e9us, portanto, \u00e9 complexa, visto que depender\u00e1 da din\u00e2mica do processo judicial em curso e das estrat\u00e9gias jur\u00eddicas que ser\u00e3o adotadas por cada um deles. A expectativa \u00e9 que suas defesas se preparem detalhadamente para apresentar contesta\u00e7\u00f5es robustas, buscando reverter ou minimizar os impactos das acusa\u00e7\u00f5es, mas a aceita\u00e7\u00e3o da den\u00fancia indica que o caminho a ser percorrido ser\u00e1 desafiador e cheio de entraves legais.<\/p>\n<h2>Hist\u00f3rico de Marcelo Lima na pol\u00edtica local<\/h2>\n<p>Marcelo Lima possui uma trajet\u00f3ria pol\u00edtica marcada por ascensos e descensos que refletem n\u00e3o apenas o seu envolvimento em quest\u00f5es locais, mas tamb\u00e9m as complexidades da pol\u00edtica p\u00fablica no Brasil. Antes de se tornar prefeito, ele teve passagem como vereador e sempre esteve alinhado ao partido Podemos, buscando construir uma imagem de pol\u00edtico comprometido com o desenvolvimento da cidade de S\u00e3o Bernardo do Campo.<\/p>\n<p>No entanto, sua ascens\u00e3o ao cargo de prefeito n\u00e3o ocorreu sem controv\u00e9rsias. Sua gest\u00e3o tem sido caracterizada por uma s\u00e9rie de medidas que buscavam modernizar a administra\u00e7\u00e3o p\u00fablica, mas que agora ficam \u00e0 sombra das acusa\u00e7\u00f5es que lhe foram imputadas. O seu passado pol\u00edtico, associado a promessas de transpar\u00eancia e inova\u00e7\u00e3o, agora \u00e9 desafiado pela atual crise, que pode transformar sua imagem p\u00fablica de modo drastico.<\/p>\n<p>A hist\u00f3ria de Lima na pol\u00edtica local serve como um exemplo do qu\u00e3o rapidamente as circunst\u00e2ncias podem mudar e como as esperan\u00e7as projetadas no pol\u00edtico podem se chocar com realidades e pr\u00e1ticas question\u00e1veis. A popula\u00e7\u00e3o, que anteriormente depositou confian\u00e7a em sua lideran\u00e7a, agora se v\u00ea em d\u00favida e desiludida, mostrando como as a\u00e7\u00f5es de um \u00fanico l\u00edder podem desmoronar a confian\u00e7a em todo um sistema de governan\u00e7a.<\/p>\n<h2>Rea\u00e7\u00e3o da defesa e pr\u00f3ximos passos legais<\/h2>\n<p>A defesa de Marcelo Lima e dos outros r\u00e9us dever\u00e1 se manifestar frente \u00e0 aceita\u00e7\u00e3o da den\u00fancia e preparar uma estrat\u00e9gia jur\u00eddica s\u00f3lida visando contestar as acusa\u00e7\u00f5es. A expectativa \u00e9 que as defesas busquem demonstrar a ilegalidade das provas obtidas ou questionar a l\u00f3gica que ligou cada r\u00e9u ao esquema de corrup\u00e7\u00e3o e lavagem de dinheiro.<\/p>\n<p>Esse \u00e9 um momento cr\u00edtico que exige uma an\u00e1lise cuidadosa das alega\u00e7\u00f5es e ter\u00e1 que considerar tanto a coleta de evid\u00eancias como as testemunhas que corroborar\u00e3o a vers\u00e3o da defesa. Preparar o terreno para os pr\u00f3ximos passos legais exigir\u00e1 um esfor\u00e7o concentrado para n\u00e3o apenas responder \u00e0s acusa\u00e7\u00f5es, mas tamb\u00e9m para buscar a mais ampla divulga\u00e7\u00e3o poss\u00edvel das teses que sustentam a defesa.<\/p>\n<p>\u00c9 poss\u00edvel que os r\u00e9us optem por envolver especialistas para apresentar uma an\u00e1lise ampla das movimenta\u00e7\u00f5es financeiras que fundamentam as acusa\u00e7\u00f5es, al\u00e9m de se esfor\u00e7arem para consolidar a sua inoc\u00eancia, em especial no caso de Lima, que det\u00e9m um cargo de relev\u00e2ncia p\u00fablica. O pr\u00f3ximo passo tamb\u00e9m poder\u00e1 envolver a solicita\u00e7\u00e3o de auditorias independentes ou uma revis\u00e3o externa da situa\u00e7\u00e3o financeira da prefeitura nos anos envolvidos, formando uma moldura em torno da continuidade das opera\u00e7\u00f5es municipais.<\/p>\n<h2>Consequ\u00eancias financeiras do julgamento<\/h2>\n<p>As consequ\u00eancias financeiras decorrentes do julgamento de Marcelo Lima e dos demais r\u00e9us podem ser significativas, comprometendo n\u00e3o apenas a sua vida pessoal, mas tamb\u00e9m impactando diretamente a administra\u00e7\u00e3o municipal. At\u00e9 porque, uma condena\u00e7\u00e3o poderia resultar n\u00e3o apenas na recupera\u00e7\u00e3o dos valores desviados, mas tamb\u00e9m em a\u00e7\u00f5es que visam a responsabiliza\u00e7\u00e3o civil pelos danos causados ao er\u00e1rio p\u00fablico.<\/p>\n<p>Al\u00e9m disso, condena\u00e7\u00f5es de tal magnitude tendem a aumentar a press\u00e3o sobre o or\u00e7amento municipal, uma vez que as san\u00e7\u00f5es financeiras podem exigir que recursos que seriam destinados a servi\u00e7os p\u00fablicos sejam redirecionados para cobrir poss\u00edveis indeniza\u00e7\u00f5es ou multas. Em um cen\u00e1rio onde a cidade j\u00e1 enfrenta desafios or\u00e7ament\u00e1rios e de n\u00edvel de endividamento, essa situa\u00e7\u00e3o pode levar a um c\u00edrculo vicioso de cortes e restri\u00e7\u00f5es, afetando diretamente a qualidade de vida da popula\u00e7\u00e3o.<\/p>\n<p>As empresas envolvidas, al\u00e9m disso, podem deixar de participar de novas licita\u00e7\u00f5es por conta do desgaste reputacional, e futuros investimentos na cidade tamb\u00e9m podem ser paralisados ou inviabilizados. O julgamento dessas a\u00e7\u00f5es n\u00e3o afetar\u00e1 apenas o grupo de r\u00e9us, mas ter\u00e1 desdobramentos amplos que poder\u00e3o alterar o panorama financeiro do munic\u00edpio ao longo do tempo.<\/p>\n<h2>O que isso significa para a popula\u00e7\u00e3o de S\u00e3o Bernardo<\/h2>\n<p>Para a popula\u00e7\u00e3o de S\u00e3o Bernardo do Campo, as consequ\u00eancias da den\u00fancia e do subsequente processo legal contra o prefeito Marcelo Lima s\u00e3o potencialmente devastadoras, pois acentuam a desconfian\u00e7a j\u00e1 existente nas institui\u00e7\u00f5es municipais. A incerteza sobre a gest\u00e3o p\u00fablica e a moralidade dos representantes tende a impactar o engajamento c\u00edvico e a disposi\u00e7\u00e3o da popula\u00e7\u00e3o para confiar, participar e colaborar com as pol\u00edticas p\u00fablicas.<\/p>\n<p>As repercuss\u00f5es de um caso dessa magnitude tamb\u00e9m podem estimular um aumento na mobiliza\u00e7\u00e3o social por maior transpar\u00eancia e responsabilidade na administra\u00e7\u00e3o p\u00fablica. Existe uma percep\u00e7\u00e3o crescente de que \u00e9 necess\u00e1rio exigir uma melhor presta\u00e7\u00e3o de contas por parte dos l\u00edderes locais, e essa situa\u00e7\u00e3o pode servir como um divisor de \u00e1guas que conduza a um fortalecimento das vozes da sociedade civil.<\/p>\n<p>Em \u00faltima an\u00e1lise, o impacto das a\u00e7\u00f5es de Marcelo Lima pode reverberar por anos, afetando n\u00e3o apenas a administra\u00e7\u00e3o atual, mas tamb\u00e9m a forma como futuras gera\u00e7\u00f5es de pol\u00edticos e cidad\u00e3os enxergam a \u00e9tica e a responsabilidade no servi\u00e7o p\u00fablico. Um maior controle social e uma maior fiscaliza\u00e7\u00e3o da gest\u00e3o p\u00fablica poder\u00e3o ser as respostas que a sociedade buscar\u00e1 para evitar que esc\u00e2ndalos similares ocorram novamente.<\/p>\n\n<div style=\"font-size: 0px; height: 0px; line-height: 0px; margin: 0; padding: 0; clear: both;\"><\/div>","protected":false},"excerpt":{"rendered":"<p>Prefeito de S\u00e3o Bernardo se torna r\u00e9u por lavagem de dinheiro e organiza\u00e7\u00e3o criminosa.<\/p>\n","protected":false},"author":1,"featured_media":3059,"comment_status":"closed","ping_status":"closed","sticky":false,"template":"","format":"standard","meta":{"footnotes":""},"categories":[6],"tags":[],"class_list":["post-3060","post","type-post","status-publish","format-standard","has-post-thumbnail","hentry","category-noticias-em-sao-bernardo","has_thumb"],"aioseo_notices":[],"_links":{"self":[{"href":"https:\/\/www.encontrasaobernardo.com.br\/sobre\/wp-json\/wp\/v2\/posts\/3060","targetHints":{"allow":["GET"]}}],"collection":[{"href":"https:\/\/www.encontrasaobernardo.com.br\/sobre\/wp-json\/wp\/v2\/posts"}],"about":[{"href":"https:\/\/www.encontrasaobernardo.com.br\/sobre\/wp-json\/wp\/v2\/types\/post"}],"author":[{"embeddable":true,"href":"https:\/\/www.encontrasaobernardo.com.br\/sobre\/wp-json\/wp\/v2\/users\/1"}],"replies":[{"embeddable":true,"href":"https:\/\/www.encontrasaobernardo.com.br\/sobre\/wp-json\/wp\/v2\/comments?post=3060"}],"version-history":[{"count":0,"href":"https:\/\/www.encontrasaobernardo.com.br\/sobre\/wp-json\/wp\/v2\/posts\/3060\/revisions"}],"wp:featuredmedia":[{"embeddable":true,"href":"https:\/\/www.encontrasaobernardo.com.br\/sobre\/wp-json\/wp\/v2\/media\/3059"}],"wp:attachment":[{"href":"https:\/\/www.encontrasaobernardo.com.br\/sobre\/wp-json\/wp\/v2\/media?parent=3060"}],"wp:term":[{"taxonomy":"category","embeddable":true,"href":"https:\/\/www.encontrasaobernardo.com.br\/sobre\/wp-json\/wp\/v2\/categories?post=3060"},{"taxonomy":"post_tag","embeddable":true,"href":"https:\/\/www.encontrasaobernardo.com.br\/sobre\/wp-json\/wp\/v2\/tags?post=3060"}],"curies":[{"name":"wp","href":"https:\/\/api.w.org\/{rel}","templated":true}]}}