{"id":304,"date":"2011-06-16T16:49:38","date_gmt":"2011-06-16T19:49:38","guid":{"rendered":"http:\/\/www.encontrasaobernardo.com.br\/noticias\/?p=304"},"modified":"2019-04-12T16:44:04","modified_gmt":"2019-04-12T19:44:04","slug":"sao-bernardo-entrega-reforma-e-ampliacao-de-ubs","status":"publish","type":"post","link":"https:\/\/www.encontrasaobernardo.com.br\/sobre\/sao-bernardo-entrega-reforma-e-ampliacao-de-ubs\/","title":{"rendered":"S\u00e3o Bernardo entrega reforma e amplia\u00e7\u00e3o de UBS"},"content":{"rendered":"<div class=\"b7a9cc72b38518383f4213f1240ff05a\" data-index=\"1\" style=\"float: none; margin:0px;\">\n<!-- Anuncio display - global -->\r\n<ins class=\"adsbygoogle\"\r\n     style=\"display:block\"\r\n     data-ad-client=\"ca-pub-8585364105181520\"\r\n     data-ad-slot=\"8789329856\"\r\n     data-ad-format=\"auto\"\r\n     data-full-width-responsive=\"true\"><\/ins>\r\n<script>\r\n     (adsbygoogle = window.adsbygoogle || []).push({});\r\n<\/script>\n<\/div>\n<p>A Prefeitura da cidade de S\u00e3o Bernardo entrega hoje a reforma\u00e7\u00e3o e amplia\u00e7\u00e3o da Unidade B\u00e1sica de Sa\u00fade do bairro Ferraz\u00f3polis.<\/p>\n<p>O \u00a0investimento foi de R$ 1,1 milh\u00e3o nas obras e mais R$ 300 mil na aquisi\u00e7\u00e3o de novos equipamentos e mobili\u00e1rio para a unidade.<\/p>\n<p>A obra foi iniciada em agosto e faz parte do plano de reforma e amplia\u00e7\u00e3o de 28 das 32 UBSs do munic\u00edpio.<\/p>\n<p>No dia 29 ser\u00e1 a vez da unidade de Sa\u00fade da Vila\u00a0S\u00e3o Pedro ser entregue \u00e0 popula\u00e7\u00e3o.<\/p>\n<p>Conforme\u00a0reportagem publicada em 1\u00ba de junho, a unidade de Sa\u00fade do bairro Batistini ser\u00e1 reformada a partir do dia 21, quando o prefeito Luiz Marinho (PT) autorizar\u00e1 o in\u00edcio das obras no local. No dia anterior, o mesmo ser\u00e1 feito para viabilizar a constru\u00e7\u00e3o da Unidade de Pronto Atendimento Baeta Neves.<\/p>\n<p>UPA<br \/>\nA popula\u00e7\u00e3o do bairro Rudge Ramos, em S\u00e3o Bernardo, poder\u00e1 contar a partir de 15 de dezembro com nova UBS e uma Unidade de Pronto Atendimento.<\/p>\n<p>Os dois pr\u00e9dios ser\u00e3o erguidos no mesmo endere\u00e7o: Rua \u00c2ngela Tom\u00e9, 260, onde antes funcionava a Escola Municipal de Educa\u00e7\u00e3o B\u00e1sica Rolando Ramacciotti.<\/p>\n<p>Ser\u00e3o destinados R$ 2,4 milh\u00f5es para a constru\u00e7\u00e3o da unidade de Sa\u00fade, onde hoje est\u00e3o cadastrados 23 mil pacientes, e R$ 3,5 milh\u00f5es para implementar a UPA, que ir\u00e1 substituir o pronto-socorro do bairro, atualmente na Rua Brasil.<\/p>\n<p><em>Fonte: Di\u00e1rio do Grande ABC<\/em><\/p>\n\n<div style=\"font-size: 0px; height: 0px; line-height: 0px; margin: 0; padding: 0; clear: both;\"><\/div>","protected":false},"excerpt":{"rendered":"<p>A Prefeitura da cidade de S\u00e3o Bernardo entrega hoje a reforma\u00e7\u00e3o e amplia\u00e7\u00e3o da Unidade B\u00e1sica de Sa\u00fade do bairro Ferraz\u00f3polis. O \u00a0investimento foi de R$ 1,1 milh\u00e3o nas obras e mais R$ 300 mil na aquisi\u00e7\u00e3o de novos equipamentos e mobili\u00e1rio para a unidade. A obra foi iniciada em agosto e faz parte do plano de reforma e amplia\u00e7\u00e3o de 28 das 32 UBSs do munic\u00edpio. No dia 29 ser\u00e1 a vez da unidade de Sa\u00fade da Vila\u00a0S\u00e3o Pedro ser entregue \u00e0 popula\u00e7\u00e3o. Conforme\u00a0reportagem publicada em 1\u00ba de junho, a unidade de Sa\u00fade do bairro Batistini ser\u00e1 reformada a <\/p>\n","protected":false},"author":1,"featured_media":0,"comment_status":"open","ping_status":"closed","sticky":false,"template":"","format":"standard","meta":{"footnotes":""},"categories":[6],"tags":[14],"class_list":["post-304","post","type-post","status-publish","format-standard","hentry","category-noticias-em-sao-bernardo","tag-sao-bernardo"],"aioseo_notices":[],"_links":{"self":[{"href":"https:\/\/www.encontrasaobernardo.com.br\/sobre\/wp-json\/wp\/v2\/posts\/304","targetHints":{"allow":["GET"]}}],"collection":[{"href":"https:\/\/www.encontrasaobernardo.com.br\/sobre\/wp-json\/wp\/v2\/posts"}],"about":[{"href":"https:\/\/www.encontrasaobernardo.com.br\/sobre\/wp-json\/wp\/v2\/types\/post"}],"author":[{"embeddable":true,"href":"https:\/\/www.encontrasaobernardo.com.br\/sobre\/wp-json\/wp\/v2\/users\/1"}],"replies":[{"embeddable":true,"href":"https:\/\/www.encontrasaobernardo.com.br\/sobre\/wp-json\/wp\/v2\/comments?post=304"}],"version-history":[{"count":0,"href":"https:\/\/www.encontrasaobernardo.com.br\/sobre\/wp-json\/wp\/v2\/posts\/304\/revisions"}],"wp:attachment":[{"href":"https:\/\/www.encontrasaobernardo.com.br\/sobre\/wp-json\/wp\/v2\/media?parent=304"}],"wp:term":[{"taxonomy":"category","embeddable":true,"href":"https:\/\/www.encontrasaobernardo.com.br\/sobre\/wp-json\/wp\/v2\/categories?post=304"},{"taxonomy":"post_tag","embeddable":true,"href":"https:\/\/www.encontrasaobernardo.com.br\/sobre\/wp-json\/wp\/v2\/tags?post=304"}],"curies":[{"name":"wp","href":"https:\/\/api.w.org\/{rel}","templated":true}]}}