{"id":302,"date":"2011-06-16T16:48:53","date_gmt":"2011-06-16T19:48:53","guid":{"rendered":"http:\/\/www.encontrasaobernardo.com.br\/noticias\/?p=302"},"modified":"2019-04-12T16:44:04","modified_gmt":"2019-04-12T19:44:04","slug":"moradores-da-via-anchieta-protestam-na-camara-de-sao-bernardo","status":"publish","type":"post","link":"https:\/\/www.encontrasaobernardo.com.br\/sobre\/moradores-da-via-anchieta-protestam-na-camara-de-sao-bernardo\/","title":{"rendered":"Moradores da Via Anchieta protestam na C\u00e2mara de S\u00e3o Bernardo"},"content":{"rendered":"<div class=\"b7a9cc72b38518383f4213f1240ff05a\" data-index=\"1\" style=\"float: none; margin:0px;\">\n<!-- Anuncio display - global -->\r\n<ins class=\"adsbygoogle\"\r\n     style=\"display:block\"\r\n     data-ad-client=\"ca-pub-8585364105181520\"\r\n     data-ad-slot=\"8789329856\"\r\n     data-ad-format=\"auto\"\r\n     data-full-width-responsive=\"true\"><\/ins>\r\n<script>\r\n     (adsbygoogle = window.adsbygoogle || []).push({});\r\n<\/script>\n<\/div>\n<p>Um\u00a0\u00f4nibus com capacidade para cerca de 50 pessoas, todas moradoras no Km 24 da Via Anchieta, em Encontra S\u00e3o Bernardo, teve como destino a C\u00e2mara, ontem pela manh\u00e3. A manifesta\u00e7\u00e3o foi para pedir o apoio dos vereadores no impasse judicial iniciado pela Ecovias, concession\u00e1ria respons\u00e1vel pela administra\u00e7\u00e3o do Sistema Anchieta-Imigrantes.<\/p>\n<p>A\u00a0empresa tem liminar, cassada pelo Tribunal de Justi\u00e7a de S\u00e3o Paulo, para reintegra\u00e7\u00e3o de posse de \u00e1rea invadida h\u00e1 pelo menos 20 anos e que hoje abriga 57 fam\u00edlias &#8211; cerca de 220 pessoas, entre crian\u00e7as, adultos e idosos. O terreno fica em frente \u00e0 Volkswagen e ao lado do centro de distribui\u00e7\u00e3o da Casas Bahia.<\/p>\n<p>&#8220;Temos de buscar uma alternativa de habita\u00e7\u00e3o&#8221;, afirmou o porteiro Erivaldo Ferreira, 25 anos, morador h\u00e1 dez anos no terreno \u00e0s margens da rodovia, sentido Santos-S\u00e3o Paulo. Ferreira tem mulher e dois\u00a0filhos.<\/p>\n<p>O presidente da C\u00e2mara, Hiroyuki Minami, defendeu uma &#8220;solu\u00e7\u00e3o digna&#8221; para o impasse entre governos municipal e estadual, al\u00e9m da pr\u00f3pria C\u00e2mara. Por\u00e9m, n\u00e3o designou a constitui\u00e7\u00e3o de uma comiss\u00e3o de parlamentares para acompanhar o caso. A Ecovias disse que &#8220;avalia a situa\u00e7\u00e3o&#8221;. E a Prefeitura, que enviou of\u00edcio ao Estado.<\/p>\n<p><em>Fonte: Di\u00e1rio do Grande ABC<\/em><\/p>\n\n<div style=\"font-size: 0px; height: 0px; line-height: 0px; margin: 0; padding: 0; clear: both;\"><\/div>","protected":false},"excerpt":{"rendered":"<p>Um\u00a0\u00f4nibus com capacidade para cerca de 50 pessoas, todas moradoras no Km 24 da Via Anchieta, em Encontra S\u00e3o Bernardo, teve como destino a C\u00e2mara, ontem pela manh\u00e3. A manifesta\u00e7\u00e3o foi para pedir o apoio dos vereadores no impasse judicial iniciado pela Ecovias, concession\u00e1ria respons\u00e1vel pela administra\u00e7\u00e3o do Sistema Anchieta-Imigrantes. A\u00a0empresa tem liminar, cassada pelo Tribunal de Justi\u00e7a de S\u00e3o Paulo, para reintegra\u00e7\u00e3o de posse de \u00e1rea invadida h\u00e1 pelo menos 20 anos e que hoje abriga 57 fam\u00edlias &#8211; cerca de 220 pessoas, entre crian\u00e7as, adultos e idosos. O terreno fica em frente \u00e0 Volkswagen e ao lado do <\/p>\n","protected":false},"author":1,"featured_media":0,"comment_status":"open","ping_status":"closed","sticky":false,"template":"","format":"standard","meta":{"footnotes":""},"categories":[6],"tags":[14],"class_list":["post-302","post","type-post","status-publish","format-standard","hentry","category-noticias-em-sao-bernardo","tag-sao-bernardo"],"aioseo_notices":[],"_links":{"self":[{"href":"https:\/\/www.encontrasaobernardo.com.br\/sobre\/wp-json\/wp\/v2\/posts\/302","targetHints":{"allow":["GET"]}}],"collection":[{"href":"https:\/\/www.encontrasaobernardo.com.br\/sobre\/wp-json\/wp\/v2\/posts"}],"about":[{"href":"https:\/\/www.encontrasaobernardo.com.br\/sobre\/wp-json\/wp\/v2\/types\/post"}],"author":[{"embeddable":true,"href":"https:\/\/www.encontrasaobernardo.com.br\/sobre\/wp-json\/wp\/v2\/users\/1"}],"replies":[{"embeddable":true,"href":"https:\/\/www.encontrasaobernardo.com.br\/sobre\/wp-json\/wp\/v2\/comments?post=302"}],"version-history":[{"count":0,"href":"https:\/\/www.encontrasaobernardo.com.br\/sobre\/wp-json\/wp\/v2\/posts\/302\/revisions"}],"wp:attachment":[{"href":"https:\/\/www.encontrasaobernardo.com.br\/sobre\/wp-json\/wp\/v2\/media?parent=302"}],"wp:term":[{"taxonomy":"category","embeddable":true,"href":"https:\/\/www.encontrasaobernardo.com.br\/sobre\/wp-json\/wp\/v2\/categories?post=302"},{"taxonomy":"post_tag","embeddable":true,"href":"https:\/\/www.encontrasaobernardo.com.br\/sobre\/wp-json\/wp\/v2\/tags?post=302"}],"curies":[{"name":"wp","href":"https:\/\/api.w.org\/{rel}","templated":true}]}}