{"id":3014,"date":"2020-04-27T05:10:55","date_gmt":"2020-04-27T08:10:55","guid":{"rendered":"https:\/\/www.encontrasaobernardo.com.br\/sobre\/?p=3014"},"modified":"2020-04-27T05:10:55","modified_gmt":"2020-04-27T08:10:55","slug":"paroquia-santissima-virgem-sao-bernardo","status":"publish","type":"post","link":"https:\/\/www.encontrasaobernardo.com.br\/sobre\/paroquia-santissima-virgem-sao-bernardo\/","title":{"rendered":"Par\u00f3quia Sant\u00edssima Virgem S\u00e3o Bernardo"},"content":{"rendered":"<div class=\"b7a9cc72b38518383f4213f1240ff05a\" data-index=\"1\" style=\"float: none; margin:0px;\">\n<!-- Anuncio display - global -->\r\n<ins class=\"adsbygoogle\"\r\n     style=\"display:block\"\r\n     data-ad-client=\"ca-pub-8585364105181520\"\r\n     data-ad-slot=\"8789329856\"\r\n     data-ad-format=\"auto\"\r\n     data-full-width-responsive=\"true\"><\/ins>\r\n<script>\r\n     (adsbygoogle = window.adsbygoogle || []).push({});\r\n<\/script>\n<\/div>\n<p>A <strong>Par\u00f3quia Sant\u00edssima Virgem S\u00e3o Bernardo<\/strong> \u00e9 uma das mais atuantes do grande ABC, dispondo em sua estrutura de diversas pastorais, grupos, movimentos e associa\u00e7\u00f5es religiosas, onde os leigos encontram espa\u00e7o para desenvolver suas atividades religiosas e sociais.<\/p>\n<p>Quando se entregam aos trabalhos de evangeliza\u00e7\u00e3o e assist\u00eancia social aos mais necessitados, descobrem no p\u00e1roco, padre Renato Souto, uma fonte permanente de apoio e incentivo para desempenharem suas fun\u00e7\u00f5es religiosas e sociais, assim como crescerem na sua caminhada de vida e de f\u00e9 crist\u00e3.<\/p>\n<p><img loading=\"lazy\" decoding=\"async\" class=\"alignnone wp-image-3015 size-full\" title=\"Par\u00f3quia Sant\u00edssima Virgem S\u00e3o Bernardo\" src=\"https:\/\/www.encontrasaobernardo.com.br\/sobre\/wp-content\/uploads\/2020\/04\/paroquia-santissima-virgem.gif\" alt=\"Par\u00f3quia Sant\u00edssima Virgem S\u00e3o Bernardo\" width=\"680\" height=\"189\" \/><\/p>\n<p>Par\u00f3quia \u00e9 o lugar onde acontece a Pastoral, uma fam\u00edlia que faz sua experi\u00eancia de F\u00e9, Amor e Esperan\u00e7a. Na par\u00f3quia \u00e9 o projeto de Jesus Cristo que deve ser realizado pessoal e comunitariamente, portanto \u00e9 o Evangelho, a Boa Nova, o Reino de Deus que provoca e move todas as atividades. Par\u00f3quia \u00e9 o lugar onde acontece a Pastoral, uma fam\u00edlia que faz sua experi\u00eancia de F\u00e9, Amor e Esperan\u00e7a. Na par\u00f3quia \u00e9 o projeto de Jesus Cristo que deve ser realizado pessoal e comunitariamente, portanto \u00e9 o Evangelho, a Boa Nova, o Reino de Deus que provoca e move todas as atividades.<\/p>\n<h2>Par\u00f3quia Sant\u00edssima Virgem\u00a0S\u00e3o Bernardo\u00a0Hist\u00f3ria<\/h2>\n<p>Fundada em 21 de setembro de 1960, por ordem do bispo dom Jorge Marcos de Oliveira, sendo seu p\u00e1roco-fundador o Pe. M\u00e1rio Balestra, da\u00ed o nome da pra\u00e7a em frente \u00e0 igreja. Pertence \u00e0 Diocese de Santo Andr\u00e9, sob a condu\u00e7\u00e3o atual do bispo dom Pedro Carlos Cipollini.<br \/>\nO p\u00e1roco, com seu CPP \u2013 Conselho Pastoral Paroquial tem a miss\u00e3o de coordenar toda a vida pastoral da comunidade. O CPP \u00e9 composto pelos representantes de todos as pastorais, movimentos, comiss\u00f5es, grupos, equipes e setores que trabalham na par\u00f3quia.<\/p>\n<p>A vida de comunidade paroquial \u00e9 ali representada e na nossa comunidade tem grande compromisso com a a\u00e7\u00e3o evangelizadora e mission\u00e1ria, pois a Igreja nasceu mission\u00e1ria, \u00e9 mission\u00e1ria e o ser\u00e1 sempre por vontade do seu fundador, Jesus, para a salva\u00e7\u00e3o do mundo. Fiel \u00e0 diocese, partilhamos do mesmo \u201csonho mission\u00e1rio de chegar a todos\u201d. (lema do S\u00ednodo Diocesano 2016-2018)<\/p>\n<h3>Par\u00f3quia Sant\u00edssima Virgem S\u00e3o Bernardo\u00a0Hor\u00e1rio de Missa<\/h3>\n<p>As missas na par\u00f3quia acontecem nos seguintes hor\u00e1rios:<\/p>\n<ul>\n<li>De segunda \u00e0 sexta \u00e0s\u00a012h e \u00e0s 19h30<\/li>\n<li>S\u00e1bado \u00e0s\u00a018h30<\/li>\n<li>Domingo \u00e0s\u00a07h \/ 8h30 \/ 10h30 \/17h e 18h30<\/li>\n<\/ul>\n<h3><\/h3>\n<h3>Vagas\u00a0Par\u00f3quia Sant\u00edssima Virgem S\u00e3o Bernardo &#8211; Trabalhe Conosco<\/h3>\n<p>&nbsp;<\/p>\n<p>Atitude, responsabilidade, resili\u00eancia, criatividade, comprometimento para resultado, e saber trabalhar em equipe s\u00e3o algumas compet\u00eancias necess\u00e1rias para fazer parte do time. Se voc\u00ea tem esse perfil e est\u00e1 em busca de oportunidades em uma empresa l\u00edder de mercado envie agora mesmo seu curr\u00edculo para a\u00a0Par\u00f3quia Sant\u00edssima Virgem S\u00e3o Bernardo.<\/p>\n<h3>Hor\u00e1rio de Funcionamento\u00a0Par\u00f3quia Sant\u00edssima Virgem em S\u00e3o Bernardo<\/h3>\n<ul>\n<li>Segunda a Sexta das 08h \u00e0s 12h e das 14h \u00e0s 18h \/ S\u00e1bado das 08h30 \u00e0s 11h e das 14h \u00e0s 11h<\/li>\n<\/ul>\n<h3>Endere\u00e7o e Telefone\u00a0Par\u00f3quia Sant\u00edssima Virgem em S\u00e3o Bernardo<\/h3>\n<ul>\n<li>Av. Lucas Nogueira Garcez,\u00a0s\/n\u00a0 &#8211; Jardim do Mar\u00a0&#8211; S\u00e3o Bernardo do Campo &#8211; SP<\/li>\n<li>Telefone: <span class=\"zgWrF\">(11) 4330-4289<\/span><\/li>\n<\/ul>\n<h4>Outras informa\u00e7\u00f5es e site<\/h4>\n<ul>\n<li>Mais informa\u00e7\u00f5es:\u00a0<a href=\"http:\/\/www.santissimavirgem.org.br\/\" target=\"_blank\" rel=\"noopener noreferrer\">www.santissimavirgem.org.br<\/a><\/li>\n<\/ul>\n<h4>Mapa de localiza\u00e7\u00e3o<\/h4>\n<a class=\"wp-colorbox-iframe\" href=\"https:\/\/www.google.com\/maps\/embed?pb=!1m14!1m8!1m3!1d14614.159751808987!2d-46.5566084!3d-23.6924051!3m2!1i1024!2i768!4f13.1!3m3!1m2!1s0x00xba1820424bd1f6ee!2sParquiaSantssimaVirgem!5e0!3m2!1spt-BR!2sbr!4v1587974647030!5m2!1spt-BR!2sbr\"><img decoding=\"async\" src=\"http:\/\/www.encontrasaobernardo.com.br\/imgs\/maps-post.png\"><\/a>\n\n<div style=\"font-size: 0px; height: 0px; line-height: 0px; margin: 0; padding: 0; clear: both;\"><\/div>","protected":false},"excerpt":{"rendered":"<p>A Par\u00f3quia Sant\u00edssima Virgem S\u00e3o Bernardo \u00e9 uma das mais atuantes do grande ABC, dispondo em sua estrutura de diversas pastorais, grupos, movimentos e associa\u00e7\u00f5es religiosas, onde os leigos encontram espa\u00e7o para desenvolver suas atividades religiosas e sociais. Quando se entregam aos trabalhos de evangeliza\u00e7\u00e3o e assist\u00eancia social aos mais necessitados, descobrem no p\u00e1roco, padre Renato Souto, uma fonte permanente de apoio e incentivo para desempenharem suas fun\u00e7\u00f5es religiosas e sociais, assim como crescerem na sua caminhada de vida e de f\u00e9 crist\u00e3. Par\u00f3quia \u00e9 o lugar onde acontece a Pastoral, uma fam\u00edlia que faz sua experi\u00eancia de F\u00e9, Amor <\/p>\n","protected":false},"author":1,"featured_media":3015,"comment_status":"open","ping_status":"closed","sticky":false,"template":"","format":"standard","meta":{"footnotes":""},"categories":[37],"tags":[],"class_list":["post-3014","post","type-post","status-publish","format-standard","has-post-thumbnail","hentry","category-lugares-para-beber-sao-bernardo","has_thumb"],"aioseo_notices":[],"_links":{"self":[{"href":"https:\/\/www.encontrasaobernardo.com.br\/sobre\/wp-json\/wp\/v2\/posts\/3014","targetHints":{"allow":["GET"]}}],"collection":[{"href":"https:\/\/www.encontrasaobernardo.com.br\/sobre\/wp-json\/wp\/v2\/posts"}],"about":[{"href":"https:\/\/www.encontrasaobernardo.com.br\/sobre\/wp-json\/wp\/v2\/types\/post"}],"author":[{"embeddable":true,"href":"https:\/\/www.encontrasaobernardo.com.br\/sobre\/wp-json\/wp\/v2\/users\/1"}],"replies":[{"embeddable":true,"href":"https:\/\/www.encontrasaobernardo.com.br\/sobre\/wp-json\/wp\/v2\/comments?post=3014"}],"version-history":[{"count":0,"href":"https:\/\/www.encontrasaobernardo.com.br\/sobre\/wp-json\/wp\/v2\/posts\/3014\/revisions"}],"wp:featuredmedia":[{"embeddable":true,"href":"https:\/\/www.encontrasaobernardo.com.br\/sobre\/wp-json\/wp\/v2\/media\/3015"}],"wp:attachment":[{"href":"https:\/\/www.encontrasaobernardo.com.br\/sobre\/wp-json\/wp\/v2\/media?parent=3014"}],"wp:term":[{"taxonomy":"category","embeddable":true,"href":"https:\/\/www.encontrasaobernardo.com.br\/sobre\/wp-json\/wp\/v2\/categories?post=3014"},{"taxonomy":"post_tag","embeddable":true,"href":"https:\/\/www.encontrasaobernardo.com.br\/sobre\/wp-json\/wp\/v2\/tags?post=3014"}],"curies":[{"name":"wp","href":"https:\/\/api.w.org\/{rel}","templated":true}]}}