{"id":30,"date":"2010-12-02T19:36:41","date_gmt":"2010-12-02T21:36:41","guid":{"rendered":"http:\/\/www.encontrasaobernardo.com.br\/noticias\/?p=30"},"modified":"2019-04-12T16:45:53","modified_gmt":"2019-04-12T19:45:53","slug":"sao-bernardo-inaugura-a-1%c2%aa-feira-noturna-da-cidade","status":"publish","type":"post","link":"https:\/\/www.encontrasaobernardo.com.br\/sobre\/sao-bernardo-inaugura-a-1%c2%aa-feira-noturna-da-cidade\/","title":{"rendered":"S\u00e3o Bernardo inaugura a 1\u00aa feira noturna da cidade"},"content":{"rendered":"<div class=\"b7a9cc72b38518383f4213f1240ff05a\" data-index=\"1\" style=\"float: none; margin:0px;\">\n<!-- Anuncio display - global -->\r\n<ins class=\"adsbygoogle\"\r\n     style=\"display:block\"\r\n     data-ad-client=\"ca-pub-8585364105181520\"\r\n     data-ad-slot=\"8789329856\"\r\n     data-ad-format=\"auto\"\r\n     data-full-width-responsive=\"true\"><\/ins>\r\n<script>\r\n     (adsbygoogle = window.adsbygoogle || []).push({});\r\n<\/script>\n<\/div>\n<p>O prefeito de S\u00e3o Bernardo do Campo inaugurou nesta quarta-feira (1\/12) a primeira feira livre noturna da cidade. A atividade ser\u00e1 realizada sempre \u00e0s quartas-feiras, das 19h \u00e0s 23h, na Avenida S\u00e3o Paulo, Parque S\u00e3o Diogo, ao lado do Gin\u00e1sio Poliesportivo, onde j\u00e1 acontece a feira livre de s\u00e1bado no per\u00edodo da manh\u00e3. O projeto piloto est\u00e1 sendo coordenado de maneira conjunta entre as secretarias de Servi\u00e7os Urbanos e a de Desenvolvimento Econ\u00f4mico, Trabalho e Turismo (SDET).<\/p>\n<p>O chefe do Executivo disse que, em 2008, durante campanha para prefeito no Rudge Ramos, uma senhora sugeriu que a cidade tivesse uma feira livre noturna. &#8220;No ano passado, pedi aos secret\u00e1rios que estudassem o melhor local e que conversassem com os feirantes para sabermos sua opini\u00e3o. O resultado foi esta inaugura\u00e7\u00e3o de hoje&#8221;, conta.<\/p>\n<p>A feira possui 24 barracas, dentre frutas, verduras, legumes, pescado, aves abatidas, frios e condimentos, entre outras op\u00e7\u00f5es, que ocupam os 120 metros lineares de extens\u00e3o da avenida, em ambos os lados. A escolha do local se deu por conta da infraestrutura que o espa\u00e7o proporciona, al\u00e9m da boa localiza\u00e7\u00e3o. A feira noturna suprir\u00e1 a demanda de bairros como Centro, Jardim Hollywood, Jardim do Mar, Anchieta, Mussolini e demais localidades.<\/p>\n<p>A atividade passar\u00e1 por um per\u00edodo de 90 dias para experimenta\u00e7\u00e3o, conforme exig\u00eancia do C\u00f3digo de Posturas do munic\u00edpio para qualquer feira livre que se inicie. Transcorrido esse per\u00edodo, a feira ser\u00e1 oficializada. A proposta da Administra\u00e7\u00e3o \u00e9 que esse com\u00e9rcio no per\u00edodo noturno seja levado para outros bairros da cidade, desde que haja condi\u00e7\u00f5es adequadas para receber esse tipo de atividade.<\/p>\n<p>As expectativas s\u00e3o boas, segundo os feirantes, que aprovaram a iniciativa da cidade. Para o feirante Reinado Bastos, a grande vantagem \u00e9 poder atender aquelas pessoas que n\u00e3o t\u00eam tempo de ir \u00e0 feira durante o dia. &#8220;Muita gente elogiou, e a procura est\u00e1 sendo grande. A vantagem de ser de quarta-feira \u00e9 que d\u00e1 tempo de sair do trabalho, fazer a feira e chegar em casa a tempo de ver o jogo de futebol&#8221;, brincou.<\/p>\n<p>Moradora do Parque S\u00e3o Diogo, Alessandra Pal\u00e1cio aprovou a feira livre noturna de S\u00e3o Bernardo e refor\u00e7ou que \u00e9 uma iniciativa que tem que continuar. &#8220;Facilita muito a vida de quem trabalha, al\u00e9m, \u00e9 claro de ter pre\u00e7os bem em conta. Al\u00e9m disso, as pessoas do bairro se encontram, compram e batem papo; \u00e9 uma nova op\u00e7\u00e3o de happy-hour&#8221;, disse.<\/p>\n<p><em>Fonte: Prefeitura de S\u00e3o Bernardo<\/em><\/p>\n\n<div style=\"font-size: 0px; height: 0px; line-height: 0px; margin: 0; padding: 0; clear: both;\"><\/div>","protected":false},"excerpt":{"rendered":"<p>O prefeito de S\u00e3o Bernardo do Campo inaugurou nesta quarta-feira (1\/12) a primeira feira livre noturna da cidade. A atividade ser\u00e1 realizada sempre \u00e0s quartas-feiras, das 19h \u00e0s 23h, na Avenida S\u00e3o Paulo, Parque S\u00e3o Diogo, ao lado do Gin\u00e1sio Poliesportivo, onde j\u00e1 acontece a feira livre de s\u00e1bado no per\u00edodo da manh\u00e3. O projeto piloto est\u00e1 sendo coordenado de maneira conjunta entre as secretarias de Servi\u00e7os Urbanos e a de Desenvolvimento Econ\u00f4mico, Trabalho e Turismo (SDET). O chefe do Executivo disse que, em 2008, durante campanha para prefeito no Rudge Ramos, uma senhora sugeriu que a cidade tivesse uma <\/p>\n","protected":false},"author":1,"featured_media":0,"comment_status":"open","ping_status":"closed","sticky":false,"template":"","format":"standard","meta":{"footnotes":""},"categories":[6],"tags":[14],"class_list":["post-30","post","type-post","status-publish","format-standard","hentry","category-noticias-em-sao-bernardo","tag-sao-bernardo"],"aioseo_notices":[],"_links":{"self":[{"href":"https:\/\/www.encontrasaobernardo.com.br\/sobre\/wp-json\/wp\/v2\/posts\/30","targetHints":{"allow":["GET"]}}],"collection":[{"href":"https:\/\/www.encontrasaobernardo.com.br\/sobre\/wp-json\/wp\/v2\/posts"}],"about":[{"href":"https:\/\/www.encontrasaobernardo.com.br\/sobre\/wp-json\/wp\/v2\/types\/post"}],"author":[{"embeddable":true,"href":"https:\/\/www.encontrasaobernardo.com.br\/sobre\/wp-json\/wp\/v2\/users\/1"}],"replies":[{"embeddable":true,"href":"https:\/\/www.encontrasaobernardo.com.br\/sobre\/wp-json\/wp\/v2\/comments?post=30"}],"version-history":[{"count":0,"href":"https:\/\/www.encontrasaobernardo.com.br\/sobre\/wp-json\/wp\/v2\/posts\/30\/revisions"}],"wp:attachment":[{"href":"https:\/\/www.encontrasaobernardo.com.br\/sobre\/wp-json\/wp\/v2\/media?parent=30"}],"wp:term":[{"taxonomy":"category","embeddable":true,"href":"https:\/\/www.encontrasaobernardo.com.br\/sobre\/wp-json\/wp\/v2\/categories?post=30"},{"taxonomy":"post_tag","embeddable":true,"href":"https:\/\/www.encontrasaobernardo.com.br\/sobre\/wp-json\/wp\/v2\/tags?post=30"}],"curies":[{"name":"wp","href":"https:\/\/api.w.org\/{rel}","templated":true}]}}