{"id":290,"date":"2011-06-14T17:13:11","date_gmt":"2011-06-14T20:13:11","guid":{"rendered":"http:\/\/www.encontrasaobernardo.com.br\/noticias\/?p=290"},"modified":"2019-04-12T16:45:16","modified_gmt":"2019-04-12T19:45:16","slug":"sao-bernardo-estreia-balaio-popular-com-dramaturgo-e-poeta-ariano-suassuna","status":"publish","type":"post","link":"https:\/\/www.encontrasaobernardo.com.br\/sobre\/sao-bernardo-estreia-balaio-popular-com-dramaturgo-e-poeta-ariano-suassuna\/","title":{"rendered":"S\u00e3o Bernardo estreia Balaio Popular com dramaturgo e poeta Ariano Suassuna"},"content":{"rendered":"<div class=\"b7a9cc72b38518383f4213f1240ff05a\" data-index=\"1\" style=\"float: none; margin:0px;\">\n<!-- Anuncio display - global -->\r\n<ins class=\"adsbygoogle\"\r\n     style=\"display:block\"\r\n     data-ad-client=\"ca-pub-8585364105181520\"\r\n     data-ad-slot=\"8789329856\"\r\n     data-ad-format=\"auto\"\r\n     data-full-width-responsive=\"true\"><\/ins>\r\n<script>\r\n     (adsbygoogle = window.adsbygoogle || []).push({});\r\n<\/script>\n<\/div>\n<p>O dramaturgo, poeta, romancista, artista pl\u00e1stico, Secret\u00e1rio Especial de Estado da Cultura e idealizador do Movimento Armorial, Ariano Suassuna, abre nesta quarta-feira (15\/6), a partir das 19h30, no Teatro Lauro Gomes, a programa\u00e7\u00e3o do novo projeto da Secretaria de Cultura de S\u00e3o Bernardo do Campo, o\u00a0<em>Balaio Popular<\/em>. A programa\u00e7\u00e3o \u00e9 gratuita e aberta a todos os interessados.<\/p>\n<p>A iniciativa tem como objetivo promover o di\u00e1logo, a valoriza\u00e7\u00e3o e difus\u00e3o das manifesta\u00e7\u00f5es da cultura popular tradicional de S\u00e3o Bernardo, expressa por meio de grupos culturais e da mem\u00f3ria acumulada a respeito. Em cada uma das edi\u00e7\u00f5es do Balaio Popular, realizadas de forma descentralizada, haver\u00e1 uma programa\u00e7\u00e3o cultural associada \u00e0 rica cultura presente na cidade. As apresenta\u00e7\u00f5es podem combinar g\u00eaneros diferentes, como declama\u00e7\u00f5es de poesia, m\u00fasica e literatura.<\/p>\n<p>A programa\u00e7\u00e3o segue no dia 18, \u00e0s 16h, na Escola de Educa\u00e7\u00e3o B\u00e1sica (EMEB) Arlindo Miguel Teixeira (Estrada dos Alvarenga, 7.500, Bairro Alvarenga), com a atividade\u00a0<em>Tradi\u00e7\u00e3o Nordestina<\/em>. Haver\u00e1 participa\u00e7\u00f5es das duplas de repente e forr\u00f3 p\u00e9 de serra.<\/p>\n<p>J\u00e1 no dia 25, \u00e0s 16h, no Teatro Elis Regina (Avenida Jo\u00e3o Firmino, 900, Bairro Assun\u00e7\u00e3o), ser\u00e1 realizado o workshop de Composi\u00e7\u00e3o Musical, com o Quarteto Perer\u00ea.<\/p>\n<p>Para finalizar, no dia 26 (domingo), a partir das 15h, o Parque Municipal Engenheiro Salvador Arena (Avenida Caminho do Mar, 2.980, Rudge Ramos), ter\u00e1 a apresenta\u00e7\u00e3o de Fabr\u00edcio Ramos e Z\u00e9 Riba e da banda Momboj\u00f3, que mistura Rock-de-refr\u00e3o, bossa-nova, lounge, surf music, jazz, cl\u00e1ssico, samba e outras refer\u00eancias.<\/p>\n<p><em>Fonte: Prefeitura de S\u00e3o Bernardo<\/em><\/p>\n\n<div style=\"font-size: 0px; height: 0px; line-height: 0px; margin: 0; padding: 0; clear: both;\"><\/div>","protected":false},"excerpt":{"rendered":"<p>O dramaturgo, poeta, romancista, artista pl\u00e1stico, Secret\u00e1rio Especial de Estado da Cultura e idealizador do Movimento Armorial, Ariano Suassuna, abre nesta quarta-feira (15\/6), a partir das 19h30, no Teatro Lauro Gomes, a programa\u00e7\u00e3o do novo projeto da Secretaria de Cultura de S\u00e3o Bernardo do Campo, o\u00a0Balaio Popular. A programa\u00e7\u00e3o \u00e9 gratuita e aberta a todos os interessados. A iniciativa tem como objetivo promover o di\u00e1logo, a valoriza\u00e7\u00e3o e difus\u00e3o das manifesta\u00e7\u00f5es da cultura popular tradicional de S\u00e3o Bernardo, expressa por meio de grupos culturais e da mem\u00f3ria acumulada a respeito. Em cada uma das edi\u00e7\u00f5es do Balaio Popular, realizadas de <\/p>\n","protected":false},"author":1,"featured_media":0,"comment_status":"open","ping_status":"closed","sticky":false,"template":"","format":"standard","meta":{"footnotes":""},"categories":[6],"tags":[14],"class_list":["post-290","post","type-post","status-publish","format-standard","hentry","category-noticias-em-sao-bernardo","tag-sao-bernardo"],"aioseo_notices":[],"_links":{"self":[{"href":"https:\/\/www.encontrasaobernardo.com.br\/sobre\/wp-json\/wp\/v2\/posts\/290","targetHints":{"allow":["GET"]}}],"collection":[{"href":"https:\/\/www.encontrasaobernardo.com.br\/sobre\/wp-json\/wp\/v2\/posts"}],"about":[{"href":"https:\/\/www.encontrasaobernardo.com.br\/sobre\/wp-json\/wp\/v2\/types\/post"}],"author":[{"embeddable":true,"href":"https:\/\/www.encontrasaobernardo.com.br\/sobre\/wp-json\/wp\/v2\/users\/1"}],"replies":[{"embeddable":true,"href":"https:\/\/www.encontrasaobernardo.com.br\/sobre\/wp-json\/wp\/v2\/comments?post=290"}],"version-history":[{"count":0,"href":"https:\/\/www.encontrasaobernardo.com.br\/sobre\/wp-json\/wp\/v2\/posts\/290\/revisions"}],"wp:attachment":[{"href":"https:\/\/www.encontrasaobernardo.com.br\/sobre\/wp-json\/wp\/v2\/media?parent=290"}],"wp:term":[{"taxonomy":"category","embeddable":true,"href":"https:\/\/www.encontrasaobernardo.com.br\/sobre\/wp-json\/wp\/v2\/categories?post=290"},{"taxonomy":"post_tag","embeddable":true,"href":"https:\/\/www.encontrasaobernardo.com.br\/sobre\/wp-json\/wp\/v2\/tags?post=290"}],"curies":[{"name":"wp","href":"https:\/\/api.w.org\/{rel}","templated":true}]}}