{"id":286,"date":"2011-06-09T17:10:29","date_gmt":"2011-06-09T20:10:29","guid":{"rendered":"http:\/\/www.encontrasaobernardo.com.br\/noticias\/?p=286"},"modified":"2019-04-12T16:45:16","modified_gmt":"2019-04-12T19:45:16","slug":"feira-de-moveis-de-sao-bernardo-atrai-recorde-de-publico","status":"publish","type":"post","link":"https:\/\/www.encontrasaobernardo.com.br\/sobre\/feira-de-moveis-de-sao-bernardo-atrai-recorde-de-publico\/","title":{"rendered":"Feira de M\u00f3veis de S\u00e3o Bernardo atrai recorde de p\u00fablico"},"content":{"rendered":"<div class=\"b7a9cc72b38518383f4213f1240ff05a\" data-index=\"1\" style=\"float: none; margin:0px;\">\n<!-- Anuncio display - global -->\r\n<ins class=\"adsbygoogle\"\r\n     style=\"display:block\"\r\n     data-ad-client=\"ca-pub-8585364105181520\"\r\n     data-ad-slot=\"8789329856\"\r\n     data-ad-format=\"auto\"\r\n     data-full-width-responsive=\"true\"><\/ins>\r\n<script>\r\n     (adsbygoogle = window.adsbygoogle || []).push({});\r\n<\/script>\n<\/div>\n<p>Em apenas quatro dias de evento, os lojistas participantes da 1\u00aa edi\u00e7\u00e3o da\u00a0<em>Feira de M\u00f3veis da Rua Jurubatuba<\/em>, em S\u00e3o Bernardo do Campo, registraram crescimento em torno de 70% no faturamento. Com promo\u00e7\u00f5es de at\u00e9 50% de desconto, o evento, iniciado no dia 4 de junho, atraiu recorde de p\u00fablico no s\u00e1bado e domingo durante todo o dia. A feira termina neste domingo (12\/6).<\/p>\n<p>Organizada pela Prefeitura de S\u00e3o Bernardo do Campo, por meio da Secretaria de Desenvolvimento Econ\u00f4mico, Trabalho e Turismo, em parceria com os lojistas, a feira re\u00fane 74 lojas de m\u00f3veis e artigos de decora\u00e7\u00e3o em dois quarteir\u00f5es da via, em aproximadamente 60 mil m\u00b2 voltados ao segmento.<\/p>\n<p>Para atrair o p\u00fablico, as cal\u00e7adas foram expandidas at\u00e9 a faixa onde \u00e9 permitido o estacionamento de carros e receberam decora\u00e7\u00e3o especial com ilumina\u00e7\u00e3o, sonoriza\u00e7\u00e3o, lounge para o p\u00fablico, pra\u00e7a de servi\u00e7os e de alimenta\u00e7\u00e3o, al\u00e9m de seguran\u00e7a privada.<\/p>\n<p>A ideia \u00e9 fomentar o com\u00e9rcio deste que \u00e9 um dos corredores comerciais mais importantes do Pa\u00eds. S\u00e3o milh\u00f5es de reais em neg\u00f3cios fechados mensalmente pelo setor apenas neste trecho.<\/p>\n<p>&#8220;Os comerciantes s\u00e3o un\u00e2nimes em expressar a satisfa\u00e7\u00e3o com o volume de vendas e atendimentos, que obrigaram algumas lojas a efetuar a contrata\u00e7\u00e3o de m\u00e3o-de-obra suplementar a fim de atender a demanda gerada. Para os pr\u00f3ximos dias, em especial para este final de semana, h\u00e1 uma expectativa de quebra de recordes no n\u00famero de neg\u00f3cios devido \u00e0 coincid\u00eancia com o Dia dos Namorados, que dever\u00e1 contribuir ainda mais para o resultado satisfat\u00f3rio&#8221;, aponta o secret\u00e1rio.<\/p>\n<p>O p\u00fablico pode estacionar gratuitamente no Pa\u00e7o Municipal (Pra\u00e7a Samuel Sabatini, 50) e na Secretaria de Desenvolvimento Social e Cidadania (Avenida Reden\u00e7\u00e3o, 271, Centro) aos finais de semana.<\/p>\n<p><em>Fonte: Prefeitura de S\u00e3o Bernardo<\/em><\/p>\n\n<div style=\"font-size: 0px; height: 0px; line-height: 0px; margin: 0; padding: 0; clear: both;\"><\/div>","protected":false},"excerpt":{"rendered":"<p>Em apenas quatro dias de evento, os lojistas participantes da 1\u00aa edi\u00e7\u00e3o da\u00a0Feira de M\u00f3veis da Rua Jurubatuba, em S\u00e3o Bernardo do Campo, registraram crescimento em torno de 70% no faturamento. Com promo\u00e7\u00f5es de at\u00e9 50% de desconto, o evento, iniciado no dia 4 de junho, atraiu recorde de p\u00fablico no s\u00e1bado e domingo durante todo o dia. A feira termina neste domingo (12\/6). Organizada pela Prefeitura de S\u00e3o Bernardo do Campo, por meio da Secretaria de Desenvolvimento Econ\u00f4mico, Trabalho e Turismo, em parceria com os lojistas, a feira re\u00fane 74 lojas de m\u00f3veis e artigos de decora\u00e7\u00e3o em dois <\/p>\n","protected":false},"author":1,"featured_media":0,"comment_status":"open","ping_status":"closed","sticky":false,"template":"","format":"standard","meta":{"footnotes":""},"categories":[6],"tags":[14],"class_list":["post-286","post","type-post","status-publish","format-standard","hentry","category-noticias-em-sao-bernardo","tag-sao-bernardo"],"aioseo_notices":[],"_links":{"self":[{"href":"https:\/\/www.encontrasaobernardo.com.br\/sobre\/wp-json\/wp\/v2\/posts\/286","targetHints":{"allow":["GET"]}}],"collection":[{"href":"https:\/\/www.encontrasaobernardo.com.br\/sobre\/wp-json\/wp\/v2\/posts"}],"about":[{"href":"https:\/\/www.encontrasaobernardo.com.br\/sobre\/wp-json\/wp\/v2\/types\/post"}],"author":[{"embeddable":true,"href":"https:\/\/www.encontrasaobernardo.com.br\/sobre\/wp-json\/wp\/v2\/users\/1"}],"replies":[{"embeddable":true,"href":"https:\/\/www.encontrasaobernardo.com.br\/sobre\/wp-json\/wp\/v2\/comments?post=286"}],"version-history":[{"count":0,"href":"https:\/\/www.encontrasaobernardo.com.br\/sobre\/wp-json\/wp\/v2\/posts\/286\/revisions"}],"wp:attachment":[{"href":"https:\/\/www.encontrasaobernardo.com.br\/sobre\/wp-json\/wp\/v2\/media?parent=286"}],"wp:term":[{"taxonomy":"category","embeddable":true,"href":"https:\/\/www.encontrasaobernardo.com.br\/sobre\/wp-json\/wp\/v2\/categories?post=286"},{"taxonomy":"post_tag","embeddable":true,"href":"https:\/\/www.encontrasaobernardo.com.br\/sobre\/wp-json\/wp\/v2\/tags?post=286"}],"curies":[{"name":"wp","href":"https:\/\/api.w.org\/{rel}","templated":true}]}}