{"id":277,"date":"2011-06-02T16:21:53","date_gmt":"2011-06-02T19:21:53","guid":{"rendered":"http:\/\/www.encontrasaobernardo.com.br\/noticias\/?p=277"},"modified":"2019-04-12T16:45:17","modified_gmt":"2019-04-12T19:45:17","slug":"sao-bernardo-tera-a-primeira-feira-de-moveis-a-ceu-aberto","status":"publish","type":"post","link":"https:\/\/www.encontrasaobernardo.com.br\/sobre\/sao-bernardo-tera-a-primeira-feira-de-moveis-a-ceu-aberto\/","title":{"rendered":"S\u00e3o Bernardo ter\u00e1 a primeira feira de m\u00f3veis a c\u00e9u aberto"},"content":{"rendered":"<div class=\"b7a9cc72b38518383f4213f1240ff05a\" data-index=\"1\" style=\"float: none; margin:0px;\">\n<!-- Anuncio display - global -->\r\n<ins class=\"adsbygoogle\"\r\n     style=\"display:block\"\r\n     data-ad-client=\"ca-pub-8585364105181520\"\r\n     data-ad-slot=\"8789329856\"\r\n     data-ad-format=\"auto\"\r\n     data-full-width-responsive=\"true\"><\/ins>\r\n<script>\r\n     (adsbygoogle = window.adsbygoogle || []).push({});\r\n<\/script>\n<\/div>\n<p>A Prefeitura da cidade de S\u00e3o Bernardo do Campo realizar\u00e1 a primeira edi\u00e7\u00e3o da\u00a0<em>Feira de M\u00f3veis na Rua Jurubatuba<\/em>, na \u00e1rea central da cidade. A iniciativa da Prefeitura visa alavancar as vendas do setor e ser\u00e1 realizada de 4 a 12 de junho, das 9h \u00e0s 22h.<\/p>\n<p>Ao todo, mais de 70 lojas de m\u00f3veis e artigos de decora\u00e7\u00e3o instalados em dois quarteir\u00f5es desta via ir\u00e3o marcar presen\u00e7a. O investimento \u00e9 da ordem de R$ 400 mil e s\u00e3o estimados em torno de 40 mil visitantes.<\/p>\n<p>O ABC concentra cerca de 350 fabricantes registrados e uma m\u00e9dia de 700 prestadores de servi\u00e7o.<\/p>\n<p><em>Fonte: Prefeitura de S\u00e3o Bernardo<\/em><\/p>\n\n<div style=\"font-size: 0px; height: 0px; line-height: 0px; margin: 0; padding: 0; clear: both;\"><\/div>","protected":false},"excerpt":{"rendered":"<p>A Prefeitura da cidade de S\u00e3o Bernardo do Campo realizar\u00e1 a primeira edi\u00e7\u00e3o da\u00a0Feira de M\u00f3veis na Rua Jurubatuba, na \u00e1rea central da cidade. A iniciativa da Prefeitura visa alavancar as vendas do setor e ser\u00e1 realizada de 4 a 12 de junho, das 9h \u00e0s 22h. Ao todo, mais de 70 lojas de m\u00f3veis e artigos de decora\u00e7\u00e3o instalados em dois quarteir\u00f5es desta via ir\u00e3o marcar presen\u00e7a. O investimento \u00e9 da ordem de R$ 400 mil e s\u00e3o estimados em torno de 40 mil visitantes. O ABC concentra cerca de 350 fabricantes registrados e uma m\u00e9dia de 700 prestadores <\/p>\n","protected":false},"author":1,"featured_media":0,"comment_status":"open","ping_status":"closed","sticky":false,"template":"","format":"standard","meta":{"footnotes":""},"categories":[6],"tags":[14],"class_list":["post-277","post","type-post","status-publish","format-standard","hentry","category-noticias-em-sao-bernardo","tag-sao-bernardo"],"aioseo_notices":[],"_links":{"self":[{"href":"https:\/\/www.encontrasaobernardo.com.br\/sobre\/wp-json\/wp\/v2\/posts\/277","targetHints":{"allow":["GET"]}}],"collection":[{"href":"https:\/\/www.encontrasaobernardo.com.br\/sobre\/wp-json\/wp\/v2\/posts"}],"about":[{"href":"https:\/\/www.encontrasaobernardo.com.br\/sobre\/wp-json\/wp\/v2\/types\/post"}],"author":[{"embeddable":true,"href":"https:\/\/www.encontrasaobernardo.com.br\/sobre\/wp-json\/wp\/v2\/users\/1"}],"replies":[{"embeddable":true,"href":"https:\/\/www.encontrasaobernardo.com.br\/sobre\/wp-json\/wp\/v2\/comments?post=277"}],"version-history":[{"count":0,"href":"https:\/\/www.encontrasaobernardo.com.br\/sobre\/wp-json\/wp\/v2\/posts\/277\/revisions"}],"wp:attachment":[{"href":"https:\/\/www.encontrasaobernardo.com.br\/sobre\/wp-json\/wp\/v2\/media?parent=277"}],"wp:term":[{"taxonomy":"category","embeddable":true,"href":"https:\/\/www.encontrasaobernardo.com.br\/sobre\/wp-json\/wp\/v2\/categories?post=277"},{"taxonomy":"post_tag","embeddable":true,"href":"https:\/\/www.encontrasaobernardo.com.br\/sobre\/wp-json\/wp\/v2\/tags?post=277"}],"curies":[{"name":"wp","href":"https:\/\/api.w.org\/{rel}","templated":true}]}}