{"id":269,"date":"2011-05-26T16:59:43","date_gmt":"2011-05-26T19:59:43","guid":{"rendered":"http:\/\/www.encontrasaobernardo.com.br\/noticias\/?p=269"},"modified":"2019-04-12T16:45:17","modified_gmt":"2019-04-12T19:45:17","slug":"dassault-apresenta-projeto-cidade-digital-para-sao-bernardo","status":"publish","type":"post","link":"https:\/\/www.encontrasaobernardo.com.br\/sobre\/dassault-apresenta-projeto-cidade-digital-para-sao-bernardo\/","title":{"rendered":"Dassault apresenta projeto Cidade Digital para S\u00e3o Bernardo"},"content":{"rendered":"<div class=\"b7a9cc72b38518383f4213f1240ff05a\" data-index=\"1\" style=\"float: none; margin:0px;\">\n<!-- Anuncio display - global -->\r\n<ins class=\"adsbygoogle\"\r\n     style=\"display:block\"\r\n     data-ad-client=\"ca-pub-8585364105181520\"\r\n     data-ad-slot=\"8789329856\"\r\n     data-ad-format=\"auto\"\r\n     data-full-width-responsive=\"true\"><\/ins>\r\n<script>\r\n     (adsbygoogle = window.adsbygoogle || []).push({});\r\n<\/script>\n<\/div>\n<p>A empresa francesa Dassault, que participa da licita\u00e7\u00e3o FX-2 do governo federal na compra de 36 ca\u00e7as supers\u00f4nicos para renovar a frota da FAB (For\u00e7a A\u00e9rea Brasileira), apresentou nesta quarta-feira (25\/05)\u00a0 para servidores municipais e universidades locais o projeto Cidade Digital\u00a0para desenvolver aplicativos tecnol\u00f3gicos nos servi\u00e7os p\u00fablicos,\u00a0educa\u00e7\u00e3o infantil e tamb\u00e9m no planejamento urbano. A implanta\u00e7\u00e3o do programa na cidade s\u00f3 ocorrer\u00e1 se os franceses vencerem a disputa que tem como objetivo reequipar a o setor de defesa aeron\u00e1utico nacional.<\/p>\n<p>O an\u00fancio ocorreu durante o semin\u00e1rio \u201cAs Oportunidades do Cons\u00f3rcio Rafale para a cidade S\u00e3o Bernardo, Regi\u00e3o do ABC e Brasil\u201d realizado na Pinacoteca municipal, localizada no bairro Jardim do Mar.<\/p>\n<p>De acordo com o representante do cons\u00f3rcio franc\u00eas no Brasil, Jean-Marc Merialdo, o projeto proposto visa desenvolver tecnologicamente S\u00e3o Bernardo em diversos setores. \u201c\u00c9 uma forma de poder encontrar solu\u00e7\u00f5es tanto para o planejamento urbano municipal como tamb\u00e9m para o tr\u00e2nsito local e regional. Acredito que esse programa pode vir a ser aplicado na \u00e1rea de educa\u00e7\u00e3o e de habita\u00e7\u00e3o\u201d, disse.<\/p>\n<p>J\u00e1 o secret\u00e1rio Rela\u00e7\u00f5es Internacionais de S\u00e3o Bernardo, Evandro de Lima (PT do B), ponderou que o \u201cCidade Digital\u201d certamente pode contribuir para evitar o crescimento desordenado que ocorre muitas vezes nas cidades. \u201cSer\u00e1 uma forma de digitalizar toda a planta da cidade. Caso ele venha a ser implantado em S\u00e3o Bernardo acredito que nossa cidade poder\u00e1 ser ainda melhor planejada. De fato \u00e9 um jeito de prevenir os problemas que possam acontecer no futuro\u201d, finalizou.<\/p>\n<p>O grupo franc\u00eas segue a parceria com S\u00e3o Bernardo e nos pr\u00f3ximos meses devem ocorrer novas reuni\u00f5es com integrantes da secretaria de Desenvolvimento Econ\u00f4mico, Trabalho e Turismo.<\/p>\n<p>A Dassault planeja para o pr\u00f3ximo semestre realizar outros semin\u00e1rios pelo pa\u00eds. Porto Alegre e Rio de Janeiro est\u00e3o entre as mais cotadas para receber o evento. Circula &#8211; se nos bastidores que S\u00e3o Paulo tamb\u00e9m pode vir a receber o semin\u00e1rio ao longo do segundo semestre.<\/p>\n<p><em>Fonte: ABCD Maior<\/em><\/p>\n\n<div style=\"font-size: 0px; height: 0px; line-height: 0px; margin: 0; padding: 0; clear: both;\"><\/div>","protected":false},"excerpt":{"rendered":"<p>A empresa francesa Dassault, que participa da licita\u00e7\u00e3o FX-2 do governo federal na compra de 36 ca\u00e7as supers\u00f4nicos para renovar a frota da FAB (For\u00e7a A\u00e9rea Brasileira), apresentou nesta quarta-feira (25\/05)\u00a0 para servidores municipais e universidades locais o projeto Cidade Digital\u00a0para desenvolver aplicativos tecnol\u00f3gicos nos servi\u00e7os p\u00fablicos,\u00a0educa\u00e7\u00e3o infantil e tamb\u00e9m no planejamento urbano. A implanta\u00e7\u00e3o do programa na cidade s\u00f3 ocorrer\u00e1 se os franceses vencerem a disputa que tem como objetivo reequipar a o setor de defesa aeron\u00e1utico nacional. O an\u00fancio ocorreu durante o semin\u00e1rio \u201cAs Oportunidades do Cons\u00f3rcio Rafale para a cidade S\u00e3o Bernardo, Regi\u00e3o do ABC e Brasil\u201d <\/p>\n","protected":false},"author":1,"featured_media":0,"comment_status":"open","ping_status":"closed","sticky":false,"template":"","format":"standard","meta":{"footnotes":""},"categories":[6],"tags":[14],"class_list":["post-269","post","type-post","status-publish","format-standard","hentry","category-noticias-em-sao-bernardo","tag-sao-bernardo"],"aioseo_notices":[],"_links":{"self":[{"href":"https:\/\/www.encontrasaobernardo.com.br\/sobre\/wp-json\/wp\/v2\/posts\/269","targetHints":{"allow":["GET"]}}],"collection":[{"href":"https:\/\/www.encontrasaobernardo.com.br\/sobre\/wp-json\/wp\/v2\/posts"}],"about":[{"href":"https:\/\/www.encontrasaobernardo.com.br\/sobre\/wp-json\/wp\/v2\/types\/post"}],"author":[{"embeddable":true,"href":"https:\/\/www.encontrasaobernardo.com.br\/sobre\/wp-json\/wp\/v2\/users\/1"}],"replies":[{"embeddable":true,"href":"https:\/\/www.encontrasaobernardo.com.br\/sobre\/wp-json\/wp\/v2\/comments?post=269"}],"version-history":[{"count":0,"href":"https:\/\/www.encontrasaobernardo.com.br\/sobre\/wp-json\/wp\/v2\/posts\/269\/revisions"}],"wp:attachment":[{"href":"https:\/\/www.encontrasaobernardo.com.br\/sobre\/wp-json\/wp\/v2\/media?parent=269"}],"wp:term":[{"taxonomy":"category","embeddable":true,"href":"https:\/\/www.encontrasaobernardo.com.br\/sobre\/wp-json\/wp\/v2\/categories?post=269"},{"taxonomy":"post_tag","embeddable":true,"href":"https:\/\/www.encontrasaobernardo.com.br\/sobre\/wp-json\/wp\/v2\/tags?post=269"}],"curies":[{"name":"wp","href":"https:\/\/api.w.org\/{rel}","templated":true}]}}