{"id":2664,"date":"2018-03-16T11:44:24","date_gmt":"2018-03-16T14:44:24","guid":{"rendered":"http:\/\/www.encontrasaobernardo.com.br\/sobre\/?p=2664"},"modified":"2019-04-12T16:40:11","modified_gmt":"2019-04-12T19:40:11","slug":"cidade-da-crianca-sao-bernardo","status":"publish","type":"post","link":"https:\/\/www.encontrasaobernardo.com.br\/sobre\/cidade-da-crianca-sao-bernardo\/","title":{"rendered":"Cidade da Crian\u00e7a S\u00e3o Bernardo"},"content":{"rendered":"<div class=\"b7a9cc72b38518383f4213f1240ff05a\" data-index=\"1\" style=\"float: none; margin:0px;\">\n<!-- Anuncio display - global -->\r\n<ins class=\"adsbygoogle\"\r\n     style=\"display:block\"\r\n     data-ad-client=\"ca-pub-8585364105181520\"\r\n     data-ad-slot=\"8789329856\"\r\n     data-ad-format=\"auto\"\r\n     data-full-width-responsive=\"true\"><\/ins>\r\n<script>\r\n     (adsbygoogle = window.adsbygoogle || []).push({});\r\n<\/script>\n<\/div>\n<p>A\u00a0<b>Cidade da Crian\u00e7a<\/b>\u00a0\u00e9 o\u00a0parque de divers\u00f5es\u00a0brasileiro\u00a0localizado no centro da cidade de\u00a0S\u00e3o Bernardo do Campo, na\u00a0regi\u00e3o metropolitana\u00a0de\u00a0S\u00e3o Paulo, atr\u00e1s dos antigos est\u00fadios da\u00a0Companhia Cinematogr\u00e1fica Vera Cruz. Foi o primeiro parque tem\u00e1tico do Brasil, tendo sido um empreendimento bastante ousado para a \u00e9poca e que atraiu muitos turistas para o munic\u00edpio. Foi criada em\u00a010 de outubro\u00a0de\u00a01968.<\/p>\n<p><img loading=\"lazy\" decoding=\"async\" class=\"alignnone wp-image-2665 size-full\" title=\"Cidade da Crian\u00e7a S\u00e3o Bernardo\" src=\"http:\/\/www.encontrasaobernardo.com.br\/sobre\/wp-content\/uploads\/2018\/03\/cidade-da-crian\u00e7a-sao-bernardo.gif\" alt=\"Cidade da Crian\u00e7a S\u00e3o Bernardo\" width=\"680\" height=\"189\" \/><\/p>\n<p>Era dividida em tr\u00eas \u00e1reas tem\u00e1ticas sendo uma delas totalmente voltada para a\u00a0Amaz\u00f4nia, contendo uma r\u00e9plica do\u00a0Teatro Amazonas, da\u00a0Ferrovia Madeira-Mamor\u00e9\u00a0e diversas outras figuras caracter\u00edsticas da regi\u00e3o. Entre suas atra\u00e7\u00f5es mais famosas estavam uma r\u00e9plica de\u00a0submarino, um\u00a0avi\u00e3o, o Minhoc\u00e3o (montanha russa), a Casa Maluca, entre outras.<\/p>\n<h2>Cidade da Crian\u00e7a\u00a0S\u00e3o Bernardo\u00a0Ingressos<\/h2>\n<p>Voc\u00ea pode adquirir os <em>ingressos<\/em> na bilheteria da Cidade da Crian\u00e7a ou pela internet e aproveitar as promo\u00e7\u00f5es, acesse o site e confira.<\/p>\n<h3><\/h3>\n<h3><\/h3>\n<h3>Hor\u00e1rio de Funcionamento Cidade da Crian\u00e7a\u00a0em S\u00e3o Bernardo<\/h3>\n<ul>\n<li>Quinta\u00a0a Domingo das 09h \u00e0s 17h<\/li>\n<\/ul>\n<h3>Endere\u00e7o e Telefone Cidade da Crian\u00e7a em S\u00e3o Bernardo<\/h3>\n<ul>\n<li>R. Tasman, 301 &#8211; Jardim do Mar &#8211; S\u00e3o Bernardo do Campo &#8211; SP<\/li>\n<li>Telefone: (11)\u00a04330-6998<\/li>\n<\/ul>\n<h3>Outras informa\u00e7\u00f5es e site<\/h3>\n<ul>\n<li>Mais informa\u00e7\u00f5es:\u00a0<a href=\"http:\/\/www.cidadedacriancasbc.com.br\/\" target=\"_blank\" rel=\"noopener noreferrer\">www.cidadedacriancasbc.com.br<\/a><\/li>\n<\/ul>\n<h4>Mapa de localiza\u00e7\u00e3o<\/h4>\n<a class=\"wp-colorbox-iframe\" href=\"https:\/\/www.google.com\/maps\/embed?pb=!1m14!1m8!1m3!1d14614.671876167891!2d-46.5573292!3d-23.6878291!3m2!1i1024!2i768!4f13.1!3m3!1m2!1s0x00x40e3a8de88ecf21d!2sCidade+da+Criana!5e0!3m2!1spt-BR!2sbr!4v1521211172682\"><img decoding=\"async\" src=\"http:\/\/www.encontrasaobernardo.com.br\/imgs\/maps-post.png\"><\/a>\n\n<div style=\"font-size: 0px; height: 0px; line-height: 0px; margin: 0; padding: 0; clear: both;\"><\/div>","protected":false},"excerpt":{"rendered":"<p>A\u00a0Cidade da Crian\u00e7a\u00a0\u00e9 o\u00a0parque de divers\u00f5es\u00a0brasileiro\u00a0localizado no centro da cidade de\u00a0S\u00e3o Bernardo do Campo, na\u00a0regi\u00e3o metropolitana\u00a0de\u00a0S\u00e3o Paulo, atr\u00e1s dos antigos est\u00fadios da\u00a0Companhia Cinematogr\u00e1fica Vera Cruz. Foi o primeiro parque tem\u00e1tico do Brasil, tendo sido um empreendimento bastante ousado para a \u00e9poca e que atraiu muitos turistas para o munic\u00edpio. Foi criada em\u00a010 de outubro\u00a0de\u00a01968. Era dividida em tr\u00eas \u00e1reas tem\u00e1ticas sendo uma delas totalmente voltada para a\u00a0Amaz\u00f4nia, contendo uma r\u00e9plica do\u00a0Teatro Amazonas, da\u00a0Ferrovia Madeira-Mamor\u00e9\u00a0e diversas outras figuras caracter\u00edsticas da regi\u00e3o. Entre suas atra\u00e7\u00f5es mais famosas estavam uma r\u00e9plica de\u00a0submarino, um\u00a0avi\u00e3o, o Minhoc\u00e3o (montanha russa), a Casa Maluca, entre outras. Cidade <\/p>\n","protected":false},"author":1,"featured_media":2665,"comment_status":"open","ping_status":"closed","sticky":false,"template":"","format":"standard","meta":{"footnotes":""},"categories":[36],"tags":[],"class_list":["post-2664","post","type-post","status-publish","format-standard","has-post-thumbnail","hentry","category-lugares-em-sao-bernardo","has_thumb"],"aioseo_notices":[],"_links":{"self":[{"href":"https:\/\/www.encontrasaobernardo.com.br\/sobre\/wp-json\/wp\/v2\/posts\/2664","targetHints":{"allow":["GET"]}}],"collection":[{"href":"https:\/\/www.encontrasaobernardo.com.br\/sobre\/wp-json\/wp\/v2\/posts"}],"about":[{"href":"https:\/\/www.encontrasaobernardo.com.br\/sobre\/wp-json\/wp\/v2\/types\/post"}],"author":[{"embeddable":true,"href":"https:\/\/www.encontrasaobernardo.com.br\/sobre\/wp-json\/wp\/v2\/users\/1"}],"replies":[{"embeddable":true,"href":"https:\/\/www.encontrasaobernardo.com.br\/sobre\/wp-json\/wp\/v2\/comments?post=2664"}],"version-history":[{"count":0,"href":"https:\/\/www.encontrasaobernardo.com.br\/sobre\/wp-json\/wp\/v2\/posts\/2664\/revisions"}],"wp:featuredmedia":[{"embeddable":true,"href":"https:\/\/www.encontrasaobernardo.com.br\/sobre\/wp-json\/wp\/v2\/media\/2665"}],"wp:attachment":[{"href":"https:\/\/www.encontrasaobernardo.com.br\/sobre\/wp-json\/wp\/v2\/media?parent=2664"}],"wp:term":[{"taxonomy":"category","embeddable":true,"href":"https:\/\/www.encontrasaobernardo.com.br\/sobre\/wp-json\/wp\/v2\/categories?post=2664"},{"taxonomy":"post_tag","embeddable":true,"href":"https:\/\/www.encontrasaobernardo.com.br\/sobre\/wp-json\/wp\/v2\/tags?post=2664"}],"curies":[{"name":"wp","href":"https:\/\/api.w.org\/{rel}","templated":true}]}}