{"id":2545,"date":"2013-11-27T00:39:40","date_gmt":"2013-11-27T03:39:40","guid":{"rendered":"http:\/\/www.encontrasaobernardo.com.br\/noticias\/?p=2545"},"modified":"2019-04-12T16:40:12","modified_gmt":"2019-04-12T19:40:12","slug":"fundacao-crianca-de-sao-bernardo-comemora-aniversario-de-15-anos-com-programacao-especial","status":"publish","type":"post","link":"https:\/\/www.encontrasaobernardo.com.br\/sobre\/fundacao-crianca-de-sao-bernardo-comemora-aniversario-de-15-anos-com-programacao-especial\/","title":{"rendered":"Funda\u00e7\u00e3o Crian\u00e7a de S\u00e3o Bernardo comemora anivers\u00e1rio de 15 anos com programa\u00e7\u00e3o especial"},"content":{"rendered":"<div class=\"b7a9cc72b38518383f4213f1240ff05a\" data-index=\"1\" style=\"float: none; margin:0px;\">\n<!-- Anuncio display - global -->\r\n<ins class=\"adsbygoogle\"\r\n     style=\"display:block\"\r\n     data-ad-client=\"ca-pub-8585364105181520\"\r\n     data-ad-slot=\"8789329856\"\r\n     data-ad-format=\"auto\"\r\n     data-full-width-responsive=\"true\"><\/ins>\r\n<script>\r\n     (adsbygoogle = window.adsbygoogle || []).push({});\r\n<\/script>\n<\/div>\n<p>A Funda\u00e7\u00e3o Crian\u00e7a de S\u00e3o Bernardo do Campo comemora 15 anos de exist\u00eancia. Para festejar a data, as crian\u00e7as e jovens atendidos pela entidade apresentam, at\u00e9 7 de dezembro, pe\u00e7as teatrais, ballet, circo, capoeira, exposi\u00e7\u00f5es fotogr\u00e1ficas e art\u00edsticas, dan\u00e7a e muita m\u00fasica.<\/p>\n<p>Os festejos tiveram in\u00edcio no s\u00e1bado (23), quando os jovens do Centro de Atendimento da Crian\u00e7a e Juventude (CACJ) Silvina apresentaram o Criativarte.<\/p>\n<p>Segundo o presidente da Funda\u00e7\u00e3o Crian\u00e7a de S\u00e3o Bernardo do Campo, Maur\u00edcio Soares, a entidade tem como miss\u00e3o promover defender e garantir os direitos sociais e humanos das crian\u00e7as e adolescentes do munic\u00edpio.<\/p>\n<p>Durante todos os dias, at\u00e9 o dia 07 de dezembro, todas as pessoas que visitarem o local participar\u00e3o das atividades.<\/p>\n<p><strong>Conhe\u00e7a a Funda\u00e7\u00e3o<\/strong><\/p>\n<p>A Funda\u00e7\u00e3o Crian\u00e7a de S\u00e3o Bernardo do Campo tem como objetivo a implanta\u00e7\u00e3o e execu\u00e7\u00e3o de programas, projetos e servi\u00e7os de prote\u00e7\u00e3o especial, socioeducativos, de prote\u00e7\u00e3o b\u00e1sica e de desenvolvimento integral a crian\u00e7as e adolescentes.<\/p>\n<p>Alguns dos servi\u00e7os que a entidade presta s\u00e3o: Tempo de Escola, Lanchonete Escola, Protejo, Programa de Educa\u00e7\u00e3o para o Trabalho e Contando Hist\u00f3ria.<\/p>\n<p><strong>Deivid da Silva dos Santos, exemplo de supera\u00e7\u00e3o<\/strong><\/p>\n<p>Deivid da Silva dos Santos, 18 anos, frequentou a sede da Funda\u00e7\u00e3o Crian\u00e7a no Parque S\u00e3o Bernardo de 2010 a 2012, depois de ser expulso de casa. Como ele gosta de lembras, sua vida mudou para melhor com o atendimento que recebeu no local.<\/p>\n<p>&#8220;Eu fiz cursos e aprendi muita coisa na Funda\u00e7\u00e3o Crian\u00e7a. Mas, o maior aprendizado foi o de lutar sempre para que eu possa construir um futuro melhor&#8221;, afirmou.<\/p>\n<p>Hoje, Santos \u00e9 professor de t\u00e9cnicas circense em dois col\u00e9gios particulares do munic\u00edpio e mora de aluguel na divisa de S\u00e3o Bernardo com Santo Andr\u00e9.<\/p>\n\n<div style=\"font-size: 0px; height: 0px; line-height: 0px; margin: 0; padding: 0; clear: both;\"><\/div>","protected":false},"excerpt":{"rendered":"<p>A Funda\u00e7\u00e3o Crian\u00e7a de S\u00e3o Bernardo do Campo comemora 15 anos de exist\u00eancia. Para festejar a data, as crian\u00e7as e jovens atendidos pela entidade apresentam, at\u00e9 7 de dezembro, pe\u00e7as teatrais, ballet, circo, capoeira, exposi\u00e7\u00f5es fotogr\u00e1ficas e art\u00edsticas, dan\u00e7a e muita m\u00fasica. Os festejos tiveram in\u00edcio no s\u00e1bado (23), quando os jovens do Centro de Atendimento da Crian\u00e7a e Juventude (CACJ) Silvina apresentaram o Criativarte. Segundo o presidente da Funda\u00e7\u00e3o Crian\u00e7a de S\u00e3o Bernardo do Campo, Maur\u00edcio Soares, a entidade tem como miss\u00e3o promover defender e garantir os direitos sociais e humanos das crian\u00e7as e adolescentes do munic\u00edpio. Durante todos <\/p>\n","protected":false},"author":1,"featured_media":0,"comment_status":"open","ping_status":"closed","sticky":false,"template":"","format":"standard","meta":{"footnotes":""},"categories":[6],"tags":[],"class_list":["post-2545","post","type-post","status-publish","format-standard","hentry","category-noticias-em-sao-bernardo"],"aioseo_notices":[],"_links":{"self":[{"href":"https:\/\/www.encontrasaobernardo.com.br\/sobre\/wp-json\/wp\/v2\/posts\/2545","targetHints":{"allow":["GET"]}}],"collection":[{"href":"https:\/\/www.encontrasaobernardo.com.br\/sobre\/wp-json\/wp\/v2\/posts"}],"about":[{"href":"https:\/\/www.encontrasaobernardo.com.br\/sobre\/wp-json\/wp\/v2\/types\/post"}],"author":[{"embeddable":true,"href":"https:\/\/www.encontrasaobernardo.com.br\/sobre\/wp-json\/wp\/v2\/users\/1"}],"replies":[{"embeddable":true,"href":"https:\/\/www.encontrasaobernardo.com.br\/sobre\/wp-json\/wp\/v2\/comments?post=2545"}],"version-history":[{"count":0,"href":"https:\/\/www.encontrasaobernardo.com.br\/sobre\/wp-json\/wp\/v2\/posts\/2545\/revisions"}],"wp:attachment":[{"href":"https:\/\/www.encontrasaobernardo.com.br\/sobre\/wp-json\/wp\/v2\/media?parent=2545"}],"wp:term":[{"taxonomy":"category","embeddable":true,"href":"https:\/\/www.encontrasaobernardo.com.br\/sobre\/wp-json\/wp\/v2\/categories?post=2545"},{"taxonomy":"post_tag","embeddable":true,"href":"https:\/\/www.encontrasaobernardo.com.br\/sobre\/wp-json\/wp\/v2\/tags?post=2545"}],"curies":[{"name":"wp","href":"https:\/\/api.w.org\/{rel}","templated":true}]}}