{"id":245,"date":"2011-05-17T16:51:14","date_gmt":"2011-05-17T19:51:14","guid":{"rendered":"http:\/\/www.encontrasaobernardo.com.br\/noticias\/?p=245"},"modified":"2019-04-12T16:45:18","modified_gmt":"2019-04-12T19:45:18","slug":"nova-etapa-da-inspecao-veicular-em-sao-bernardo-vai-ate-20-de-maio","status":"publish","type":"post","link":"https:\/\/www.encontrasaobernardo.com.br\/sobre\/nova-etapa-da-inspecao-veicular-em-sao-bernardo-vai-ate-20-de-maio\/","title":{"rendered":"Nova etapa da inspe\u00e7\u00e3o veicular em S\u00e3o Bernardo vai at\u00e9 20 de maio"},"content":{"rendered":"<div class=\"b7a9cc72b38518383f4213f1240ff05a\" data-index=\"1\" style=\"float: none; margin:0px;\">\n<!-- Anuncio display - global -->\r\n<ins class=\"adsbygoogle\"\r\n     style=\"display:block\"\r\n     data-ad-client=\"ca-pub-8585364105181520\"\r\n     data-ad-slot=\"8789329856\"\r\n     data-ad-format=\"auto\"\r\n     data-full-width-responsive=\"true\"><\/ins>\r\n<script>\r\n     (adsbygoogle = window.adsbygoogle || []).push({});\r\n<\/script>\n<\/div>\n<p>O programa de inspe\u00e7\u00e3o em autom\u00f3veis particulares movidos a diesel de Guia S\u00e3o Bernardo do Campo ser\u00e1 realizado de 16 a 20 de maio na Avenida do Tabo\u00e3o, n\u00ba 555, no Bairro Tabo\u00e3o (sentido Tabo\u00e3o-Rudge Ramos). A a\u00e7\u00e3o acontece durante uma semana a cada m\u00eas, em um ponto espec\u00edfico da cidade.<\/p>\n<p>O objetivo da a\u00e7\u00e3o, coordenada pela Secretaria de Gest\u00e3o Ambiental, \u00e9 mostrar a import\u00e2ncia da manuten\u00e7\u00e3o preventiva dos ve\u00edculos para reduzir a emiss\u00e3o de poluentes.<\/p>\n<p>A iniciativa n\u00e3o tem car\u00e1ter obrigat\u00f3rio, nem punitivo. Os propriet\u00e1rios de ve\u00edculos que forem reprovados na inspe\u00e7\u00e3o ser\u00e3o orientados a procurar um mec\u00e2nico de confian\u00e7a para a manuten\u00e7\u00e3o necess\u00e1ria e, depois, voltar e fazer o comparativo.<\/p>\n<p>Segundo o coordenador do programa, al\u00e9m de economizar combust\u00edvel, a manuten\u00e7\u00e3o preventiva minimiza a emiss\u00e3o de poluentes, oferece maior durabilidade aos ve\u00edculos e diminui os custos com a sa\u00fade p\u00fablica e doen\u00e7as provenientes de polui\u00e7\u00e3o atmosf\u00e9rica.<\/p>\n<p>O Orientar teve in\u00edcio em mar\u00e7o de 2010 e conta com o apoio da Secretaria de Transportes e Vias P\u00fablicas e Servi\u00e7os Urbanos, em parceria com a Petrobr\u00e1s.<\/p>\n<p><em>Cronograma de Inspe\u00e7\u00e3o Veicular gratuita:<\/em><\/p>\n<p><em>16 a 20\/5 \u2013<\/em>Bairro Tabo\u00e3o<\/p>\n<p>Av. do Tabo\u00e3o, altura do n\u00ba 555 (sentido Rudge Ramos)<\/p>\n<p><em>13 a 17\/6 &#8211;<\/em>Bairro Tabo\u00e3o<\/p>\n<p>Av. do Tabo\u00e3o, altura do n\u00ba 555 (sentido Tabo\u00e3o)<\/p>\n<p><em>18 a 22\/7 &#8211;<\/em>Bairro Demarchi<\/p>\n<p>Av. Miro Betorazzo, entre os n\u00bas 200 e 280<\/p>\n<p><em>15 a 19\/8 &#8211;<\/em>Bairro Alves Dias<\/p>\n<p>Av. Samuel Aizemberg, em frente ao n\u00ba 1.707 (posto de gasolina)<\/p>\n<p><em>19 a 23\/9 &#8211;<\/em>Bairro Planalto<\/p>\n<p>Av. Robert Kennedy, em frente ao n\u00ba 1.465 (sentido Piraporinha)<\/p>\n<p><em>17 a 21\/10 &#8211;<\/em>Bairro Jordan\u00f3polis<\/p>\n<p>Av. Piraporinha, em frente ao n\u00ba 777 (sentido Diadema)<\/p>\n<p><em>21 a 25\/11 &#8211;<\/em>Bairro Independ\u00eancia<\/p>\n<p>Av. Humberto de Alencar Castelo Branco, em frente ao n\u00ba 140 (sentido Diadema)<\/p>\n<p><em>12 a 16\/12 &#8211;<\/em>Bairro Independ\u00eancia<\/p>\n<p>Av. Robert Kennedy, em frente ao n\u00ba 740 (sentido Pra\u00e7a Giovanni Breda)<\/p>\n<p><em>Fonte: Prefeitura de S\u00e3o Bernardo<\/em><\/p>\n\n<div style=\"font-size: 0px; height: 0px; line-height: 0px; margin: 0; padding: 0; clear: both;\"><\/div>","protected":false},"excerpt":{"rendered":"<p>O programa de inspe\u00e7\u00e3o em autom\u00f3veis particulares movidos a diesel de Guia S\u00e3o Bernardo do Campo ser\u00e1 realizado de 16 a 20 de maio na Avenida do Tabo\u00e3o, n\u00ba 555, no Bairro Tabo\u00e3o (sentido Tabo\u00e3o-Rudge Ramos). A a\u00e7\u00e3o acontece durante uma semana a cada m\u00eas, em um ponto espec\u00edfico da cidade. O objetivo da a\u00e7\u00e3o, coordenada pela Secretaria de Gest\u00e3o Ambiental, \u00e9 mostrar a import\u00e2ncia da manuten\u00e7\u00e3o preventiva dos ve\u00edculos para reduzir a emiss\u00e3o de poluentes. A iniciativa n\u00e3o tem car\u00e1ter obrigat\u00f3rio, nem punitivo. Os propriet\u00e1rios de ve\u00edculos que forem reprovados na inspe\u00e7\u00e3o ser\u00e3o orientados a procurar um mec\u00e2nico de <\/p>\n","protected":false},"author":1,"featured_media":0,"comment_status":"open","ping_status":"closed","sticky":false,"template":"","format":"standard","meta":{"footnotes":""},"categories":[6],"tags":[14],"class_list":["post-245","post","type-post","status-publish","format-standard","hentry","category-noticias-em-sao-bernardo","tag-sao-bernardo"],"aioseo_notices":[],"_links":{"self":[{"href":"https:\/\/www.encontrasaobernardo.com.br\/sobre\/wp-json\/wp\/v2\/posts\/245","targetHints":{"allow":["GET"]}}],"collection":[{"href":"https:\/\/www.encontrasaobernardo.com.br\/sobre\/wp-json\/wp\/v2\/posts"}],"about":[{"href":"https:\/\/www.encontrasaobernardo.com.br\/sobre\/wp-json\/wp\/v2\/types\/post"}],"author":[{"embeddable":true,"href":"https:\/\/www.encontrasaobernardo.com.br\/sobre\/wp-json\/wp\/v2\/users\/1"}],"replies":[{"embeddable":true,"href":"https:\/\/www.encontrasaobernardo.com.br\/sobre\/wp-json\/wp\/v2\/comments?post=245"}],"version-history":[{"count":0,"href":"https:\/\/www.encontrasaobernardo.com.br\/sobre\/wp-json\/wp\/v2\/posts\/245\/revisions"}],"wp:attachment":[{"href":"https:\/\/www.encontrasaobernardo.com.br\/sobre\/wp-json\/wp\/v2\/media?parent=245"}],"wp:term":[{"taxonomy":"category","embeddable":true,"href":"https:\/\/www.encontrasaobernardo.com.br\/sobre\/wp-json\/wp\/v2\/categories?post=245"},{"taxonomy":"post_tag","embeddable":true,"href":"https:\/\/www.encontrasaobernardo.com.br\/sobre\/wp-json\/wp\/v2\/tags?post=245"}],"curies":[{"name":"wp","href":"https:\/\/api.w.org\/{rel}","templated":true}]}}