{"id":24,"date":"2010-12-02T19:36:24","date_gmt":"2010-12-02T21:36:24","guid":{"rendered":"http:\/\/www.encontrasaobernardo.com.br\/noticias\/?p=24"},"modified":"2019-04-12T16:45:53","modified_gmt":"2019-04-12T19:45:53","slug":"apartamento-do-presidente-lula-em-sao-bernardo-sofre-com-goteiras","status":"publish","type":"post","link":"https:\/\/www.encontrasaobernardo.com.br\/sobre\/apartamento-do-presidente-lula-em-sao-bernardo-sofre-com-goteiras\/","title":{"rendered":"Apartamento do presidente Lula em S\u00e3o Bernardo sofre com goteiras"},"content":{"rendered":"<div class=\"b7a9cc72b38518383f4213f1240ff05a\" data-index=\"1\" style=\"float: none; margin:0px;\">\n<!-- Anuncio display - global -->\r\n<ins class=\"adsbygoogle\"\r\n     style=\"display:block\"\r\n     data-ad-client=\"ca-pub-8585364105181520\"\r\n     data-ad-slot=\"8789329856\"\r\n     data-ad-format=\"auto\"\r\n     data-full-width-responsive=\"true\"><\/ins>\r\n<script>\r\n     (adsbygoogle = window.adsbygoogle || []).push({});\r\n<\/script>\n<\/div>\n<p>Em ritmo de despedida de Bras\u00edlia, o presidente Luiz In\u00e1cio Lula da Silva lida com problemas de mudan\u00e7a e at\u00e9 com goteiras em seu apartamento em S\u00e3o Bernardo do Campo (SP). Na solenidade de premia\u00e7\u00e3o de prefeituras que apresentaram gest\u00e3o eficiente da merenda escolar, Lula contou nesta segunda-feira que sua mulher, dona Marisa, n\u00e3o p\u00f4de participar devido \u00e0s agruras com a arruma\u00e7\u00e3o da cobertura, que est\u00e1 em reforma. Segundo Lula, o im\u00f3vel est\u00e1 cheio de goteiras, ou como ironizou: tem uma &#8220;met\u00e1stase&#8221; de goteira.<\/p>\n<p>&#8211; Quero dizer a voc\u00eas que a minha cara-metade n\u00e3o est\u00e1 aqui porque, como estou de regresso para S\u00e3o Bernardo do Campo, ela est\u00e1 cuidando de preparar as coisas pra gente voltar. Porque oito anos de abandono no apartamento em que morava, n\u00e3o \u00e9 brincadeira tentar colocar em ordem &#8211; disse.<\/p>\n<p>O presidente contou que, na arruma\u00e7\u00e3o do apartamento, ter\u00e1 que se livrar de muita coisa que se acumulou nos \u00faltimos anos.<\/p>\n<p>&#8211; Tem que tirar as tranqueiras que a gente foi colocando l\u00e1 durante oito anos. Ent\u00e3o, ela (Marisa) ficou l\u00e1 reformando o apartamento, que deu uma grande goteira. Uma met\u00e1stase de goteira. Que ela trate de consertar &#8211; afirmou o presidente, fazendo os convidados rirem.<\/p>\n<p>No discurso, o presidente afirmou que deixar\u00e1 o governo com o sentimento de dever cumprido e disse acreditar que, at\u00e9 2015, o governo de Dilma Rousseff cumprir\u00e1 as Metas do Mil\u00eanio, compromissos dos pa\u00edses-membros da ONU e que incluem erradica\u00e7\u00e3o da extrema pobreza e da fome, promo\u00e7\u00e3o da igualdade entre os sexos, redu\u00e7\u00e3o da mortalidade infantil e a\u00e7\u00f5es de defesa do meio ambiente.<\/p>\n<p>&#8211; Dilma \u00e9 a pessoa que tem afinidade e o compromisso de levar adiante uma pol\u00edtica que permita \u00e0 gente chegar em 2015 sendo o pa\u00eds que atingiu todas as Metas do Mil\u00eanio. N\u00e3o temos por que n\u00e3o atingir &#8211; disse Lula.<\/p>\n<p><em>Fonte: O Globo<\/em><\/p>\n\n<div style=\"font-size: 0px; height: 0px; line-height: 0px; margin: 0; padding: 0; clear: both;\"><\/div>","protected":false},"excerpt":{"rendered":"<p>Em ritmo de despedida de Bras\u00edlia, o presidente Luiz In\u00e1cio Lula da Silva lida com problemas de mudan\u00e7a e at\u00e9 com goteiras em seu apartamento em S\u00e3o Bernardo do Campo (SP). Na solenidade de premia\u00e7\u00e3o de prefeituras que apresentaram gest\u00e3o eficiente da merenda escolar, Lula contou nesta segunda-feira que sua mulher, dona Marisa, n\u00e3o p\u00f4de participar devido \u00e0s agruras com a arruma\u00e7\u00e3o da cobertura, que est\u00e1 em reforma. Segundo Lula, o im\u00f3vel est\u00e1 cheio de goteiras, ou como ironizou: tem uma &#8220;met\u00e1stase&#8221; de goteira. &#8211; Quero dizer a voc\u00eas que a minha cara-metade n\u00e3o est\u00e1 aqui porque, como estou de <\/p>\n","protected":false},"author":1,"featured_media":0,"comment_status":"open","ping_status":"closed","sticky":false,"template":"","format":"standard","meta":{"footnotes":""},"categories":[6],"tags":[14],"class_list":["post-24","post","type-post","status-publish","format-standard","hentry","category-noticias-em-sao-bernardo","tag-sao-bernardo"],"aioseo_notices":[],"_links":{"self":[{"href":"https:\/\/www.encontrasaobernardo.com.br\/sobre\/wp-json\/wp\/v2\/posts\/24","targetHints":{"allow":["GET"]}}],"collection":[{"href":"https:\/\/www.encontrasaobernardo.com.br\/sobre\/wp-json\/wp\/v2\/posts"}],"about":[{"href":"https:\/\/www.encontrasaobernardo.com.br\/sobre\/wp-json\/wp\/v2\/types\/post"}],"author":[{"embeddable":true,"href":"https:\/\/www.encontrasaobernardo.com.br\/sobre\/wp-json\/wp\/v2\/users\/1"}],"replies":[{"embeddable":true,"href":"https:\/\/www.encontrasaobernardo.com.br\/sobre\/wp-json\/wp\/v2\/comments?post=24"}],"version-history":[{"count":0,"href":"https:\/\/www.encontrasaobernardo.com.br\/sobre\/wp-json\/wp\/v2\/posts\/24\/revisions"}],"wp:attachment":[{"href":"https:\/\/www.encontrasaobernardo.com.br\/sobre\/wp-json\/wp\/v2\/media?parent=24"}],"wp:term":[{"taxonomy":"category","embeddable":true,"href":"https:\/\/www.encontrasaobernardo.com.br\/sobre\/wp-json\/wp\/v2\/categories?post=24"},{"taxonomy":"post_tag","embeddable":true,"href":"https:\/\/www.encontrasaobernardo.com.br\/sobre\/wp-json\/wp\/v2\/tags?post=24"}],"curies":[{"name":"wp","href":"https:\/\/api.w.org\/{rel}","templated":true}]}}