{"id":239,"date":"2011-05-12T14:32:23","date_gmt":"2011-05-12T17:32:23","guid":{"rendered":"http:\/\/www.encontrasaobernardo.com.br\/noticias\/?p=239"},"modified":"2019-04-12T16:45:18","modified_gmt":"2019-04-12T19:45:18","slug":"alianca-entre-governo-e-psb-se-consolida-em-sao-bernardo","status":"publish","type":"post","link":"https:\/\/www.encontrasaobernardo.com.br\/sobre\/alianca-entre-governo-e-psb-se-consolida-em-sao-bernardo\/","title":{"rendered":"Alian\u00e7a entre governo e PSB se consolida em S\u00e3o Bernardo"},"content":{"rendered":"<div class=\"b7a9cc72b38518383f4213f1240ff05a\" data-index=\"1\" style=\"float: none; margin:0px;\">\n<!-- Anuncio display - global -->\r\n<ins class=\"adsbygoogle\"\r\n     style=\"display:block\"\r\n     data-ad-client=\"ca-pub-8585364105181520\"\r\n     data-ad-slot=\"8789329856\"\r\n     data-ad-format=\"auto\"\r\n     data-full-width-responsive=\"true\"><\/ins>\r\n<script>\r\n     (adsbygoogle = window.adsbygoogle || []).push({});\r\n<\/script>\n<\/div>\n<p>A sess\u00e3o da C\u00e2mara da cidade de S\u00e3o Bernardo desta quarta-feira (11\/05) reafirmou a alian\u00e7a entre o governo do prefeito Luiz Marinho (PT) e os tr\u00eas vereadores do PSB, Ary de Oliveira, Antonio Cabrera e Sergio Demarchi.<\/p>\n<p>A base governista conseguiu duas vit\u00f3rias na sess\u00e3o desta semana: participa\u00e7\u00f5es das comiss\u00f5es e a perman\u00eancia do veto do prefeito no projeto de lei do tucano\u00a0Admir Ferro (que tornava San Bernardo, cidade localizada no Chile cidade-irm\u00e3 de S\u00e3o Bernardo), porque teve o apoio dos tr\u00eas parlamentares. A atitude dos socialistas tem irritado a oposi\u00e7\u00e3o.<\/p>\n<p>O PT e o DEM, partidos da base de sustenta\u00e7\u00e3o do governo Marinho, n\u00e3o participavam das Comiss\u00f5es Parlamentares. Com a morte do ex-vereador Ot\u00e1vio Manente, Demarchi assumiu, por meio de elei\u00e7\u00e3o na qual teve o apoio dos governistas, a primeira secretaria da Mesa Diretora. Com isso, ficaram vagos quatro cargos nas comiss\u00f5es.<\/p>\n<p>A vota\u00e7\u00e3o foi feita nesta quarta e o PT fez um acordo com os tr\u00eas vereadores do PSB e conseguiu eleger Ary para secret\u00e1rio da Comiss\u00e3o de Finan\u00e7as e Or\u00e7amento; Luizinho para vice-presid\u00eancia de Assuntos Metropolitanos; Mauro Miaguti (DEM) para vice-presidente de Diretos Humanos e Cidadania e Jos\u00e9 Ferreira secret\u00e1rio da Comiss\u00e3o do Idoso, do Aposentado, do Pensionista e do Portador de Necessidade Especial.<\/p>\n<p>O vereador Ary afirmou que n\u00e3o mudou de lado e continua no bloco da oposi\u00e7\u00e3o independente. \u201cEu n\u00e3o mudei de vis\u00e3o e continuo com a mesma opini\u00e3o. N\u00e3o \u00e9 tudo que voto favor\u00e1vel ao governo. Vou analisar projeto por projeto\u201d, disse.<\/p>\n<p>Al\u00e9m do apoio de parte do PSB, o governo tamb\u00e9m tem dialogado e em alguns projetos conseguiu \u00eaxito do vereador do PMDB, Tunico Vieira, que n\u00e3o participou da sess\u00e3o desta quarta-feira.<\/p>\n<p><strong>Veto-<\/strong> Com o apoio dos tr\u00eas vereadores do PSB, a C\u00e2mara manteve o veto do Executivo ao projeto de lei, de autoria do Ferro, que tornava San Bernardo, cidade localizada no Chile cidade-irm\u00e3 de S\u00e3o Bernardo.<\/p>\n<p>O veto n\u00e3o foi derrubado, porque um dos vereadores do PSB, o S\u00e9rgio Demarchi se absteve da vota\u00e7\u00e3o.\u00a0 A atitude do socialista irritou a oposi\u00e7\u00e3o. \u201c\u00c9 o rod\u00edzio do bloco independente. Cada hora um se abst\u00e9m e falam que s\u00e3o oposi\u00e7\u00e3o independente\u201d, ironizou o tucano.<\/p>\n<p><strong>Vis\u00e3o do governo-<\/strong> O secret\u00e1rio de Governo, Mauricio Soares (PT) afirmou que tem contato com o apoio e com os votos dos tr\u00eas vereadores do PSB, entretanto, afirmou que isso n\u00e3o garante que os socialistas est\u00e3o na base do governo.<\/p>\n<p>\u201cA conversa \u00e9 feita de acordo com cada projeto. N\u00e3o existe uma alian\u00e7a fechada. De fato, eles t\u00eam nos ajudado. E tenho buscado conversar com outros vereadores inclusive os outros dois do PSB (Pastor Ivanildo e Vandir Mognon), que s\u00e3o mais rebeldes\u201d,explicou.<\/p>\n<p><strong>C\u00e2mera de seguran\u00e7a-<\/strong> Como foi acordado na sess\u00e3o passada, o projeto de lei do vereador Admir Ferro, que obriga institui\u00e7\u00f5es como bancos e ag\u00eancias lot\u00e9ricas a instalarem c\u00e2meras de seguran\u00e7a tanto no interior quanto na entrada dos estabelecimentos, foi aprovado por unanimidade.<\/p>\n<p>O projeto j\u00e1 havia sido apresentado duas vezes e aprovado em plen\u00e1rio no ano passado, mas foi vetado pelo Executivo Municipal, que alegou n\u00e3o haver como fiscalizar o cumprimento da lei.<\/p>\n<p>Desta vez, Maur\u00edcio Soares garantiu que Marinho n\u00e3o ir\u00e1 vetar a lei.<\/p>\n<p><em>Fonte: ABCD Maior<\/em><\/p>\n\n<div style=\"font-size: 0px; height: 0px; line-height: 0px; margin: 0; padding: 0; clear: both;\"><\/div>","protected":false},"excerpt":{"rendered":"<p>A sess\u00e3o da C\u00e2mara da cidade de S\u00e3o Bernardo desta quarta-feira (11\/05) reafirmou a alian\u00e7a entre o governo do prefeito Luiz Marinho (PT) e os tr\u00eas vereadores do PSB, Ary de Oliveira, Antonio Cabrera e Sergio Demarchi. A base governista conseguiu duas vit\u00f3rias na sess\u00e3o desta semana: participa\u00e7\u00f5es das comiss\u00f5es e a perman\u00eancia do veto do prefeito no projeto de lei do tucano\u00a0Admir Ferro (que tornava San Bernardo, cidade localizada no Chile cidade-irm\u00e3 de S\u00e3o Bernardo), porque teve o apoio dos tr\u00eas parlamentares. A atitude dos socialistas tem irritado a oposi\u00e7\u00e3o. O PT e o DEM, partidos da base de <\/p>\n","protected":false},"author":1,"featured_media":0,"comment_status":"open","ping_status":"closed","sticky":false,"template":"","format":"standard","meta":{"footnotes":""},"categories":[6],"tags":[14],"class_list":["post-239","post","type-post","status-publish","format-standard","hentry","category-noticias-em-sao-bernardo","tag-sao-bernardo"],"aioseo_notices":[],"_links":{"self":[{"href":"https:\/\/www.encontrasaobernardo.com.br\/sobre\/wp-json\/wp\/v2\/posts\/239","targetHints":{"allow":["GET"]}}],"collection":[{"href":"https:\/\/www.encontrasaobernardo.com.br\/sobre\/wp-json\/wp\/v2\/posts"}],"about":[{"href":"https:\/\/www.encontrasaobernardo.com.br\/sobre\/wp-json\/wp\/v2\/types\/post"}],"author":[{"embeddable":true,"href":"https:\/\/www.encontrasaobernardo.com.br\/sobre\/wp-json\/wp\/v2\/users\/1"}],"replies":[{"embeddable":true,"href":"https:\/\/www.encontrasaobernardo.com.br\/sobre\/wp-json\/wp\/v2\/comments?post=239"}],"version-history":[{"count":0,"href":"https:\/\/www.encontrasaobernardo.com.br\/sobre\/wp-json\/wp\/v2\/posts\/239\/revisions"}],"wp:attachment":[{"href":"https:\/\/www.encontrasaobernardo.com.br\/sobre\/wp-json\/wp\/v2\/media?parent=239"}],"wp:term":[{"taxonomy":"category","embeddable":true,"href":"https:\/\/www.encontrasaobernardo.com.br\/sobre\/wp-json\/wp\/v2\/categories?post=239"},{"taxonomy":"post_tag","embeddable":true,"href":"https:\/\/www.encontrasaobernardo.com.br\/sobre\/wp-json\/wp\/v2\/tags?post=239"}],"curies":[{"name":"wp","href":"https:\/\/api.w.org\/{rel}","templated":true}]}}