{"id":22,"date":"2010-11-25T18:17:08","date_gmt":"2010-11-25T20:17:08","guid":{"rendered":"http:\/\/www.encontrasaobernardo.com.br\/noticias\/?p=22"},"modified":"2019-04-12T16:45:53","modified_gmt":"2019-04-12T19:45:53","slug":"servidores-de-sao-bernardo-pressionam-prefeitura-por-definicao-no-plano-de-carreira","status":"publish","type":"post","link":"https:\/\/www.encontrasaobernardo.com.br\/sobre\/servidores-de-sao-bernardo-pressionam-prefeitura-por-definicao-no-plano-de-carreira\/","title":{"rendered":"Servidores de S\u00e3o Bernardo pressionam Prefeitura por defini\u00e7\u00e3o no plano de carreira"},"content":{"rendered":"<div class=\"b7a9cc72b38518383f4213f1240ff05a\" data-index=\"1\" style=\"float: none; margin:0px;\">\n<!-- Anuncio display - global -->\r\n<ins class=\"adsbygoogle\"\r\n     style=\"display:block\"\r\n     data-ad-client=\"ca-pub-8585364105181520\"\r\n     data-ad-slot=\"8789329856\"\r\n     data-ad-format=\"auto\"\r\n     data-full-width-responsive=\"true\"><\/ins>\r\n<script>\r\n     (adsbygoogle = window.adsbygoogle || []).push({});\r\n<\/script>\n<\/div>\n<p>Os servidores p\u00fablicos de S\u00e3o Bernardo do Campo foram at\u00e9 a C\u00e2mara, nesta quarta-feira (24\/11), para pressionar e mostrar a insatisfa\u00e7\u00e3o no atraso da elabora\u00e7\u00e3o do Plano de Cargo e Carreira. O projeto deveria ser encaminhado ao Legislativo at\u00e9 outubro para ser aprovado antes do in\u00edcio do recesso parlamentar, mas at\u00e9 agora a propositura n\u00e3o foi apresentada \u00e0 categoria e muito menos protocolado na Casa.<\/p>\n<p>De acordo com o presidente do Sindserv de S\u00e3o Bernardo, Carlos Roberto Ketu, o compromisso do governo era concluir o Plano em outubro para apresentar \u00e0 categoria e depois encaminhar \u00e0 C\u00e2mara.<br \/>\nNa avalia\u00e7\u00e3o do presidente, n\u00e3o dar\u00e1 mais tempo de o projeto ser votado neste ano. \u201c\u00c9 um projeto muito complexo e n\u00e3o d\u00e1 para fazer na pressa. Acredito que\u00a0no in\u00edcio do ano o servidor n\u00e3o ser\u00e1 contemplado com o Plano\u201d, opinou.<\/p>\n<p>Ketu afirmou que ainda n\u00e3o teve acesso\u00a0\u00e0 minuta do projeto e por isso nada foi passado pela categoria. \u201cA Administra\u00e7\u00e3o atrasou. N\u00e3o tem nenhuma minuta, at\u00e9 por isso n\u00e3o tenho como destacar nenhuma altera\u00e7\u00e3o do Plano\u201d, contou Ketu, ao acrescentar que o Sindicato foi chamado h\u00e1 duas semanas para debater sobre o Plano. \u201cOutro compromisso era debater a proposta junto com a mesa permanente de negocia\u00e7\u00e3o\u201d.<\/p>\n<p>Por conta da manifesta\u00e7\u00e3o, foi marcada uma reuni\u00e3o para os pr\u00f3ximos dias entre os Sindicato, vereadores e o prefeito Luiz Marinho (PT) para debater sobre o assunto.<\/p>\n<p><strong>Sess\u00e3o- <\/strong>Foi aprovado nesta quarta-feira o projeto de lei de repasses \u00e0s escolas de samba. A Uni\u00e3o Cultural das Escolas de Samba de S\u00e3o Bernardo receber\u00e1 R$ 51 mil; as agremia\u00e7\u00f5es do Grupo I R$ 45 mil; Grupo II R$ 27 mil e as pleiteantes R$ 7,7 mil.<\/p>\n<p><strong>Questionando o or\u00e7amento &#8211;<\/strong> Ap\u00f3s uma semana\u00a0da aprova\u00e7\u00e3o do or\u00e7amento de 2011,\u00a0o vereador de oposi\u00e7\u00e3o, Admir Ferro (PSDB) questionou a aprova\u00e7\u00e3o da LOA (Lei Or\u00e7ament\u00e1ria Anual) e apresentou na sess\u00e3o desta quarta-feira, \u00a0um requerimento anulando a vota\u00e7\u00e3o, Entretanto, somente ele votou favor\u00e1vel e o pedido foi rejeito<\/p>\n<p>O parlamentar alegava que a vota\u00e7\u00e3o n\u00e3o teria\u00a0validade j\u00e1 que a LOA\u00a0n\u00e3o passado pelo aval da\u00a0Comiss\u00e3o de Finan\u00e7as. A assessoria jur\u00eddica da C\u00e2mara informou que a LOA n\u00e3o precisa ter o parecer da Comiss\u00e3o de Finan\u00e7as e que em todos os anos anterior o or\u00e7amento teve a aprova\u00e7\u00e3o da comiss\u00e3o mista.<\/p>\n\n<div style=\"font-size: 0px; height: 0px; line-height: 0px; margin: 0; padding: 0; clear: both;\"><\/div>","protected":false},"excerpt":{"rendered":"<p>Os servidores p\u00fablicos de S\u00e3o Bernardo do Campo foram at\u00e9 a C\u00e2mara, nesta quarta-feira (24\/11), para pressionar e mostrar a insatisfa\u00e7\u00e3o no atraso da elabora\u00e7\u00e3o do Plano de Cargo e Carreira. O projeto deveria ser encaminhado ao Legislativo at\u00e9 outubro para ser aprovado antes do in\u00edcio do recesso parlamentar, mas at\u00e9 agora a propositura n\u00e3o foi apresentada \u00e0 categoria e muito menos protocolado na Casa. De acordo com o presidente do Sindserv de S\u00e3o Bernardo, Carlos Roberto Ketu, o compromisso do governo era concluir o Plano em outubro para apresentar \u00e0 categoria e depois encaminhar \u00e0 C\u00e2mara. Na avalia\u00e7\u00e3o do <\/p>\n","protected":false},"author":1,"featured_media":0,"comment_status":"open","ping_status":"closed","sticky":false,"template":"","format":"standard","meta":{"footnotes":""},"categories":[6],"tags":[14],"class_list":["post-22","post","type-post","status-publish","format-standard","hentry","category-noticias-em-sao-bernardo","tag-sao-bernardo"],"aioseo_notices":[],"_links":{"self":[{"href":"https:\/\/www.encontrasaobernardo.com.br\/sobre\/wp-json\/wp\/v2\/posts\/22","targetHints":{"allow":["GET"]}}],"collection":[{"href":"https:\/\/www.encontrasaobernardo.com.br\/sobre\/wp-json\/wp\/v2\/posts"}],"about":[{"href":"https:\/\/www.encontrasaobernardo.com.br\/sobre\/wp-json\/wp\/v2\/types\/post"}],"author":[{"embeddable":true,"href":"https:\/\/www.encontrasaobernardo.com.br\/sobre\/wp-json\/wp\/v2\/users\/1"}],"replies":[{"embeddable":true,"href":"https:\/\/www.encontrasaobernardo.com.br\/sobre\/wp-json\/wp\/v2\/comments?post=22"}],"version-history":[{"count":0,"href":"https:\/\/www.encontrasaobernardo.com.br\/sobre\/wp-json\/wp\/v2\/posts\/22\/revisions"}],"wp:attachment":[{"href":"https:\/\/www.encontrasaobernardo.com.br\/sobre\/wp-json\/wp\/v2\/media?parent=22"}],"wp:term":[{"taxonomy":"category","embeddable":true,"href":"https:\/\/www.encontrasaobernardo.com.br\/sobre\/wp-json\/wp\/v2\/categories?post=22"},{"taxonomy":"post_tag","embeddable":true,"href":"https:\/\/www.encontrasaobernardo.com.br\/sobre\/wp-json\/wp\/v2\/tags?post=22"}],"curies":[{"name":"wp","href":"https:\/\/api.w.org\/{rel}","templated":true}]}}