{"id":212,"date":"2011-04-26T16:47:15","date_gmt":"2011-04-26T19:47:15","guid":{"rendered":"http:\/\/www.encontrasaobernardo.com.br\/noticias\/?p=212"},"modified":"2019-04-12T16:45:18","modified_gmt":"2019-04-12T19:45:18","slug":"sao-bernardo-fara-seminario-sobre-codigo-de-defesa-do-consumidor","status":"publish","type":"post","link":"https:\/\/www.encontrasaobernardo.com.br\/sobre\/sao-bernardo-fara-seminario-sobre-codigo-de-defesa-do-consumidor\/","title":{"rendered":"S\u00e3o Bernardo far\u00e1 semin\u00e1rio sobre C\u00f3digo de Defesa do Consumidor"},"content":{"rendered":"<div class=\"b7a9cc72b38518383f4213f1240ff05a\" data-index=\"1\" style=\"float: none; margin:0px;\">\n<!-- Anuncio display - global -->\r\n<ins class=\"adsbygoogle\"\r\n     style=\"display:block\"\r\n     data-ad-client=\"ca-pub-8585364105181520\"\r\n     data-ad-slot=\"8789329856\"\r\n     data-ad-format=\"auto\"\r\n     data-full-width-responsive=\"true\"><\/ins>\r\n<script>\r\n     (adsbygoogle = window.adsbygoogle || []).push({});\r\n<\/script>\n<\/div>\n<p>Dando prosseguimento ao ciclo de semin\u00e1rios do programa FOCID \u2013 Fortalecimento da Cidadania -, lan\u00e7ado em 2010, a Prefeitura de S\u00e3o Bernardo do Campo, por meio da Secretaria de Assuntos Jur\u00eddicos e Cidadania, realizar\u00e1 no dia 6\/5, no audit\u00f3rio do Centro de Reflex\u00e3o de Tr\u00e2nsito (CRT), palestra sobre o C\u00f3digo de Defesa do Consumidor.<\/p>\n<p>A palestra ser\u00e1 ministrada pela chefe de Se\u00e7\u00e3o dos Servi\u00e7os de Defesa do Consumidor, da Assist\u00eancia Jur\u00eddica Gratuita de S\u00e3o Bernardo. Neste primeiro encontro de 2011 o semin\u00e1rio ter\u00e1 como foco servidores alunos do programa Educa\u00e7\u00e3o de Jovens e Adultos (EJA), e das Telessalas (aulas com apoio audiovisual para o segundo segmento, de 5\u00aa a 8\u00aa s\u00e9rie).<\/p>\n<p>Ao todo, est\u00e3o previstos 140 servidores no per\u00edodo da manh\u00e3, das 8h \u00e0s 10h, e aproximadamente 62 no per\u00edodo da tarde, das 15h \u00e0s 17h. Os alunos ser\u00e3o levados no pr\u00f3prio hor\u00e1rio em que estudam para n\u00e3o haver preju\u00edzos aos mesmos.<\/p>\n<p>De acordo com a secret\u00e1ria adjunta da Secretaria de Assuntos Jur\u00eddicos, tendo em vista a amplitude do tema, ser\u00e3o abordados os direitos e deveres nas rela\u00e7\u00f5es de consumo.<\/p>\n<p>O debate trar\u00e1 \u00e0 tona quest\u00f5es como quem s\u00e3o os consumidores e os fornecedores; o que \u00e9 produto e servi\u00e7o; quais os direitos b\u00e1sicos do consumidor; garantia de produtos e servi\u00e7os, prazo para troca; cobran\u00e7as indevidas ou abusivas, bem como o aumento do endividamento, entre outros temas que interessam diretamente o consumidor.<\/p>\n<p>O FOCID tem como finalidade fortalecer a consci\u00eancia cidad\u00e3 por meio de semin\u00e1rios gratuitos sobre temas variados, agregando conhecimento sobre direitos e deveres, de modo que o cidad\u00e3o possa, al\u00e9m de exercer seus direitos, multiplicar os conhecimentos adquiridos junto \u00e0 sociedade. As palestras s\u00e3o direcionadas a comunidade em geral, lideran\u00e7as comunit\u00e1rias e representantes da sociedade civil.<\/p>\n<p>Para este ano, o programa segue com a promo\u00e7\u00e3o de novos semin\u00e1rios em diferentes regi\u00f5es do munic\u00edpio e com enfoque em outros temas, entre os quais o direito \u00e0 moradia, regulariza\u00e7\u00e3o fundi\u00e1ria e Lei Maria da Penha.<\/p>\n<p><strong>Servi\u00e7o<\/strong> \u2013 O audit\u00f3rio do Centro de Reflex\u00e3o de Tr\u00e2nsito (CRT) fica na Rua Humberto Luiz Gastado, 40, Parque S\u00e3o Diogo, ao lado do Gin\u00e1sio Poliesportivo.<\/p>\n<p><em>Fonte: Prefeitura de S\u00e3o Bernardo<\/em><\/p>\n\n<div style=\"font-size: 0px; height: 0px; line-height: 0px; margin: 0; padding: 0; clear: both;\"><\/div>","protected":false},"excerpt":{"rendered":"<p>Dando prosseguimento ao ciclo de semin\u00e1rios do programa FOCID \u2013 Fortalecimento da Cidadania -, lan\u00e7ado em 2010, a Prefeitura de S\u00e3o Bernardo do Campo, por meio da Secretaria de Assuntos Jur\u00eddicos e Cidadania, realizar\u00e1 no dia 6\/5, no audit\u00f3rio do Centro de Reflex\u00e3o de Tr\u00e2nsito (CRT), palestra sobre o C\u00f3digo de Defesa do Consumidor. A palestra ser\u00e1 ministrada pela chefe de Se\u00e7\u00e3o dos Servi\u00e7os de Defesa do Consumidor, da Assist\u00eancia Jur\u00eddica Gratuita de S\u00e3o Bernardo. Neste primeiro encontro de 2011 o semin\u00e1rio ter\u00e1 como foco servidores alunos do programa Educa\u00e7\u00e3o de Jovens e Adultos (EJA), e das Telessalas (aulas com <\/p>\n","protected":false},"author":1,"featured_media":0,"comment_status":"open","ping_status":"closed","sticky":false,"template":"","format":"standard","meta":{"footnotes":""},"categories":[6],"tags":[14],"class_list":["post-212","post","type-post","status-publish","format-standard","hentry","category-noticias-em-sao-bernardo","tag-sao-bernardo"],"aioseo_notices":[],"_links":{"self":[{"href":"https:\/\/www.encontrasaobernardo.com.br\/sobre\/wp-json\/wp\/v2\/posts\/212","targetHints":{"allow":["GET"]}}],"collection":[{"href":"https:\/\/www.encontrasaobernardo.com.br\/sobre\/wp-json\/wp\/v2\/posts"}],"about":[{"href":"https:\/\/www.encontrasaobernardo.com.br\/sobre\/wp-json\/wp\/v2\/types\/post"}],"author":[{"embeddable":true,"href":"https:\/\/www.encontrasaobernardo.com.br\/sobre\/wp-json\/wp\/v2\/users\/1"}],"replies":[{"embeddable":true,"href":"https:\/\/www.encontrasaobernardo.com.br\/sobre\/wp-json\/wp\/v2\/comments?post=212"}],"version-history":[{"count":0,"href":"https:\/\/www.encontrasaobernardo.com.br\/sobre\/wp-json\/wp\/v2\/posts\/212\/revisions"}],"wp:attachment":[{"href":"https:\/\/www.encontrasaobernardo.com.br\/sobre\/wp-json\/wp\/v2\/media?parent=212"}],"wp:term":[{"taxonomy":"category","embeddable":true,"href":"https:\/\/www.encontrasaobernardo.com.br\/sobre\/wp-json\/wp\/v2\/categories?post=212"},{"taxonomy":"post_tag","embeddable":true,"href":"https:\/\/www.encontrasaobernardo.com.br\/sobre\/wp-json\/wp\/v2\/tags?post=212"}],"curies":[{"name":"wp","href":"https:\/\/api.w.org\/{rel}","templated":true}]}}