{"id":198,"date":"2011-04-12T13:43:42","date_gmt":"2011-04-12T16:43:42","guid":{"rendered":"http:\/\/www.encontrasaobernardo.com.br\/noticias\/?p=198"},"modified":"2019-04-12T16:45:19","modified_gmt":"2019-04-12T19:45:19","slug":"sao-bernardo-jovens-do-programa-turma-cidada-passam-por-capacitacao-profissional","status":"publish","type":"post","link":"https:\/\/www.encontrasaobernardo.com.br\/sobre\/sao-bernardo-jovens-do-programa-turma-cidada-passam-por-capacitacao-profissional\/","title":{"rendered":"S\u00e3o Bernardo: jovens do programa Turma Cidad\u00e3 passam por capacita\u00e7\u00e3o profissional"},"content":{"rendered":"<div class=\"b7a9cc72b38518383f4213f1240ff05a\" data-index=\"1\" style=\"float: none; margin:0px;\">\n<!-- Anuncio display - global -->\r\n<ins class=\"adsbygoogle\"\r\n     style=\"display:block\"\r\n     data-ad-client=\"ca-pub-8585364105181520\"\r\n     data-ad-slot=\"8789329856\"\r\n     data-ad-format=\"auto\"\r\n     data-full-width-responsive=\"true\"><\/ins>\r\n<script>\r\n     (adsbygoogle = window.adsbygoogle || []).push({});\r\n<\/script>\n<\/div>\n<p style=\"text-align: left;\">Uma parceria entre as secretarias de Seguran\u00e7a Urbana e de Desenvolvimento Econ\u00f4mico, Trabalho e Turismo vai possibilitar aos jovens atendidos pelo programa Turma Cidad\u00e3, da Prefeitura da cidade de S\u00e3o Bernardo do Campo, ter contato com diversos aspectos do mundo do trabalho. A capacita\u00e7\u00e3o, que envolve palestras divididas em tr\u00eas m\u00f3dulos &#8211; Trabalho, Empreendedorismo e Economia Solid\u00e1ria -, teve in\u00edcio em fevereiro e ser\u00e1 finalizada em 28\/04.<\/p>\n<p>Al\u00e9m da atua\u00e7\u00e3o conjunta das secretarias, a iniciativa conta com o trabalho de professores, soci\u00f3logos, psic\u00f3logos e t\u00e9cnicos do Servi\u00e7o de Apoio \u00e0s Micro e Pequenas Empresas de S\u00e3o Paulo (Sebrae), Banco do Povo, Faculdade de Direito de S\u00e3o Bernardo e Central de Cooperativas e Empreendimentos Solid\u00e1rios (Unisol).<\/p>\n<p>A programa\u00e7\u00e3o inclui, dia 14\/4, palestra com a coordenadora de Programas de Fomento \u00e0 Economia Solid\u00e1ria da Prefeitura de Osasco, Sandra Praxedes. O tema abordado ser\u00e1 empreendimentos econ\u00f4micos solid\u00e1rios: associativismo e cooperativismo (defini\u00e7\u00e3o, valores e princ\u00edpios). O hor\u00e1rio ser\u00e1 das 8h \u00e0s 12h e das 13h \u00e0s 17h.<\/p>\n<p>No dia do encerramento, 28\/04, os meninos ir\u00e3o conhecer a Central de Trabalho e Renda (CTR) do munic\u00edpio e aproveitar para efetuar seus cadastros. Ainda nesse dia, as palestras ser\u00e3o sobre legisla\u00e7\u00e3o e o palestrante convidado \u00e9 o professor Marcelo Mauad, da Unisol Brasil e Faculdade de Direito de S\u00e3o Bernardo. O hor\u00e1rio ser\u00e1 das 8h \u00e0s 10h e das 13h \u00e0s 15h. As palestras duram de duas a quatro horas.<\/p>\n<p>O Turma Cidad\u00e3 \u00e9 oferecido pela Prefeitura de S\u00e3o Bernardo por meio da Secretaria de Seguran\u00e7a Urbana e conta com parceria do Servi\u00e7o Nacional de Aprendizagem Industrial (Senai). A iniciativa tem como miss\u00e3o atender jovens em idade de prestar o Tiro de Guerra, dispensados ou n\u00e3o, e entre os inscritos s\u00e3o selecionados aqueles de baixa renda que podem optar entre o curso de Mec\u00e2nica de Autos ou de Manuten\u00e7\u00e3o de Micros.<\/p>\n<p>As palestras s\u00e3o realizadas na Secretaria de Desenvolvimento Social (Sedesc), localizada na Avenida Reden\u00e7\u00e3o, 221, Centro.<\/p>\n<p><em>Fonte: Prefeitura de S\u00e3o Bernardo<\/em><\/p>\n\n<div style=\"font-size: 0px; height: 0px; line-height: 0px; margin: 0; padding: 0; clear: both;\"><\/div>","protected":false},"excerpt":{"rendered":"<p>Uma parceria entre as secretarias de Seguran\u00e7a Urbana e de Desenvolvimento Econ\u00f4mico, Trabalho e Turismo vai possibilitar aos jovens atendidos pelo programa Turma Cidad\u00e3, da Prefeitura da cidade de S\u00e3o Bernardo do Campo, ter contato com diversos aspectos do mundo do trabalho. A capacita\u00e7\u00e3o, que envolve palestras divididas em tr\u00eas m\u00f3dulos &#8211; Trabalho, Empreendedorismo e Economia Solid\u00e1ria -, teve in\u00edcio em fevereiro e ser\u00e1 finalizada em 28\/04. Al\u00e9m da atua\u00e7\u00e3o conjunta das secretarias, a iniciativa conta com o trabalho de professores, soci\u00f3logos, psic\u00f3logos e t\u00e9cnicos do Servi\u00e7o de Apoio \u00e0s Micro e Pequenas Empresas de S\u00e3o Paulo (Sebrae), Banco do <\/p>\n","protected":false},"author":1,"featured_media":0,"comment_status":"open","ping_status":"closed","sticky":false,"template":"","format":"standard","meta":{"footnotes":""},"categories":[3],"tags":[14],"class_list":["post-198","post","type-post","status-publish","format-standard","hentry","category-cursos-em-sao-bernardo","tag-sao-bernardo"],"aioseo_notices":[],"_links":{"self":[{"href":"https:\/\/www.encontrasaobernardo.com.br\/sobre\/wp-json\/wp\/v2\/posts\/198","targetHints":{"allow":["GET"]}}],"collection":[{"href":"https:\/\/www.encontrasaobernardo.com.br\/sobre\/wp-json\/wp\/v2\/posts"}],"about":[{"href":"https:\/\/www.encontrasaobernardo.com.br\/sobre\/wp-json\/wp\/v2\/types\/post"}],"author":[{"embeddable":true,"href":"https:\/\/www.encontrasaobernardo.com.br\/sobre\/wp-json\/wp\/v2\/users\/1"}],"replies":[{"embeddable":true,"href":"https:\/\/www.encontrasaobernardo.com.br\/sobre\/wp-json\/wp\/v2\/comments?post=198"}],"version-history":[{"count":0,"href":"https:\/\/www.encontrasaobernardo.com.br\/sobre\/wp-json\/wp\/v2\/posts\/198\/revisions"}],"wp:attachment":[{"href":"https:\/\/www.encontrasaobernardo.com.br\/sobre\/wp-json\/wp\/v2\/media?parent=198"}],"wp:term":[{"taxonomy":"category","embeddable":true,"href":"https:\/\/www.encontrasaobernardo.com.br\/sobre\/wp-json\/wp\/v2\/categories?post=198"},{"taxonomy":"post_tag","embeddable":true,"href":"https:\/\/www.encontrasaobernardo.com.br\/sobre\/wp-json\/wp\/v2\/tags?post=198"}],"curies":[{"name":"wp","href":"https:\/\/api.w.org\/{rel}","templated":true}]}}