{"id":173,"date":"2011-03-24T16:13:51","date_gmt":"2011-03-24T19:13:51","guid":{"rendered":"http:\/\/www.encontrasaobernardo.com.br\/noticias\/?p=173"},"modified":"2019-04-12T16:45:19","modified_gmt":"2019-04-12T19:45:19","slug":"fernanda-montenegro-encanta-publico-de-sao-bernardo","status":"publish","type":"post","link":"https:\/\/www.encontrasaobernardo.com.br\/sobre\/fernanda-montenegro-encanta-publico-de-sao-bernardo\/","title":{"rendered":"Fernanda Montenegro encanta p\u00fablico de S\u00e3o Bernardo"},"content":{"rendered":"<div class=\"b7a9cc72b38518383f4213f1240ff05a\" data-index=\"1\" style=\"float: none; margin:0px;\">\n<!-- Anuncio display - global -->\r\n<ins class=\"adsbygoogle\"\r\n     style=\"display:block\"\r\n     data-ad-client=\"ca-pub-8585364105181520\"\r\n     data-ad-slot=\"8789329856\"\r\n     data-ad-format=\"auto\"\r\n     data-full-width-responsive=\"true\"><\/ins>\r\n<script>\r\n     (adsbygoogle = window.adsbygoogle || []).push({});\r\n<\/script>\n<\/div>\n<p>Foi relembrando momentos de sua vida e carreira como uma das melhores atrizes do Pa\u00eds que Fernanda Montenegro iniciou, nesta quarta-feira (23\/3), sua apresenta\u00e7\u00e3o no Teatro Lauro Gomes, onde esteve pela primeira vez para fazer cita\u00e7\u00f5es de textos de algumas personalidades do s\u00e9culo XX. Cerca de 500 pessoas, entre elas o prefeito e o secret\u00e1rio de Cultura e vice-prefeito, prestigiaram o evento, promovido pela Prefeitura de S\u00e3o Bernardo do Campo como parte da programa\u00e7\u00e3o do M\u00eas da Mulher.<\/p>\n<p>Para o chefe do Executivo, Fernanda \u00e9 uma mulher vitoriosa, exemplo ao p\u00fablico feminino. &#8220;Como profissional do mais alto gabarito e uma intelectual da cultura, a atriz trouxe uma reflex\u00e3o sobre a presen\u00e7a da mulher na sociedade brasileira, que vem ocupando espa\u00e7os importantes em todos os segmentos, como econ\u00f4mico, social e pol\u00edtico. Em S\u00e3o Bernardo, desenvolvemos diversas pol\u00edticas para esse g\u00eanero, visando uma sociedade mais justa&#8221;, disse. O prefeito tamb\u00e9m convidou o p\u00fablico presente para a inaugura\u00e7\u00e3o do Centro de Refer\u00eancia e Apoio \u00e0 Mulher, que ser\u00e1 neste s\u00e1bado (26\/3), \u00e0s 8h30.<\/p>\n<p>A atriz afirmou que o teatro \u00e9 um lugar de discuss\u00e3o existencial, pol\u00edtica e ideol\u00f3gica, e elogiou a presen\u00e7a do prefeito no espa\u00e7o, ressaltando que poucos administradores p\u00fablicos t\u00eam coragem de entrar no teatro por temerem manifesta\u00e7\u00f5es contr\u00e1rias ao seu governo. &#8220;O prefeito foi muito bem recebido e acredito que esteja ciente do seu poder para o bem querer do povo&#8221;, opinou a atriz, que tem 81 anos de idade e 60 de carreira, com quase 100 pe\u00e7as representadas e 20 novelas.<\/p>\n<p>Entre as cita\u00e7\u00f5es apresentadas por Fernanda est\u00e3o preceitos de Madre Tereza de Calcut\u00e1, o poema Amar, de Carlos Drummond de Andrade, o texto Das Vantagens de Ser Bobo, de Clarice Lispector, adaptado ao p\u00fablico feminino, al\u00e9m de um trecho da autobiografia da fil\u00f3sofa francesa Simone de Beauvoir. Em seguida, Fernanda respondeu perguntas da plateia e falou da import\u00e2ncia da troca de conversa, al\u00e9m de desmistificar a profiss\u00e3o de artista, que, segundo ela, \u00e9 quem consegue a excel\u00eancia no trabalho.<\/p>\n<p>O evento tamb\u00e9m contou com a presen\u00e7a de alunos surdos da Escola Municipal de Educa\u00e7\u00e3o Especial (Emebe) Neusa Bassetto e de participantes do programa Mulheres de Paz, desenvolvido pela Prefeitura por meio da Secretaria de Seguran\u00e7a Urbana.<\/p>\n<p>A moradora do bairro Tabo\u00e3o, F\u00e1tima Carolina Cristal, 52 anos, ficou encantada com o encontro e as cita\u00e7\u00f5es feitas pela atriz. &#8220;S\u00e3o textos que a gente n\u00e3o tem acesso, por conta da correria do dia a dia. Seria interessante que a Fernanda voltasse mais vezes para passar ainda mais sua experi\u00eancia de vida, j\u00e1 que ela \u00e9 uma pessoa comum, que tem as mesmas ansiedades, desejos e perspectivas, que n\u00f3s moradores de S\u00e3o Bernardo&#8221;, comentou.<\/p>\n<p><em>Fonte: Prefeitura de S\u00e3o Bernardo<\/em><\/p>\n\n<div style=\"font-size: 0px; height: 0px; line-height: 0px; margin: 0; padding: 0; clear: both;\"><\/div>","protected":false},"excerpt":{"rendered":"<p>Foi relembrando momentos de sua vida e carreira como uma das melhores atrizes do Pa\u00eds que Fernanda Montenegro iniciou, nesta quarta-feira (23\/3), sua apresenta\u00e7\u00e3o no Teatro Lauro Gomes, onde esteve pela primeira vez para fazer cita\u00e7\u00f5es de textos de algumas personalidades do s\u00e9culo XX. Cerca de 500 pessoas, entre elas o prefeito e o secret\u00e1rio de Cultura e vice-prefeito, prestigiaram o evento, promovido pela Prefeitura de S\u00e3o Bernardo do Campo como parte da programa\u00e7\u00e3o do M\u00eas da Mulher. Para o chefe do Executivo, Fernanda \u00e9 uma mulher vitoriosa, exemplo ao p\u00fablico feminino. &#8220;Como profissional do mais alto gabarito e uma <\/p>\n","protected":false},"author":1,"featured_media":0,"comment_status":"open","ping_status":"closed","sticky":false,"template":"","format":"standard","meta":{"footnotes":""},"categories":[6],"tags":[14],"class_list":["post-173","post","type-post","status-publish","format-standard","hentry","category-noticias-em-sao-bernardo","tag-sao-bernardo"],"aioseo_notices":[],"_links":{"self":[{"href":"https:\/\/www.encontrasaobernardo.com.br\/sobre\/wp-json\/wp\/v2\/posts\/173","targetHints":{"allow":["GET"]}}],"collection":[{"href":"https:\/\/www.encontrasaobernardo.com.br\/sobre\/wp-json\/wp\/v2\/posts"}],"about":[{"href":"https:\/\/www.encontrasaobernardo.com.br\/sobre\/wp-json\/wp\/v2\/types\/post"}],"author":[{"embeddable":true,"href":"https:\/\/www.encontrasaobernardo.com.br\/sobre\/wp-json\/wp\/v2\/users\/1"}],"replies":[{"embeddable":true,"href":"https:\/\/www.encontrasaobernardo.com.br\/sobre\/wp-json\/wp\/v2\/comments?post=173"}],"version-history":[{"count":0,"href":"https:\/\/www.encontrasaobernardo.com.br\/sobre\/wp-json\/wp\/v2\/posts\/173\/revisions"}],"wp:attachment":[{"href":"https:\/\/www.encontrasaobernardo.com.br\/sobre\/wp-json\/wp\/v2\/media?parent=173"}],"wp:term":[{"taxonomy":"category","embeddable":true,"href":"https:\/\/www.encontrasaobernardo.com.br\/sobre\/wp-json\/wp\/v2\/categories?post=173"},{"taxonomy":"post_tag","embeddable":true,"href":"https:\/\/www.encontrasaobernardo.com.br\/sobre\/wp-json\/wp\/v2\/tags?post=173"}],"curies":[{"name":"wp","href":"https:\/\/api.w.org\/{rel}","templated":true}]}}