{"id":168,"date":"2011-03-22T13:51:02","date_gmt":"2011-03-22T16:51:02","guid":{"rendered":"http:\/\/www.encontrasaobernardo.com.br\/noticias\/?p=168"},"modified":"2019-04-12T16:45:19","modified_gmt":"2019-04-12T19:45:19","slug":"secretario-reconhece-mas-condicoes-em-ruas-de-sao-bernardo","status":"publish","type":"post","link":"https:\/\/www.encontrasaobernardo.com.br\/sobre\/secretario-reconhece-mas-condicoes-em-ruas-de-sao-bernardo\/","title":{"rendered":"Secret\u00e1rio reconhece m\u00e1s condi\u00e7\u00f5es em ruas de S\u00e3o Bernardo"},"content":{"rendered":"<div class=\"b7a9cc72b38518383f4213f1240ff05a\" data-index=\"1\" style=\"float: none; margin:0px;\">\n<!-- Anuncio display - global -->\r\n<ins class=\"adsbygoogle\"\r\n     style=\"display:block\"\r\n     data-ad-client=\"ca-pub-8585364105181520\"\r\n     data-ad-slot=\"8789329856\"\r\n     data-ad-format=\"auto\"\r\n     data-full-width-responsive=\"true\"><\/ins>\r\n<script>\r\n     (adsbygoogle = window.adsbygoogle || []).push({});\r\n<\/script>\n<\/div>\n<p>O secret\u00e1rio de Obras e Servi\u00e7os Urbanos de S\u00e3o Bernardo, Jos\u00e9 Cloves da Silva, disse ontem reconhecer os problemas de vias esburacadas e com asfalto problem\u00e1tico na cidade, conforme mostrou\u00a0reportagem do Di\u00e1rio publicada na edi\u00e7\u00e3o de ontem.<\/p>\n<p>Os problemas de ruas esburacadas e em p\u00e9ssimas condi\u00e7\u00f5es de tr\u00e1fego incomodam a popula\u00e7\u00e3o, principalmente por causa de problemas gerados em ve\u00edculos e pela dificuldade de passagem. De acordo com Cloves, um projeto da Prefeitura prev\u00ea o recapeamento de importantes vias da cidade nas \u00e1reas perif\u00e9ricas e tamb\u00e9m pr\u00f3ximas ao Centro.<\/p>\n<p>As interven\u00e7\u00f5es n\u00e3o t\u00eam prazo de in\u00edcio, mas o secret\u00e1rio explicou que \u00e9 preciso esperar o clima melhorar. &#8220;Como o asfalto est\u00e1 malcuidado, \u00e9 natural que em per\u00edodo de chuva haja um problema maior de buracos. \u00c0s vezes tampamos em um dia, e dias depois ele reabre. Asfalto e \u00e1gua n\u00e3o combinam. Agora \u00e9 o per\u00edodo mais cr\u00edtico.&#8221;<\/p>\n<p>Cloves adiantou que entre as vias que receber\u00e3o novo asfalto est\u00e3o as avenidas Humberto de Alencar Castelo Branco, Lucas Nogueira Garc\u00eaz, Estrada Samuel Aizemberg, Rua dos Vianas e Rua dos Feltrins. J\u00e1 sobre a Avenida Lu\u00eds Pequini, Cloves esclareceu que a via passa por obras de recape nos dois sentidos, e que a interven\u00e7\u00e3o deve terminar em at\u00e9 30 dias.<\/p>\n<p>A opera\u00e7\u00e3o tapa-buracos da Prefeitura demanda investimento de aproximadamente R$ 6 milh\u00f5es por ano. Atrav\u00e9s de pedidos de moradores, a secretaria tem o prazo de at\u00e9 48 horas para atender a solicita\u00e7\u00e3o e apurar o problema informado. Moradores podem solicitar reparos pelo telefone 4366-3500.<\/p>\n<p>REPERCUSS\u00c3O<br \/>\nInternautas que leram a reportagem no site do Di\u00e1rio, ontem, denunciaram o mesmo problema de vias intransit\u00e1veis em outros bairros, como Jardim Palermo, Nova Petr\u00f3polis, Parque Selecta, Assun\u00e7\u00e3o, estradas da Cooperativa e do Montanh\u00e3o. Em um dos coment\u00e1rios, uma pessoa refere-se \u00e0 cidade como uma &#8220;filial da lua&#8221;, em alus\u00e3o aos buracos espalhados pelas ruas. O secret\u00e1rio rebateu, dizendo que a &#8220;maioria esmagadora&#8221; dos buracos \u00e9 causada por outras empresas ou problemas de vazamento. Sobre as outras interven\u00e7\u00f5es, Cloves garantiu que pedestres e motoristas n\u00e3o ficar\u00e3o sem assist\u00eancia. &#8220;O programa de recapeamento vai abranger toda S\u00e3o Bernardo.&#8221;<\/p>\n<p><em>Fonte: Di\u00e1rio do Grande ABC<\/em><\/p>\n\n<div style=\"font-size: 0px; height: 0px; line-height: 0px; margin: 0; padding: 0; clear: both;\"><\/div>","protected":false},"excerpt":{"rendered":"<p>O secret\u00e1rio de Obras e Servi\u00e7os Urbanos de S\u00e3o Bernardo, Jos\u00e9 Cloves da Silva, disse ontem reconhecer os problemas de vias esburacadas e com asfalto problem\u00e1tico na cidade, conforme mostrou\u00a0reportagem do Di\u00e1rio publicada na edi\u00e7\u00e3o de ontem. Os problemas de ruas esburacadas e em p\u00e9ssimas condi\u00e7\u00f5es de tr\u00e1fego incomodam a popula\u00e7\u00e3o, principalmente por causa de problemas gerados em ve\u00edculos e pela dificuldade de passagem. De acordo com Cloves, um projeto da Prefeitura prev\u00ea o recapeamento de importantes vias da cidade nas \u00e1reas perif\u00e9ricas e tamb\u00e9m pr\u00f3ximas ao Centro. As interven\u00e7\u00f5es n\u00e3o t\u00eam prazo de in\u00edcio, mas o secret\u00e1rio explicou que <\/p>\n","protected":false},"author":1,"featured_media":0,"comment_status":"open","ping_status":"closed","sticky":false,"template":"","format":"standard","meta":{"footnotes":""},"categories":[6],"tags":[14],"class_list":["post-168","post","type-post","status-publish","format-standard","hentry","category-noticias-em-sao-bernardo","tag-sao-bernardo"],"aioseo_notices":[],"_links":{"self":[{"href":"https:\/\/www.encontrasaobernardo.com.br\/sobre\/wp-json\/wp\/v2\/posts\/168","targetHints":{"allow":["GET"]}}],"collection":[{"href":"https:\/\/www.encontrasaobernardo.com.br\/sobre\/wp-json\/wp\/v2\/posts"}],"about":[{"href":"https:\/\/www.encontrasaobernardo.com.br\/sobre\/wp-json\/wp\/v2\/types\/post"}],"author":[{"embeddable":true,"href":"https:\/\/www.encontrasaobernardo.com.br\/sobre\/wp-json\/wp\/v2\/users\/1"}],"replies":[{"embeddable":true,"href":"https:\/\/www.encontrasaobernardo.com.br\/sobre\/wp-json\/wp\/v2\/comments?post=168"}],"version-history":[{"count":0,"href":"https:\/\/www.encontrasaobernardo.com.br\/sobre\/wp-json\/wp\/v2\/posts\/168\/revisions"}],"wp:attachment":[{"href":"https:\/\/www.encontrasaobernardo.com.br\/sobre\/wp-json\/wp\/v2\/media?parent=168"}],"wp:term":[{"taxonomy":"category","embeddable":true,"href":"https:\/\/www.encontrasaobernardo.com.br\/sobre\/wp-json\/wp\/v2\/categories?post=168"},{"taxonomy":"post_tag","embeddable":true,"href":"https:\/\/www.encontrasaobernardo.com.br\/sobre\/wp-json\/wp\/v2\/tags?post=168"}],"curies":[{"name":"wp","href":"https:\/\/api.w.org\/{rel}","templated":true}]}}