{"id":1505,"date":"2013-04-18T01:40:45","date_gmt":"2013-04-18T04:40:45","guid":{"rendered":"http:\/\/www.encontrasaobernardo.com.br\/noticias\/?p=1505"},"modified":"2019-04-12T16:41:26","modified_gmt":"2019-04-12T19:41:26","slug":"atracoes-regionais-se-apresentam-sexta-feira-em-sao-bernardo","status":"publish","type":"post","link":"https:\/\/www.encontrasaobernardo.com.br\/sobre\/atracoes-regionais-se-apresentam-sexta-feira-em-sao-bernardo\/","title":{"rendered":"Atra\u00e7\u00f5es regionais se apresentam sexta-feira em S\u00e3o Bernardo"},"content":{"rendered":"<div class=\"b7a9cc72b38518383f4213f1240ff05a\" data-index=\"1\" style=\"float: none; margin:0px;\">\n<!-- Anuncio display - global -->\r\n<ins class=\"adsbygoogle\"\r\n     style=\"display:block\"\r\n     data-ad-client=\"ca-pub-8585364105181520\"\r\n     data-ad-slot=\"8789329856\"\r\n     data-ad-format=\"auto\"\r\n     data-full-width-responsive=\"true\"><\/ins>\r\n<script>\r\n     (adsbygoogle = window.adsbygoogle || []).push({});\r\n<\/script>\n<\/div>\n<p>No dia 19 \u00e9 a vez de dois artistas da regi\u00e3o do Grande ABC. \u00c1s 20h, os f\u00e3s da m\u00fasica instrumental e do jazz poder\u00e3o conferir o show de Stefano Moliner. Formado pela Funda\u00e7\u00e3o das Artes de S\u00e3o Caetano, o m\u00fasico j\u00e1 tocou em diversos Estados de S\u00e3o Paulo e at\u00e9 na Alemanha. A can\u00e7\u00e3o \u201cTriste\u201d, escrita por Tom Jobim, estar\u00e1 no setlist.<\/p>\n<p>Aos amantes da simplicidade do passado, o poeta, escritor, seresteiro e sonetista, Gilberto Gaspar, se apresentar\u00e1 \u00e0s 21h. O artista mineiro conta &#8211; por meio de sua obra e conversas diretas com o p\u00fablico, sempre acompanhado pelo seu viol\u00e3o &#8211; como era o cotidiano antes do avan\u00e7o tecnol\u00f3gico e exp\u00f5e seu rico processo de cria\u00e7\u00e3o para quem deseja ser escritor ou apenas viver melhor.<\/p>\n<p><strong>Shows Stefano Moliner e Gilberto Gaspar<\/strong><b><\/b><\/p>\n<p><strong>Data:<\/strong> 19de abril (sexta-feira)<\/p>\n<p><b>Hor\u00e1rio<\/b>: 20h<\/p>\n<p><b>Entrada Gratuita<\/b><\/p>\n<p><strong>Onde:<\/strong> Pra\u00e7a de eventos na cidade de S\u00e3o Bernardo do Campo<\/p>\n<p><b>Dura\u00e7\u00e3o do Show<\/b>: 60 minutos.<\/p>\n<p><b>Local:\u00a0<\/b>S\u00e3o Bernardo Plaza Shopping<\/p>\n<p><b>Endere\u00e7o:<\/b>\u00a0Avenida Rotary, 624 &#8211; Ferraz\u00f3polis<\/p>\n<p><b>Telefone<\/b>: 4128-2200<\/p>\n<p>&nbsp;<\/p>\n\n<div style=\"font-size: 0px; height: 0px; line-height: 0px; margin: 0; padding: 0; clear: both;\"><\/div>","protected":false},"excerpt":{"rendered":"<p>No dia 19 \u00e9 a vez de dois artistas da regi\u00e3o do Grande ABC. \u00c1s 20h, os f\u00e3s da m\u00fasica instrumental e do jazz poder\u00e3o conferir o show de Stefano Moliner. Formado pela Funda\u00e7\u00e3o das Artes de S\u00e3o Caetano, o m\u00fasico j\u00e1 tocou em diversos Estados de S\u00e3o Paulo e at\u00e9 na Alemanha. A can\u00e7\u00e3o \u201cTriste\u201d, escrita por Tom Jobim, estar\u00e1 no setlist. Aos amantes da simplicidade do passado, o poeta, escritor, seresteiro e sonetista, Gilberto Gaspar, se apresentar\u00e1 \u00e0s 21h. O artista mineiro conta &#8211; por meio de sua obra e conversas diretas com o p\u00fablico, sempre acompanhado pelo <\/p>\n","protected":false},"author":1,"featured_media":0,"comment_status":"open","ping_status":"closed","sticky":false,"template":"","format":"standard","meta":{"footnotes":""},"categories":[6],"tags":[14],"class_list":["post-1505","post","type-post","status-publish","format-standard","hentry","category-noticias-em-sao-bernardo","tag-sao-bernardo"],"aioseo_notices":[],"_links":{"self":[{"href":"https:\/\/www.encontrasaobernardo.com.br\/sobre\/wp-json\/wp\/v2\/posts\/1505","targetHints":{"allow":["GET"]}}],"collection":[{"href":"https:\/\/www.encontrasaobernardo.com.br\/sobre\/wp-json\/wp\/v2\/posts"}],"about":[{"href":"https:\/\/www.encontrasaobernardo.com.br\/sobre\/wp-json\/wp\/v2\/types\/post"}],"author":[{"embeddable":true,"href":"https:\/\/www.encontrasaobernardo.com.br\/sobre\/wp-json\/wp\/v2\/users\/1"}],"replies":[{"embeddable":true,"href":"https:\/\/www.encontrasaobernardo.com.br\/sobre\/wp-json\/wp\/v2\/comments?post=1505"}],"version-history":[{"count":0,"href":"https:\/\/www.encontrasaobernardo.com.br\/sobre\/wp-json\/wp\/v2\/posts\/1505\/revisions"}],"wp:attachment":[{"href":"https:\/\/www.encontrasaobernardo.com.br\/sobre\/wp-json\/wp\/v2\/media?parent=1505"}],"wp:term":[{"taxonomy":"category","embeddable":true,"href":"https:\/\/www.encontrasaobernardo.com.br\/sobre\/wp-json\/wp\/v2\/categories?post=1505"},{"taxonomy":"post_tag","embeddable":true,"href":"https:\/\/www.encontrasaobernardo.com.br\/sobre\/wp-json\/wp\/v2\/tags?post=1505"}],"curies":[{"name":"wp","href":"https:\/\/api.w.org\/{rel}","templated":true}]}}