{"id":1494,"date":"2013-04-15T00:26:29","date_gmt":"2013-04-15T03:26:29","guid":{"rendered":"http:\/\/www.encontrasaobernardo.com.br\/noticias\/?p=1494"},"modified":"2019-04-12T16:41:26","modified_gmt":"2019-04-12T19:41:26","slug":"vacinacao-contra-gripe-deve-imunizar-mais-de-550-mil-pessoas-em-sao-bernardo-e-regiao","status":"publish","type":"post","link":"https:\/\/www.encontrasaobernardo.com.br\/sobre\/vacinacao-contra-gripe-deve-imunizar-mais-de-550-mil-pessoas-em-sao-bernardo-e-regiao\/","title":{"rendered":"Vacina\u00e7\u00e3o contra gripe deve imunizar mais de 550 mil pessoas em S\u00e3o Bernardo e regi\u00e3o"},"content":{"rendered":"<div class=\"b7a9cc72b38518383f4213f1240ff05a\" data-index=\"1\" style=\"float: none; margin:0px;\">\n<!-- Anuncio display - global -->\r\n<ins class=\"adsbygoogle\"\r\n     style=\"display:block\"\r\n     data-ad-client=\"ca-pub-8585364105181520\"\r\n     data-ad-slot=\"8789329856\"\r\n     data-ad-format=\"auto\"\r\n     data-full-width-responsive=\"true\"><\/ins>\r\n<script>\r\n     (adsbygoogle = window.adsbygoogle || []).push({});\r\n<\/script>\n<\/div>\n<p>A partir de hoje (15\/04), tem in\u00edcio a Campanha Nacional de Vacina\u00e7\u00e3o Contra a Gripe. Somente no ABCD, devem ser imunizadas cerca de 555 mil pessoas, como idosos com 60 anos ou mais, gestantes, crian\u00e7as a partir de seis meses e menores de dois anos, ind\u00edgenas, pacientes diagnosticados com doen\u00e7as cr\u00f4nicas e profissionais de sa\u00fade \u2013 o n\u00famero corresponde a 80% da meta estipulada pelo Minist\u00e9rio da Sa\u00fade. A campanha segue at\u00e9 o dia 26 deste m\u00eas.<\/p>\n<p>A novidade para a campanha deste ano \u00e9 a inclus\u00e3o do grupo de mulheres pu\u00e9rperas (que deram \u00e0 luz em at\u00e9 45 dias) entre a popula\u00e7\u00e3o alvo, assim como a popula\u00e7\u00e3o privada de liberdade (presidi\u00e1rios).<\/p>\n<p>Al\u00e9m de imunizar a popula\u00e7\u00e3o contra a gripe A H1N1, tipo que se disseminou pelo mundo na pandemia de 2009, a campanha tamb\u00e9m ir\u00e1 proteger a popula\u00e7\u00e3o contra outros dois tipos do v\u00edrus influenza: influenza A H3N2 e B.<\/p>\n<p><strong>Dia D &#8211;<\/strong>\u00a0Apesar de ter in\u00edcio no dia 15 de abril, o Dia D da campanha de vacina\u00e7\u00e3o contra a gripe ser\u00e1 realizado no s\u00e1bado, dia 20, quando o n\u00famero de postos de vacina\u00e7\u00e3o, entre fixos e volantes ser\u00e1 de aproximadamente 7 mil unidades.<\/p>\n<p>Na cidade de Santo Andr\u00e9 a meta \u00e9 vacinar 124.353 pessoas, nos 36 postos fixos no munic\u00edpio, entre unidades de Sa\u00fade e tr\u00eas Centros de Especialidades. Quase todos os equipamentos p\u00fablicos estar\u00e3o abertos de segunda a sexta-feira, das 8h \u00e0s 17h \u2013 exce\u00e7\u00e3o dos centros que atender\u00e3o no dia 20.<\/p>\n<p>No entanto, a enfermeira Ivani Viotto Maretti, respons\u00e1vel pela Vigil\u00e2ncia Epidemiol\u00f3gica de Santo Andr\u00e9, ressaltou a import\u00e2ncia de atingir, principalmente, os idosos, as gestantes e as crian\u00e7as, que integram o grupo de risco. \u201cAo contr\u00e1rio do que as pessoas imaginam e com medo de prejudicar o beb\u00ea, a gr\u00e1vida, ao tomar a vacina, passa imunidade ao filho, desde que ela o amamente, no m\u00ednimo, at\u00e9 os tr\u00eas meses\u201d, explicou.<\/p>\n<p><strong>C\u00e2ncer bucal<\/strong>\u00a0&#8211; Al\u00e9m da campanha de vacina\u00e7\u00e3o contra a gripe, os moradores de S\u00e3o Bernardo tamb\u00e9m participar\u00e3o de a\u00e7\u00f5es de \u00a0Preven\u00e7\u00e3o e Diagn\u00f3stico Precoce de C\u00e2ncer Bucal. As campanhas ocorrem em nas 32 UBSs que funcionam das das 8h \u00e0s 17h.<\/p>\n<p>A vacina \u00e9 aplicada via intramuscular e em dose \u00fanica para adultos. Para as crian\u00e7as, poder\u00e3o ser necess\u00e1rias duas doses. De acordo com a chefe da Vigil\u00e2ncia Epidemiol\u00f3gica de S\u00e3o Bernardo, Candida Rosa Alves Kirschbaum, a meta do munic\u00edpio \u00e9 vacinar 80% da popula\u00e7\u00e3o de idosos (78.881), gr\u00e1vidas (8.248), pu\u00e9rperas (1.375), crian\u00e7as entre 6 meses e 1 anos e 11 meses (16.496) e trabalhadores da sa\u00fade na cidade de S\u00e3o Bernardo (13.800).<\/p>\n<p>Em Diadema, a previs\u00e3o \u00e9 imunizar cerca de 44 mil pessoas e a imuniza\u00e7\u00e3o ser\u00e1 realizada nas 20 Unidades B\u00e1sicas de Sa\u00fade, de segunda a sexta-feira, das 8h \u00e0s 17h. \u00c9 necess\u00e1ria \u00e0 apresenta\u00e7\u00e3o de documento de identifica\u00e7\u00e3o oficial e\/ou carteirinha de vacina\u00e7\u00e3o.<\/p>\n<p><em>Fonte: ABCD Maior<\/em><\/p>\n\n<div style=\"font-size: 0px; height: 0px; line-height: 0px; margin: 0; padding: 0; clear: both;\"><\/div>","protected":false},"excerpt":{"rendered":"<p>A partir de hoje (15\/04), tem in\u00edcio a Campanha Nacional de Vacina\u00e7\u00e3o Contra a Gripe. Somente no ABCD, devem ser imunizadas cerca de 555 mil pessoas, como idosos com 60 anos ou mais, gestantes, crian\u00e7as a partir de seis meses e menores de dois anos, ind\u00edgenas, pacientes diagnosticados com doen\u00e7as cr\u00f4nicas e profissionais de sa\u00fade \u2013 o n\u00famero corresponde a 80% da meta estipulada pelo Minist\u00e9rio da Sa\u00fade. A campanha segue at\u00e9 o dia 26 deste m\u00eas. A novidade para a campanha deste ano \u00e9 a inclus\u00e3o do grupo de mulheres pu\u00e9rperas (que deram \u00e0 luz em at\u00e9 45 dias) <\/p>\n","protected":false},"author":1,"featured_media":0,"comment_status":"open","ping_status":"closed","sticky":false,"template":"","format":"standard","meta":{"footnotes":""},"categories":[6],"tags":[14],"class_list":["post-1494","post","type-post","status-publish","format-standard","hentry","category-noticias-em-sao-bernardo","tag-sao-bernardo"],"aioseo_notices":[],"_links":{"self":[{"href":"https:\/\/www.encontrasaobernardo.com.br\/sobre\/wp-json\/wp\/v2\/posts\/1494","targetHints":{"allow":["GET"]}}],"collection":[{"href":"https:\/\/www.encontrasaobernardo.com.br\/sobre\/wp-json\/wp\/v2\/posts"}],"about":[{"href":"https:\/\/www.encontrasaobernardo.com.br\/sobre\/wp-json\/wp\/v2\/types\/post"}],"author":[{"embeddable":true,"href":"https:\/\/www.encontrasaobernardo.com.br\/sobre\/wp-json\/wp\/v2\/users\/1"}],"replies":[{"embeddable":true,"href":"https:\/\/www.encontrasaobernardo.com.br\/sobre\/wp-json\/wp\/v2\/comments?post=1494"}],"version-history":[{"count":0,"href":"https:\/\/www.encontrasaobernardo.com.br\/sobre\/wp-json\/wp\/v2\/posts\/1494\/revisions"}],"wp:attachment":[{"href":"https:\/\/www.encontrasaobernardo.com.br\/sobre\/wp-json\/wp\/v2\/media?parent=1494"}],"wp:term":[{"taxonomy":"category","embeddable":true,"href":"https:\/\/www.encontrasaobernardo.com.br\/sobre\/wp-json\/wp\/v2\/categories?post=1494"},{"taxonomy":"post_tag","embeddable":true,"href":"https:\/\/www.encontrasaobernardo.com.br\/sobre\/wp-json\/wp\/v2\/tags?post=1494"}],"curies":[{"name":"wp","href":"https:\/\/api.w.org\/{rel}","templated":true}]}}