{"id":1445,"date":"2013-04-05T00:34:02","date_gmt":"2013-04-05T03:34:02","guid":{"rendered":"http:\/\/www.encontrasaobernardo.com.br\/noticias\/?p=1445"},"modified":"2019-04-12T16:41:26","modified_gmt":"2019-04-12T19:41:26","slug":"sao-bernardo-plaza-traz-apresentacoes-gratuitas-de-mauricio-manieri-luciana-mello-e-jair-rodrigues","status":"publish","type":"post","link":"https:\/\/www.encontrasaobernardo.com.br\/sobre\/sao-bernardo-plaza-traz-apresentacoes-gratuitas-de-mauricio-manieri-luciana-mello-e-jair-rodrigues\/","title":{"rendered":"S\u00e3o Bernardo Plaza traz apresenta\u00e7\u00f5es gratuitas de Maur\u00edcio Manieri, Luciana Mello e Jair Rodrigues"},"content":{"rendered":"<div class=\"b7a9cc72b38518383f4213f1240ff05a\" data-index=\"1\" style=\"float: none; margin:0px;\">\n<!-- Anuncio display - global -->\r\n<ins class=\"adsbygoogle\"\r\n     style=\"display:block\"\r\n     data-ad-client=\"ca-pub-8585364105181520\"\r\n     data-ad-slot=\"8789329856\"\r\n     data-ad-format=\"auto\"\r\n     data-full-width-responsive=\"true\"><\/ins>\r\n<script>\r\n     (adsbygoogle = window.adsbygoogle || []).push({});\r\n<\/script>\n<\/div>\n<p>De 11 a 28 de abril, o S\u00e3o Bernardo Plaza Shopping realiza a primeira edi\u00e7\u00e3o do Festival de M\u00fasica de Outono, com atra\u00e7\u00f5es musicais e infantis gratuitas. O evento na cidade de S\u00e3o Bernardo do Campo contar\u00e1 com shows exclusivos dos cantores Mauricio Manieri, Luciana Mello e Jair Rodrigues. As apresenta\u00e7\u00f5es ser\u00e3o \u00e0s quintas-feiras, \u00e0s 20h.<\/p>\n<p>J\u00e1 para o p\u00fablico infantil, o centro de compras traz shows, tamb\u00e9m gratuitos, de artistas de renome: Broadway Delivery, Cl\u00e1udio M\u00e1gico e Cia Truks.\u00a0Essas atra\u00e7\u00f5es ser\u00e3o apresentadas aos domingos, \u00e0s 13h, e trar\u00e3o aos consumidores momentos especiais em fam\u00edlia.<\/p>\n<p>Para completar a programa\u00e7\u00e3o, o festival receber\u00e1 artistas consagrados na regi\u00e3o, que v\u00e3o embalar o p\u00fablico sempre \u00e0s sextas-feiras, a partir das 20h. Subir\u00e3o ao palco o grupo Regional Descendo a Serra; o m\u00fasico instrumental Stefano Moliner; o seresteiro Gilberto Gaspar e a Orquestra de Viola Caipira de S\u00e3o Bernardo.<\/p>\n<p><b>Shows de MPB<\/b><\/p>\n<p>A primeira apresenta\u00e7\u00e3o do festival ser\u00e1 realizada no dia\u00a011\u00a0e levar\u00e1 aos moradores do Grande ABC o romantismo do cantor e compositor\u00a0Mauricio Manieri. O p\u00fablico ter\u00e1 a oportunidade de ouvir a can\u00e7\u00e3o \u201cEra S\u00f3 para Ser\u201d \u2013 tema da Novela Flor do Caribe, exibida pela Rede Globo.<\/p>\n<p>No dia\u00a018,\u00a0o empreendimento recebe a cantora Luciana Mello.\u00a0A int\u00e9rprete cantar\u00e1 musicas do seu mais novo trabalho, o \u201c6\u00ba Solo\u201d, \u00e1lbum que traz regrava\u00e7\u00f5es de sucessos de Arnaldo Antunes, Chico C\u00e9sar, Jair Oliveira, entre outros.\u00a0Os\u00a0<i>hits<\/i>\u00a0\u201cAssim Que Se Faz\u201d e \u201cSimples Desejo\u201d tamb\u00e9m v\u00e3o marcar presen\u00e7a.<\/p>\n<p>Na \u00faltima semana do evento\u00a0(dia 25),\u00a0o centro comercial ser\u00e1 palco do cantor e compositor Jair Rodrigues. No repert\u00f3rio estar\u00e3o sucessos dos seus 50 anos de carreira, passando pelo samba, sertanejo e can\u00e7\u00f5es de raiz. As m\u00fasicas &#8220;Disparada&#8221;, &#8220;Majestade, o Sabi\u00e1&#8221;, &#8220;Tristeza&#8221;, &#8220;Deixa isso pra l\u00e1&#8221; e &#8220;Voc\u00ea abusou&#8221; estar\u00e3o no setlist.<\/p>\n<p><b>Apresenta\u00e7\u00f5es infantis<\/b><\/p>\n<p>No dia\u00a014,\u00a0as fam\u00edlias poder\u00e3o se divertir com o musical de bonecos Broadway Delivery. A trupe \u00e9 composta por oito atrizes manipuladoras que utilizam diversas t\u00e9cnicas para dar vidas aos bonecos.<\/p>\n<p>As fam\u00edlias v\u00e3o conferir os truques de m\u00e1gica de Cl\u00e1udio M\u00e1gico, no dia 21. Ser\u00e1 a primeira vez que o artista se apresenta no empreendimento.<\/p>\n<p>A\u00a0Cia Truks\u00a0encerrar\u00e1 o festival no dia\u00a028.\u00a0A trupe contar\u00e1 \u2013 com ajuda de objetos do dia a dia, como pratos, panos a garrafas \u2013 a aventura de dois meninos em um zool\u00f3gico imagin\u00e1rio.<\/p>\n<p><b>Artistas regionais<\/b><\/p>\n<p>O\u00a0Regional Descendo a Serra\u00a0marcar\u00e1 presen\u00e7a no dia\u00a012. O grupo, formado por m\u00fasicos procedentes do ABC Paulista, nasceu nas tradicionais rodas de choro da cidade de S\u00e3o Paulo, inicialmente com uma forma\u00e7\u00e3o cl\u00e1ssica de um regional de choro com bandolim, pandeiro, viol\u00e3o. No repert\u00f3rio da apresenta\u00e7\u00e3o haver\u00e1 choros consagrados como Carinhoso (de Pixinguinha) e Noites Cariocas (de Jacob do Bandolim).<\/p>\n<p>No dia\u00a019, os f\u00e3s da m\u00fasica instrumental e do jazz poder\u00e3o conferir o show de\u00a0Stefano Moliner. Formado pela Funda\u00e7\u00e3o das Artes de S\u00e3o Caetano, o m\u00fasico j\u00e1 tocou em diversos Estados de S\u00e3o Paulo e at\u00e9 na Alemanha. A can\u00e7\u00e3o \u201cTriste\u201d, escrita por Tom Jobim, estar\u00e1 no setlist.<\/p>\n<p>Aos amantes da simplicidade do passado, o poeta, escritor, seresteiro e sonetista,\u00a0Gilberto Gaspar, se apresentar\u00e1 no dia\u00a019. O artista mineiro conta &#8211; por meio de sua obra e conversas diretas com o p\u00fablico, sempre acompanhado pelo seu viol\u00e3o &#8211; como era o cotidiano antes do avan\u00e7o tecnol\u00f3gico e exp\u00f5e seu rico processo de cria\u00e7\u00e3o para quem deseja ser escritor ou apenas viver melhor.<\/p>\n<p>A\u00a0Orquestra de Viola Caipira de S\u00e3o Bernardo\u00a0se apresentar\u00e1 no dia\u00a026. Na estrada desde 2005, o grupo j\u00e1 fez turn\u00eas por diversas cidades do Estado de S\u00e3o Paulo. Al\u00e9m de melodias autorais, a orquestra tocar\u00e1 sucessos como \u201cMenino da Porteira\u201d, \u201cMoreninha Linda\u201d e \u201cChalana\u201d.<\/p>\n<p><strong>Servi\u00e7o:<\/strong><\/p>\n<p>Festival de M\u00fasica de Outono<br \/>\nData: de 11\/04 a 28\/04, \u00e0s quintas e aos domingos<br \/>\nHor\u00e1rio: quintas, \u00e0s 20h, e domingos, \u00e0s 13h.<br \/>\nEntrada Gratuita<\/p>\n<p>Shows<br \/>\nOnde: Pra\u00e7a de eventos &#8211; Piso L1<\/p>\n<p>11\/04 \u2013 Mauricio Manieri<br \/>\n18\/04 \u2013 Luciana Mello<br \/>\n25\/04 \u2013 Jair Rodrigues<\/p>\n<p>Apresenta\u00e7\u00f5es infantis<br \/>\nOnde: Pra\u00e7a de Eventos (t\u00e9rreo).<br \/>\nDura\u00e7\u00e3o: 45 minutos.<\/p>\n<p>14\/04 \u2013 Broadway Delivery<br \/>\n21\/04 \u2013 Cl\u00e1udio M\u00e1gico<br \/>\n28\/04 \u2013 Cia Truks<\/p>\n<p>Apresenta\u00e7\u00f5es regionais<br \/>\n12\/04 \u2013 Regional Descendo a Serra<br \/>\n19\/04 \u2013 Stefano Moliner e Gilberto Gaspar<br \/>\n26\/04 \u2013 Orquestra de Viola Caipira de S\u00e3o Bernardo<\/p>\n<p>Local: S\u00e3o Bernardo Plaza Shopping<br \/>\nEndere\u00e7o: Avenida Rotary, 624<br \/>\nTelefone: 4128-2200<\/p>\n\n<div style=\"font-size: 0px; height: 0px; line-height: 0px; margin: 0; padding: 0; clear: both;\"><\/div>","protected":false},"excerpt":{"rendered":"<p>De 11 a 28 de abril, o S\u00e3o Bernardo Plaza Shopping realiza a primeira edi\u00e7\u00e3o do Festival de M\u00fasica de Outono, com atra\u00e7\u00f5es musicais e infantis gratuitas. O evento na cidade de S\u00e3o Bernardo do Campo contar\u00e1 com shows exclusivos dos cantores Mauricio Manieri, Luciana Mello e Jair Rodrigues. As apresenta\u00e7\u00f5es ser\u00e3o \u00e0s quintas-feiras, \u00e0s 20h. J\u00e1 para o p\u00fablico infantil, o centro de compras traz shows, tamb\u00e9m gratuitos, de artistas de renome: Broadway Delivery, Cl\u00e1udio M\u00e1gico e Cia Truks.\u00a0Essas atra\u00e7\u00f5es ser\u00e3o apresentadas aos domingos, \u00e0s 13h, e trar\u00e3o aos consumidores momentos especiais em fam\u00edlia. Para completar a programa\u00e7\u00e3o, o <\/p>\n","protected":false},"author":1,"featured_media":0,"comment_status":"open","ping_status":"closed","sticky":false,"template":"","format":"standard","meta":{"footnotes":""},"categories":[6],"tags":[14],"class_list":["post-1445","post","type-post","status-publish","format-standard","hentry","category-noticias-em-sao-bernardo","tag-sao-bernardo"],"aioseo_notices":[],"_links":{"self":[{"href":"https:\/\/www.encontrasaobernardo.com.br\/sobre\/wp-json\/wp\/v2\/posts\/1445","targetHints":{"allow":["GET"]}}],"collection":[{"href":"https:\/\/www.encontrasaobernardo.com.br\/sobre\/wp-json\/wp\/v2\/posts"}],"about":[{"href":"https:\/\/www.encontrasaobernardo.com.br\/sobre\/wp-json\/wp\/v2\/types\/post"}],"author":[{"embeddable":true,"href":"https:\/\/www.encontrasaobernardo.com.br\/sobre\/wp-json\/wp\/v2\/users\/1"}],"replies":[{"embeddable":true,"href":"https:\/\/www.encontrasaobernardo.com.br\/sobre\/wp-json\/wp\/v2\/comments?post=1445"}],"version-history":[{"count":0,"href":"https:\/\/www.encontrasaobernardo.com.br\/sobre\/wp-json\/wp\/v2\/posts\/1445\/revisions"}],"wp:attachment":[{"href":"https:\/\/www.encontrasaobernardo.com.br\/sobre\/wp-json\/wp\/v2\/media?parent=1445"}],"wp:term":[{"taxonomy":"category","embeddable":true,"href":"https:\/\/www.encontrasaobernardo.com.br\/sobre\/wp-json\/wp\/v2\/categories?post=1445"},{"taxonomy":"post_tag","embeddable":true,"href":"https:\/\/www.encontrasaobernardo.com.br\/sobre\/wp-json\/wp\/v2\/tags?post=1445"}],"curies":[{"name":"wp","href":"https:\/\/api.w.org\/{rel}","templated":true}]}}