{"id":1417,"date":"2013-03-27T00:47:16","date_gmt":"2013-03-27T03:47:16","guid":{"rendered":"http:\/\/www.encontrasaobernardo.com.br\/noticias\/?p=1417"},"modified":"2019-04-12T16:41:27","modified_gmt":"2019-04-12T19:41:27","slug":"parque-linear-integra-projeto-de-revitalizacao-do-alvarenga-em-s-bernardo-do-campo","status":"publish","type":"post","link":"https:\/\/www.encontrasaobernardo.com.br\/sobre\/parque-linear-integra-projeto-de-revitalizacao-do-alvarenga-em-s-bernardo-do-campo\/","title":{"rendered":"Parque Linear integra projeto de revitaliza\u00e7\u00e3o do Alvarenga em S. Bernardo do Campo"},"content":{"rendered":"<div class=\"b7a9cc72b38518383f4213f1240ff05a\" data-index=\"1\" style=\"float: none; margin:0px;\">\n<!-- Anuncio display - global -->\r\n<ins class=\"adsbygoogle\"\r\n     style=\"display:block\"\r\n     data-ad-client=\"ca-pub-8585364105181520\"\r\n     data-ad-slot=\"8789329856\"\r\n     data-ad-format=\"auto\"\r\n     data-full-width-responsive=\"true\"><\/ins>\r\n<script>\r\n     (adsbygoogle = window.adsbygoogle || []).push({});\r\n<\/script>\n<\/div>\n<p>No pr\u00f3ximo dia 3, a Universidade Metodista, campus Rudge Ramos, sedia o debate Res\u00edduos S\u00f3lidos, da Educa\u00e7\u00e3o Ambiental \u00e0 Gera\u00e7\u00e3o de Energia. Mediada pelo Presidente da OAB de S\u00e3o Bernardo, Luis Ricardo Vasques Davanzo e com os debatedores Tarc\u00edsio Secoli, Secret\u00e1rio de Servi\u00e7os Urbanos de S\u00e3o Bernardo e Dan Moche Schneider, Mestre em Sa\u00fade Ambiental Especialista em Gest\u00e3o ambiental e manejo de res\u00edduos s\u00f3lidos, o encontro tem por objetivo levar proposta de coleta de res\u00edduos s\u00f3lidos seletiva \u00e0 popula\u00e7\u00e3o atrav\u00e9s da conscientiza\u00e7\u00e3o.<\/p>\n<p>Para o vereador de S\u00e3o Bernardo, Paulo Dias (PT), o foco a princ\u00edpio s\u00e3o os universit\u00e1rios. \u201cEstamos focando em v\u00e1rios segmentos e as faculdades s\u00e3o as primeiras, FEI, <a href=\"http:\/\/www.encontrasaobernardo.com.br\/sao-bernardo\/faculdade-de-direito-de-sbc-fdsbc-em-sao-bernardo.shtml\" target=\"_blank\">Faculdade de Direito de S\u00e3o Bernardo<\/a>, Anhanguera e Metodista, buscar o meio acad\u00eamico.\u201d, ressaltou o parlamentar.<\/p>\n<p>O projeto tem outros pontos que ainda precis\u00e3o ser estudados, como analisa o vereador. \u201c\u00c9 muito novo para delimitar e dar detalhes, mas traz perspectivas extraordin\u00e1rias s\u00f3 da transposi\u00e7\u00e3o e descontamina\u00e7\u00e3o do lix\u00e3o j\u00e1 \u00e9 um grande passo.\u201d, avaliou o pol\u00edtico.<\/p>\n<p>O projeto ser\u00e1 contemplado com um Parque Linear com quadra de futebol na cidade de S\u00e3o Bernardo do Campo, \u00e1rea para caminhada, lazer e academia ao ar livre, s\u00e3o quase 300.000 metros quadrados, e a Usina estar\u00e1 na regi\u00e3o para absorver os res\u00edduos s\u00f3lidos.<\/p>\n<p>Segundo o vereador, o lix\u00e3o ser\u00e1 remanejado devido a gazes poluentes, metais pesados e chorume \u2013 l\u00edquido resultante da deteriora\u00e7\u00e3o de lixo \u2013 que s\u00e3o contaminantes e hoje s\u00e3o 40 metros de torre de lixo, que se instalou ao longo de d\u00e9cadas e, hoje, sobreposta por vegeta\u00e7\u00e3o.<\/p>\n<p>O trabalho ser\u00e1 feito encima do eixo dos moradores da regi\u00e3o do grande Alvarenga, que fica pr\u00f3ximo \u00e0 represa, onde a Usina ser\u00e1 instalada. O projeto ter\u00e1 custo anual de 100 milh\u00f5es de reais em uma PPP (Parceria P\u00fablico Privada).<\/p>\n<p>Com o investimento, ter\u00e3o que readequar a Estrada do Alvarenga pra melhorar o fluxo do transporte e dos passageiros da regi\u00e3o como um todo. O projeto, justifica o pol\u00edtico: \u201cEsse ano come\u00e7a o projeto que tem at\u00e9 2016 pra que todo esgoto da \u00e1rea de manancial seja direcionada para esta\u00e7\u00e3o de tratamento.\u201d, finaliza o vereador do PT.<\/p>\n<p><em>Fonte: Jornal ABC Rep\u00f3rter<\/em><\/p>\n\n<div style=\"font-size: 0px; height: 0px; line-height: 0px; margin: 0; padding: 0; clear: both;\"><\/div>","protected":false},"excerpt":{"rendered":"<p>No pr\u00f3ximo dia 3, a Universidade Metodista, campus Rudge Ramos, sedia o debate Res\u00edduos S\u00f3lidos, da Educa\u00e7\u00e3o Ambiental \u00e0 Gera\u00e7\u00e3o de Energia. Mediada pelo Presidente da OAB de S\u00e3o Bernardo, Luis Ricardo Vasques Davanzo e com os debatedores Tarc\u00edsio Secoli, Secret\u00e1rio de Servi\u00e7os Urbanos de S\u00e3o Bernardo e Dan Moche Schneider, Mestre em Sa\u00fade Ambiental Especialista em Gest\u00e3o ambiental e manejo de res\u00edduos s\u00f3lidos, o encontro tem por objetivo levar proposta de coleta de res\u00edduos s\u00f3lidos seletiva \u00e0 popula\u00e7\u00e3o atrav\u00e9s da conscientiza\u00e7\u00e3o. Para o vereador de S\u00e3o Bernardo, Paulo Dias (PT), o foco a princ\u00edpio s\u00e3o os universit\u00e1rios. \u201cEstamos focando <\/p>\n","protected":false},"author":1,"featured_media":0,"comment_status":"open","ping_status":"closed","sticky":false,"template":"","format":"standard","meta":{"footnotes":""},"categories":[6],"tags":[14],"class_list":["post-1417","post","type-post","status-publish","format-standard","hentry","category-noticias-em-sao-bernardo","tag-sao-bernardo"],"aioseo_notices":[],"_links":{"self":[{"href":"https:\/\/www.encontrasaobernardo.com.br\/sobre\/wp-json\/wp\/v2\/posts\/1417","targetHints":{"allow":["GET"]}}],"collection":[{"href":"https:\/\/www.encontrasaobernardo.com.br\/sobre\/wp-json\/wp\/v2\/posts"}],"about":[{"href":"https:\/\/www.encontrasaobernardo.com.br\/sobre\/wp-json\/wp\/v2\/types\/post"}],"author":[{"embeddable":true,"href":"https:\/\/www.encontrasaobernardo.com.br\/sobre\/wp-json\/wp\/v2\/users\/1"}],"replies":[{"embeddable":true,"href":"https:\/\/www.encontrasaobernardo.com.br\/sobre\/wp-json\/wp\/v2\/comments?post=1417"}],"version-history":[{"count":0,"href":"https:\/\/www.encontrasaobernardo.com.br\/sobre\/wp-json\/wp\/v2\/posts\/1417\/revisions"}],"wp:attachment":[{"href":"https:\/\/www.encontrasaobernardo.com.br\/sobre\/wp-json\/wp\/v2\/media?parent=1417"}],"wp:term":[{"taxonomy":"category","embeddable":true,"href":"https:\/\/www.encontrasaobernardo.com.br\/sobre\/wp-json\/wp\/v2\/categories?post=1417"},{"taxonomy":"post_tag","embeddable":true,"href":"https:\/\/www.encontrasaobernardo.com.br\/sobre\/wp-json\/wp\/v2\/tags?post=1417"}],"curies":[{"name":"wp","href":"https:\/\/api.w.org\/{rel}","templated":true}]}}