{"id":139,"date":"2011-02-22T17:05:21","date_gmt":"2011-02-22T19:05:21","guid":{"rendered":"http:\/\/www.encontrasaobernardo.com.br\/noticias\/?p=139"},"modified":"2019-04-12T16:45:20","modified_gmt":"2019-04-12T19:45:20","slug":"bairro-de-sao-bernardo-esta-sem-agua-ha-quatro-dias","status":"publish","type":"post","link":"https:\/\/www.encontrasaobernardo.com.br\/sobre\/bairro-de-sao-bernardo-esta-sem-agua-ha-quatro-dias\/","title":{"rendered":"Bairro de S\u00e3o Bernardo est\u00e1 sem \u00e1gua h\u00e1 quatro dias"},"content":{"rendered":"<div class=\"b7a9cc72b38518383f4213f1240ff05a\" data-index=\"1\" style=\"float: none; margin:0px;\">\n<!-- Anuncio display - global -->\r\n<ins class=\"adsbygoogle\"\r\n     style=\"display:block\"\r\n     data-ad-client=\"ca-pub-8585364105181520\"\r\n     data-ad-slot=\"8789329856\"\r\n     data-ad-format=\"auto\"\r\n     data-full-width-responsive=\"true\"><\/ins>\r\n<script>\r\n     (adsbygoogle = window.adsbygoogle || []).push({});\r\n<\/script>\n<\/div>\n<p>Moradores do Jardim Betina, na cidade S\u00e3o Bernardo, est\u00e3o h\u00e1 quatro dias sem fornecimento de \u00e1gua. Apesar de j\u00e1 terem contatado a Sabesp (Companhia de Saneamento B\u00e1sico do Estado de S\u00e3o Paulo), at\u00e9 o fim da tarde desta segunda-feira (21\/2) a situa\u00e7\u00e3o n\u00e3o havia sido normalizada.<\/p>\n<p>De acordo com a moradora Regina L\u00facia Nogueira, no final de semana, os residentes de um condom\u00ednio do bairro tiveram de fazer um rateio para que caminh\u00f5es-pipa fornecessem \u00e1gua pot\u00e1vel ao local. \u201cN\u00e3o havia \u00e1gua nem para beber, quanto mais para as necessidades b\u00e1sicas, como higiene pessoal e lavar roupa\u201d, enfatizou.<\/p>\n<p>De acordo com Regina, os problemas de falta de \u00e1gua na regi\u00e3o s\u00e3o recorrentes, por\u00e9m ficaram mais frequentes nas primeiras semanas deste ano. \u201cQuando o abastecimento \u00e9 normalizado, a press\u00e3o \u00e9 fraca e n\u00e3o chega a encher as caixas de \u00e1gua que ficam no alto do condom\u00ednio\u201d, disse.<\/p>\n<p>A assessoria de imprensa da Sabesp informou que o problema se refere \u00e0 baixa press\u00e3o na rede de \u00e1gua, o que pode ocasionar problemas de abastecimento em pontos mais elevados. A ocorr\u00eancia se deu em fun\u00e7\u00e3o de problemas operacionais na VRP (v\u00e1lvula redutora de press\u00e3o), equipamento utilizado para evitar vazamentos.<\/p>\n<p>A Sabesp informou que registrou a\u00a0reclama\u00e7\u00e3o em 17\/02 e detectou o problema, sendo o mesmo solucionado em 18\/02.<\/p>\n<p>No s\u00e1bado (19\/02), o problema voltou a ocorrer e, apesar das provid\u00eancias tomadas para o conserto da VRP, o restabelecimento n\u00e3o ocorreu totalmente. Na tarde de segunda-feira (21\/2), um novo vazamento foi detectado e a previs\u00e3o \u00e9 que a fornecimento de \u00e1gua seja restabelecido at\u00e9 a madrugada de ter\u00e7a-feira (22\/2).<\/p>\n<p>Foi instalado um aparelho utilizado para medir a press\u00e3o na rede de \u00e1gua, durante 24 horas, pelo prazo de sete dias. O aparelho vai gerar um relat\u00f3rio que dar\u00e1 a exata situa\u00e7\u00e3o da press\u00e3o nas redes. O relat\u00f3rio ser\u00e1 analisado pelos t\u00e9cnicos da Sabesp.<\/p>\n<p><em>Fonte: ABCD Maior<\/em><\/p>\n\n<div style=\"font-size: 0px; height: 0px; line-height: 0px; margin: 0; padding: 0; clear: both;\"><\/div>","protected":false},"excerpt":{"rendered":"<p>Moradores do Jardim Betina, na cidade S\u00e3o Bernardo, est\u00e3o h\u00e1 quatro dias sem fornecimento de \u00e1gua. Apesar de j\u00e1 terem contatado a Sabesp (Companhia de Saneamento B\u00e1sico do Estado de S\u00e3o Paulo), at\u00e9 o fim da tarde desta segunda-feira (21\/2) a situa\u00e7\u00e3o n\u00e3o havia sido normalizada. De acordo com a moradora Regina L\u00facia Nogueira, no final de semana, os residentes de um condom\u00ednio do bairro tiveram de fazer um rateio para que caminh\u00f5es-pipa fornecessem \u00e1gua pot\u00e1vel ao local. \u201cN\u00e3o havia \u00e1gua nem para beber, quanto mais para as necessidades b\u00e1sicas, como higiene pessoal e lavar roupa\u201d, enfatizou. De acordo com <\/p>\n","protected":false},"author":1,"featured_media":0,"comment_status":"open","ping_status":"closed","sticky":false,"template":"","format":"standard","meta":{"footnotes":""},"categories":[6],"tags":[14],"class_list":["post-139","post","type-post","status-publish","format-standard","hentry","category-noticias-em-sao-bernardo","tag-sao-bernardo"],"aioseo_notices":[],"_links":{"self":[{"href":"https:\/\/www.encontrasaobernardo.com.br\/sobre\/wp-json\/wp\/v2\/posts\/139","targetHints":{"allow":["GET"]}}],"collection":[{"href":"https:\/\/www.encontrasaobernardo.com.br\/sobre\/wp-json\/wp\/v2\/posts"}],"about":[{"href":"https:\/\/www.encontrasaobernardo.com.br\/sobre\/wp-json\/wp\/v2\/types\/post"}],"author":[{"embeddable":true,"href":"https:\/\/www.encontrasaobernardo.com.br\/sobre\/wp-json\/wp\/v2\/users\/1"}],"replies":[{"embeddable":true,"href":"https:\/\/www.encontrasaobernardo.com.br\/sobre\/wp-json\/wp\/v2\/comments?post=139"}],"version-history":[{"count":0,"href":"https:\/\/www.encontrasaobernardo.com.br\/sobre\/wp-json\/wp\/v2\/posts\/139\/revisions"}],"wp:attachment":[{"href":"https:\/\/www.encontrasaobernardo.com.br\/sobre\/wp-json\/wp\/v2\/media?parent=139"}],"wp:term":[{"taxonomy":"category","embeddable":true,"href":"https:\/\/www.encontrasaobernardo.com.br\/sobre\/wp-json\/wp\/v2\/categories?post=139"},{"taxonomy":"post_tag","embeddable":true,"href":"https:\/\/www.encontrasaobernardo.com.br\/sobre\/wp-json\/wp\/v2\/tags?post=139"}],"curies":[{"name":"wp","href":"https:\/\/api.w.org\/{rel}","templated":true}]}}